{"id":24900,"date":"2018-03-09T09:16:03","date_gmt":"2018-03-09T09:16:03","guid":{"rendered":"https:\/\/www.deberes.net\/tesis\/sin-categoria\/programa-de-intervencion-asistido-por-animales-en-ninos-con-problemas-de-autoestima-y-ajuste-social\/"},"modified":"2018-03-09T09:16:03","modified_gmt":"2018-03-09T09:16:03","slug":"programa-de-intervencion-asistido-por-animales-en-ninos-con-problemas-de-autoestima-y-ajuste-social","status":"publish","type":"post","link":"https:\/\/www.deberes.net\/tesis\/sin-categoria\/programa-de-intervencion-asistido-por-animales-en-ninos-con-problemas-de-autoestima-y-ajuste-social\/","title":{"rendered":"Programa de intervenci\u00f3n asistido por animales en ni\u00f1os con problemas de autoestima y ajuste social"},"content":{"rendered":"<h2>Tesis doctoral de <strong> Eva Garc\u00eda N\u00fa\u00f1ez <\/strong><\/h2>\n<p>La tesis presentada aborda el tema de la terapia asistida por animales, teniendo en cuenta la influencia que \u00e9stos tienen sobre la percepci\u00f3n social delos dem\u00e1s y el papel que desempe\u00f1an como agentes socializadores, as\u00ed como su funci\u00f3n en la evaluaci\u00f3n psicol\u00f3gica infantil, al observar la interacci\u00f3n del ni\u00f1o con el animal.  la tesis consta de dos partes fundamentales, por un lado el marco te\u00f3rico de referencia, para poder tener una perspectiva m\u00e1s integrada del papel que desempe\u00f1an los animales dentro del panorama de la terapia, y por otro, una investigaci\u00f3n realizada a partir de un programa de intervenci\u00f3n terap\u00e9utica, fundamentado sobre las premisas de los efectos que causa la interacci\u00f3n con los animales y, en este caso, con ni\u00f1os con fuerte desajuste social y problemas de autoestima.  dentro del marco te\u00f3rico, se ha considerado adecuado el abarcar los aspectos fundamentales que reflejan los beneficios de esta relaci\u00f3n, as\u00ed como los fundamentos sobre los que se sustenta. El primera cap\u00edtulo aborda el tema del v\u00ednculo hombre-animal, centr\u00e1ndose tanto en el evoluci\u00f3n etol\u00f3gica del v\u00ednculo como en los beneficios que aporta y las perspectivas te\u00f3rica que los explican.  en el cap\u00edtulo sengudo, se trata el tema de la relaci\u00f3n que establecen los ni\u00f1os con los animales de compa\u00f1\u00eda, fundament\u00e1ndolo en varios puntos principales como son: los animales en el espacio comunicativo del ni\u00f1o, el rol que desempe\u00f1an los animales como generadores de apoyo, su papel dentrol del n\u00facleo familiar y las repercusiones asociadas al mismo, lo que ocurre cuando termina esa relaci\u00f3n, bien sea por causas naturales o por otras cirunstancias que truncan ese v\u00ednculo afectivo, el problema de los ni\u00f1os con miedo a los animales y, las aplicaciones pedag\u00f3gicas del animal en el \u00e1mbito escolar.  en el cap\u00edtulo tercero se matiza el tema de la terapia asistida por animales, referido tanto a la din\u00e1mica de este tipo de terapia,<\/p>\n<p>&nbsp;<\/p>\n<h3>Datos acad\u00e9micos de la tesis doctoral \u00ab<strong>Programa de intervenci\u00f3n asistido por animales en ni\u00f1os con problemas de autoestima y ajuste social<\/strong>\u00ab<\/h3>\n<ul>\n<li><strong>T\u00edtulo de la tesis:<\/strong>\u00a0 Programa de intervenci\u00f3n asistido por animales en ni\u00f1os con problemas de autoestima y ajuste social <\/li>\n<li><strong>Autor:<\/strong>\u00a0 Eva Garc\u00eda N\u00fa\u00f1ez <\/li>\n<li><strong>Universidad:<\/strong>\u00a0 Universitat de val\u00e9ncia (estudi general)<\/li>\n<li><strong>Fecha de lectura de la tesis:<\/strong>\u00a0 18\/07\/2003<\/li>\n<\/ul>\n<p>&nbsp;<\/p>\n<h3>Direcci\u00f3n y tribunal<\/h3>\n<ul>\n<li><strong>Director de la tesis<\/strong>\n<ul>\n<li>Gonzalo Musitu Ochoa<\/li>\n<\/ul>\n<\/li>\n<li><strong>Tribunal<\/strong>\n<ul>\n<li>Presidente del tribunal: Jos\u00e9 Mar\u00eda Roman sanchez <\/li>\n<li>isabel Balaguer sol\u00e1 (vocal)<\/li>\n<li> Garc\u00eda bacete Francisco Juan (vocal)<\/li>\n<li>Jos\u00e9 Fernando Garc\u00eda p\u00e9rez (vocal)<\/li>\n<\/ul>\n<\/li>\n<\/ul>\n<p>&nbsp;<\/p>\n","protected":false},"excerpt":{"rendered":"<p>Tesis doctoral de Eva Garc\u00eda N\u00fa\u00f1ez La tesis presentada aborda el tema de la terapia asistida por animales, teniendo en [&hellip;]<\/p>\n","protected":false},"author":1,"featured_media":0,"comment_status":"open","ping_status":"open","sticky":false,"template":"","format":"standard","meta":{"site-sidebar-layout":"default","site-content-layout":"","ast-site-content-layout":"","site-content-style":"default","site-sidebar-style":"default","ast-global-header-display":"","ast-banner-title-visibility":"","ast-main-header-display":"","ast-hfb-above-header-display":"","ast-hfb-below-header-display":"","ast-hfb-mobile-header-display":"","site-post-title":"","ast-breadcrumbs-content":"","ast-featured-img":"","footer-sml-layout":"","theme-transparent-header-meta":"","adv-header-id-meta":"","stick-header-meta":"","header-above-stick-meta":"","header-main-stick-meta":"","header-below-stick-meta":"","astra-migrate-meta-layouts":"default","ast-page-background-enabled":"default","ast-page-background-meta":{"desktop":{"background-color":"var(--ast-global-color-4)","background-image":"","background-repeat":"repeat","background-position":"center center","background-size":"auto","background-attachment":"scroll","background-type":"","background-media":"","overlay-type":"","overlay-color":"","overlay-gradient":""},"tablet":{"background-color":"","background-image":"","background-repeat":"repeat","background-position":"center center","background-size":"auto","background-attachment":"scroll","background-type":"","background-media":"","overlay-type":"","overlay-color":"","overlay-gradient":""},"mobile":{"background-color":"","background-image":"","background-repeat":"repeat","background-position":"center center","background-size":"auto","background-attachment":"scroll","background-type":"","background-media":"","overlay-type":"","overlay-color":"","overlay-gradient":""}},"ast-content-background-meta":{"desktop":{"background-color":"var(--ast-global-color-5)","background-image":"","background-repeat":"repeat","background-position":"center center","background-size":"auto","background-attachment":"scroll","background-type":"","background-media":"","overlay-type":"","overlay-color":"","overlay-gradient":""},"tablet":{"background-color":"var(--ast-global-color-5)","background-image":"","background-repeat":"repeat","background-position":"center center","background-size":"auto","background-attachment":"scroll","background-type":"","background-media":"","overlay-type":"","overlay-color":"","overlay-gradient":""},"mobile":{"background-color":"var(--ast-global-color-5)","background-image":"","background-repeat":"repeat","background-position":"center center","background-size":"auto","background-attachment":"scroll","background-type":"","background-media":"","overlay-type":"","overlay-color":"","overlay-gradient":""}},"footnotes":""},"categories":[1],"tags":[72882,58118,11387,11443,72883,5139],"class_list":["post-24900","post","type-post","status-publish","format-standard","hentry","category-sin-categoria","tag-eva-garcia-nunez","tag-garcia-bacete-francisco-juan","tag-gonzalo-musitu-ochoa","tag-isabel-balaguer-sola","tag-jose-fernando-garcia-perez","tag-jose-maria-roman-sanchez"],"_links":{"self":[{"href":"https:\/\/www.deberes.net\/tesis\/wp-json\/wp\/v2\/posts\/24900","targetHints":{"allow":["GET"]}}],"collection":[{"href":"https:\/\/www.deberes.net\/tesis\/wp-json\/wp\/v2\/posts"}],"about":[{"href":"https:\/\/www.deberes.net\/tesis\/wp-json\/wp\/v2\/types\/post"}],"author":[{"embeddable":true,"href":"https:\/\/www.deberes.net\/tesis\/wp-json\/wp\/v2\/users\/1"}],"replies":[{"embeddable":true,"href":"https:\/\/www.deberes.net\/tesis\/wp-json\/wp\/v2\/comments?post=24900"}],"version-history":[{"count":0,"href":"https:\/\/www.deberes.net\/tesis\/wp-json\/wp\/v2\/posts\/24900\/revisions"}],"wp:attachment":[{"href":"https:\/\/www.deberes.net\/tesis\/wp-json\/wp\/v2\/media?parent=24900"}],"wp:term":[{"taxonomy":"category","embeddable":true,"href":"https:\/\/www.deberes.net\/tesis\/wp-json\/wp\/v2\/categories?post=24900"},{"taxonomy":"post_tag","embeddable":true,"href":"https:\/\/www.deberes.net\/tesis\/wp-json\/wp\/v2\/tags?post=24900"}],"curies":[{"name":"wp","href":"https:\/\/api.w.org\/{rel}","templated":true}]}}