{"id":24956,"date":"2018-03-09T09:16:09","date_gmt":"2018-03-09T09:16:09","guid":{"rendered":"https:\/\/www.deberes.net\/tesis\/sin-categoria\/el-capital-intelectual-en-el-mercado-de-capitales-espanol-la-divulgacion-en-canales-privados-y-el-reflejo-en-los-informes-de-analistas-financieros\/"},"modified":"2018-03-09T09:16:09","modified_gmt":"2018-03-09T09:16:09","slug":"el-capital-intelectual-en-el-mercado-de-capitales-espanol-la-divulgacion-en-canales-privados-y-el-reflejo-en-los-informes-de-analistas-financieros","status":"publish","type":"post","link":"https:\/\/www.deberes.net\/tesis\/murcia\/el-capital-intelectual-en-el-mercado-de-capitales-espanol-la-divulgacion-en-canales-privados-y-el-reflejo-en-los-informes-de-analistas-financieros\/","title":{"rendered":"El capital intelectual en el mercado de capitales espa\u00f1ol; la divulgaci\u00f3n en canales privados y el reflejo en los informes de analistas financieros"},"content":{"rendered":"<h2>Tesis doctoral de <strong> Emma Garc\u00eda Meca <\/strong><\/h2>\n<p>Esta tesis pretende evidenciar el papel de la informaci\u00f3n sobre capital intelectual en los mercados de capitales, tanto desde la perspectiva de la estrategia divulgativa de las compa\u00f1\u00edas cotizadas como desde el punto de vista de su empleo en el proceso de an\u00e1lisis fundamental.  la justificaci\u00f3n de este estudio estriba en la d\u00e9bil asociaci\u00f3n entre los precios de los t\u00edtulos y los valores contables tradicionalmente considerados como justificativos del valor de las empresas &#8211; resultados y patrimonio neto &#8211; la informaci\u00f3n contable, con limitado poder previsional, est\u00e1 dirigida a multitud de usuarios, valorada a coste hist\u00f3rico y apoyada en el pasado de la empresa, por lo que no puede explicar por s\u00ed sola el valor de la compa\u00f1\u00eda. Existen otras fuentes de informaci\u00f3n, no incluidas en los estados financieros tradicionales sino en el entorno estrat\u00e9gico y operativo de la empresa, representativas de la creaci\u00f3n de valor y que permiten establecer predicciones sobre futuros beneficios y cash flows.  esta informaci\u00f3n ha sido recientemente identificada bajo el nombre de activos intangibles o capital intelectual, definido por edvisson y malone (1997) como la medida o evaluaci\u00f3n de los activos basados en el conocimiento y no reflejados en sus cuentas anuales, que recoge informaci\u00f3n complementaria, representativa de la mayor parte de la distancia existente entre los valores que las empresas declaran en sus balances de situaci\u00f3n y la estimaci\u00f3n que los inversores hacen de dichos valores.  en esta \u00e9poca, en la que existe una creciente preocupaci\u00f3n por la idoneidad de los sistemas contables tradicionales, los estudios de relevancia valorativa (lev y sougiannis, 1996; amir y lev, 1996; ittner y larcker, 1998; bnaker et al., 2000) han aportado evidencia emp\u00edrica sobre la significatividad de la informaic\u00f3n sobre intangibles para la valoraci\u00f3n de la empresa, se\u00f1alando la necesidad de tomarla en consideraci\u00f3n en las decisiones de in<\/p>\n<p>&nbsp;<\/p>\n<h3>Datos acad\u00e9micos de la tesis doctoral \u00ab<strong>El capital intelectual en el mercado de capitales espa\u00f1ol; la divulgaci\u00f3n en canales privados y el reflejo en los informes de analistas financieros<\/strong>\u00ab<\/h3>\n<ul>\n<li><strong>T\u00edtulo de la tesis:<\/strong>\u00a0 El capital intelectual en el mercado de capitales espa\u00f1ol; la divulgaci\u00f3n en canales privados y el reflejo en los informes de analistas financieros <\/li>\n<li><strong>Autor:<\/strong>\u00a0 Emma Garc\u00eda Meca <\/li>\n<li><strong>Universidad:<\/strong>\u00a0 Murcia<\/li>\n<li><strong>Fecha de lectura de la tesis:<\/strong>\u00a0 21\/07\/2003<\/li>\n<\/ul>\n<p>&nbsp;<\/p>\n<h3>Direcci\u00f3n y tribunal<\/h3>\n<ul>\n<li><strong>Director de la tesis<\/strong>\n<ul>\n<li>Isabel Martinez Conesa<\/li>\n<\/ul>\n<\/li>\n<li><strong>Tribunal<\/strong>\n<ul>\n<li>Presidente del tribunal: leandro Ca\u00f1ibao calvo <\/li>\n<li>pedro Luengo   mulet (vocal)<\/li>\n<li>nikolaj Bukh per (vocal)<\/li>\n<li>joaquin Aranda gallego (vocal)<\/li>\n<\/ul>\n<\/li>\n<\/ul>\n<p>&nbsp;<\/p>\n","protected":false},"excerpt":{"rendered":"<p>Tesis doctoral de Emma Garc\u00eda Meca Esta tesis pretende evidenciar el papel de la informaci\u00f3n sobre capital intelectual en los [&hellip;]<\/p>\n","protected":false},"author":1,"featured_media":0,"comment_status":"open","ping_status":"open","sticky":false,"template":"","format":"standard","meta":{"site-sidebar-layout":"default","site-content-layout":"","ast-site-content-layout":"","site-content-style":"default","site-sidebar-style":"default","ast-global-header-display":"","ast-banner-title-visibility":"","ast-main-header-display":"","ast-hfb-above-header-display":"","ast-hfb-below-header-display":"","ast-hfb-mobile-header-display":"","site-post-title":"","ast-breadcrumbs-content":"","ast-featured-img":"","footer-sml-layout":"","theme-transparent-header-meta":"","adv-header-id-meta":"","stick-header-meta":"","header-above-stick-meta":"","header-main-stick-meta":"","header-below-stick-meta":"","astra-migrate-meta-layouts":"default","ast-page-background-enabled":"default","ast-page-background-meta":{"desktop":{"background-color":"var(--ast-global-color-4)","background-image":"","background-repeat":"repeat","background-position":"center center","background-size":"auto","background-attachment":"scroll","background-type":"","background-media":"","overlay-type":"","overlay-color":"","overlay-gradient":""},"tablet":{"background-color":"","background-image":"","background-repeat":"repeat","background-position":"center center","background-size":"auto","background-attachment":"scroll","background-type":"","background-media":"","overlay-type":"","overlay-color":"","overlay-gradient":""},"mobile":{"background-color":"","background-image":"","background-repeat":"repeat","background-position":"center center","background-size":"auto","background-attachment":"scroll","background-type":"","background-media":"","overlay-type":"","overlay-color":"","overlay-gradient":""}},"ast-content-background-meta":{"desktop":{"background-color":"var(--ast-global-color-5)","background-image":"","background-repeat":"repeat","background-position":"center center","background-size":"auto","background-attachment":"scroll","background-type":"","background-media":"","overlay-type":"","overlay-color":"","overlay-gradient":""},"tablet":{"background-color":"var(--ast-global-color-5)","background-image":"","background-repeat":"repeat","background-position":"center center","background-size":"auto","background-attachment":"scroll","background-type":"","background-media":"","overlay-type":"","overlay-color":"","overlay-gradient":""},"mobile":{"background-color":"var(--ast-global-color-5)","background-image":"","background-repeat":"repeat","background-position":"center center","background-size":"auto","background-attachment":"scroll","background-type":"","background-media":"","overlay-type":"","overlay-color":"","overlay-gradient":""}},"footnotes":""},"categories":[8235],"tags":[73007,41658,8774,73008,73009,5837],"class_list":["post-24956","post","type-post","status-publish","format-standard","hentry","category-murcia","tag-emma-garcia-meca","tag-isabel-Martinez-conesa","tag-joaquin-aranda-gallego","tag-leandro-canibao-calvo","tag-nikolaj-bukh-per","tag-pedro-luengo-mulet"],"_links":{"self":[{"href":"https:\/\/www.deberes.net\/tesis\/wp-json\/wp\/v2\/posts\/24956","targetHints":{"allow":["GET"]}}],"collection":[{"href":"https:\/\/www.deberes.net\/tesis\/wp-json\/wp\/v2\/posts"}],"about":[{"href":"https:\/\/www.deberes.net\/tesis\/wp-json\/wp\/v2\/types\/post"}],"author":[{"embeddable":true,"href":"https:\/\/www.deberes.net\/tesis\/wp-json\/wp\/v2\/users\/1"}],"replies":[{"embeddable":true,"href":"https:\/\/www.deberes.net\/tesis\/wp-json\/wp\/v2\/comments?post=24956"}],"version-history":[{"count":0,"href":"https:\/\/www.deberes.net\/tesis\/wp-json\/wp\/v2\/posts\/24956\/revisions"}],"wp:attachment":[{"href":"https:\/\/www.deberes.net\/tesis\/wp-json\/wp\/v2\/media?parent=24956"}],"wp:term":[{"taxonomy":"category","embeddable":true,"href":"https:\/\/www.deberes.net\/tesis\/wp-json\/wp\/v2\/categories?post=24956"},{"taxonomy":"post_tag","embeddable":true,"href":"https:\/\/www.deberes.net\/tesis\/wp-json\/wp\/v2\/tags?post=24956"}],"curies":[{"name":"wp","href":"https:\/\/api.w.org\/{rel}","templated":true}]}}