{"id":24965,"date":"2018-03-09T09:16:09","date_gmt":"2018-03-09T09:16:09","guid":{"rendered":"https:\/\/www.deberes.net\/tesis\/sin-categoria\/el-pintor-stolz-viciano\/"},"modified":"2018-03-09T09:16:09","modified_gmt":"2018-03-09T09:16:09","slug":"el-pintor-stolz-viciano","status":"publish","type":"post","link":"https:\/\/www.deberes.net\/tesis\/sin-categoria\/el-pintor-stolz-viciano\/","title":{"rendered":"El pintor stolz viciano"},"content":{"rendered":"<h2>Tesis doctoral de <strong>  Enjuto Castellanos M. Esther <\/strong><\/h2>\n<p>Ram\u00f3n stolz viciano (Valencia 1903-1958) es el autor de una obra pict\u00f3rica extraordinaria tanto en calidad como en cantidad y muy poco conocida por la pr\u00e1ctica ausencia de bibliograf\u00eda sobre el tema y la escas\u00edsimas exposiciones sobre su obra. Fue un pintor de formaci\u00f3n t\u00e9cnica excepcional, un pintor de oficio  que se esforz\u00f3 por inculcar a sus alumnos de la escuela de bellas artes de san fernando -en la que ejerci\u00f3 su labor docente desde 1932 hasta su muerte- la necesidad de aprender la t\u00e9cnica, de manejar el oficio como \u00fanico medio de expresi\u00f3n propio del pintor. Especializado en la t\u00e9cnica del fresco, en pr\u00e1ctico desuso desde el siglo xviii, desde que en 1940 restaurara todas las b\u00f3vedas en esta t\u00e9cnica del pilar zaragozano se vio ya para siempre y constantemente absorbido por estos colosales encargos, entre los que destacan la iglesia del csic en Madrid y la gran b\u00f3veda del monumento a los ca\u00eddos en pamplona.  fue igualmente un dibujante excepcional. La maestr\u00eda y autoridad que reflejan sus cientos (probablmente miles) de dibujos le facilitaron la ejecuci\u00f3n de m\u00e1s de 5000 metros cuadrados de pintura al fresco y cientos de lienzos (retratos, de tema constumbrista, hist\u00f3rico o mitol\u00f3gico) en los que destacan sus sensuales desnudos femeninos o sus elegantes y alegres Valencianas.  para esta tesis se ha elaborado un cat\u00e1logo razonado con m\u00e1s de 400 \u00f3leos y dibujos y su obra mural completa.<\/p>\n<p>&nbsp;<\/p>\n<h3>Datos acad\u00e9micos de la tesis doctoral \u00ab<strong>El pintor stolz viciano<\/strong>\u00ab<\/h3>\n<ul>\n<li><strong>T\u00edtulo de la tesis:<\/strong>\u00a0 El pintor stolz viciano <\/li>\n<li><strong>Autor:<\/strong>\u00a0  Enjuto Castellanos M. Esther <\/li>\n<li><strong>Universidad:<\/strong>\u00a0 Universitat de val\u00e9ncia (estudi general)<\/li>\n<li><strong>Fecha de lectura de la tesis:<\/strong>\u00a0 21\/07\/2003<\/li>\n<\/ul>\n<p>&nbsp;<\/p>\n<h3>Direcci\u00f3n y tribunal<\/h3>\n<ul>\n<li><strong>Director de la tesis<\/strong>\n<ul>\n<li>Javier P\u00e9rez Rojas<\/li>\n<\/ul>\n<\/li>\n<li><strong>Tribunal<\/strong>\n<ul>\n<li>Presidente del tribunal:  Plaza Santiago Francisco Javierde la <\/li>\n<li>alfonso Pleguezuelo hern\u00e1ndez (vocal)<\/li>\n<li>cristobal Belda navarro (vocal)<\/li>\n<li>Javier Baron tahidigsamann (vocal)<\/li>\n<\/ul>\n<\/li>\n<\/ul>\n<p>&nbsp;<\/p>\n","protected":false},"excerpt":{"rendered":"<p>Tesis doctoral de Enjuto Castellanos M. Esther Ram\u00f3n stolz viciano (Valencia 1903-1958) es el autor de una obra pict\u00f3rica extraordinaria [&hellip;]<\/p>\n","protected":false},"author":1,"featured_media":0,"comment_status":"open","ping_status":"open","sticky":false,"template":"","format":"standard","meta":{"site-sidebar-layout":"default","site-content-layout":"","ast-site-content-layout":"","site-content-style":"default","site-sidebar-style":"default","ast-global-header-display":"","ast-banner-title-visibility":"","ast-main-header-display":"","ast-hfb-above-header-display":"","ast-hfb-below-header-display":"","ast-hfb-mobile-header-display":"","site-post-title":"","ast-breadcrumbs-content":"","ast-featured-img":"","footer-sml-layout":"","theme-transparent-header-meta":"","adv-header-id-meta":"","stick-header-meta":"","header-above-stick-meta":"","header-main-stick-meta":"","header-below-stick-meta":"","astra-migrate-meta-layouts":"default","ast-page-background-enabled":"default","ast-page-background-meta":{"desktop":{"background-color":"var(--ast-global-color-4)","background-image":"","background-repeat":"repeat","background-position":"center center","background-size":"auto","background-attachment":"scroll","background-type":"","background-media":"","overlay-type":"","overlay-color":"","overlay-gradient":""},"tablet":{"background-color":"","background-image":"","background-repeat":"repeat","background-position":"center center","background-size":"auto","background-attachment":"scroll","background-type":"","background-media":"","overlay-type":"","overlay-color":"","overlay-gradient":""},"mobile":{"background-color":"","background-image":"","background-repeat":"repeat","background-position":"center center","background-size":"auto","background-attachment":"scroll","background-type":"","background-media":"","overlay-type":"","overlay-color":"","overlay-gradient":""}},"ast-content-background-meta":{"desktop":{"background-color":"var(--ast-global-color-5)","background-image":"","background-repeat":"repeat","background-position":"center center","background-size":"auto","background-attachment":"scroll","background-type":"","background-media":"","overlay-type":"","overlay-color":"","overlay-gradient":""},"tablet":{"background-color":"var(--ast-global-color-5)","background-image":"","background-repeat":"repeat","background-position":"center center","background-size":"auto","background-attachment":"scroll","background-type":"","background-media":"","overlay-type":"","overlay-color":"","overlay-gradient":""},"mobile":{"background-color":"var(--ast-global-color-5)","background-image":"","background-repeat":"repeat","background-position":"center center","background-size":"auto","background-attachment":"scroll","background-type":"","background-media":"","overlay-type":"","overlay-color":"","overlay-gradient":""}},"footnotes":""},"categories":[1],"tags":[11315,4050,73031,73032,39984,43516],"class_list":["post-24965","post","type-post","status-publish","format-standard","hentry","category-sin-categoria","tag-alfonso-pleguezuelo-hernandez","tag-cristobal-belda-navarro","tag-enjuto-castellanos-m-esther","tag-javier-baron-tahidigsamann","tag-javier-perez-rojas","tag-plaza-santiago-francisco-javierde-la"],"_links":{"self":[{"href":"https:\/\/www.deberes.net\/tesis\/wp-json\/wp\/v2\/posts\/24965","targetHints":{"allow":["GET"]}}],"collection":[{"href":"https:\/\/www.deberes.net\/tesis\/wp-json\/wp\/v2\/posts"}],"about":[{"href":"https:\/\/www.deberes.net\/tesis\/wp-json\/wp\/v2\/types\/post"}],"author":[{"embeddable":true,"href":"https:\/\/www.deberes.net\/tesis\/wp-json\/wp\/v2\/users\/1"}],"replies":[{"embeddable":true,"href":"https:\/\/www.deberes.net\/tesis\/wp-json\/wp\/v2\/comments?post=24965"}],"version-history":[{"count":0,"href":"https:\/\/www.deberes.net\/tesis\/wp-json\/wp\/v2\/posts\/24965\/revisions"}],"wp:attachment":[{"href":"https:\/\/www.deberes.net\/tesis\/wp-json\/wp\/v2\/media?parent=24965"}],"wp:term":[{"taxonomy":"category","embeddable":true,"href":"https:\/\/www.deberes.net\/tesis\/wp-json\/wp\/v2\/categories?post=24965"},{"taxonomy":"post_tag","embeddable":true,"href":"https:\/\/www.deberes.net\/tesis\/wp-json\/wp\/v2\/tags?post=24965"}],"curies":[{"name":"wp","href":"https:\/\/api.w.org\/{rel}","templated":true}]}}