{"id":24967,"date":"2018-03-09T09:16:09","date_gmt":"2018-03-09T09:16:09","guid":{"rendered":"https:\/\/www.deberes.net\/tesis\/sin-categoria\/estudi-de-les-reaccions-adverses-a-medicaments-en-la-seccio-de-cartes-al-director-de-quatre-revistes-mediques-espanyoles\/"},"modified":"2018-03-09T09:16:09","modified_gmt":"2018-03-09T09:16:09","slug":"estudi-de-les-reaccions-adverses-a-medicaments-en-la-seccio-de-cartes-al-director-de-quatre-revistes-mediques-espanyoles","status":"publish","type":"post","link":"https:\/\/www.deberes.net\/tesis\/sin-categoria\/estudi-de-les-reaccions-adverses-a-medicaments-en-la-seccio-de-cartes-al-director-de-quatre-revistes-mediques-espanyoles\/","title":{"rendered":"Estudi de les reaccions adverses a medicaments en la secci\u00f3 de cartes al director de quatre revistes m\u00e9diques espanyoles"},"content":{"rendered":"<h2>Tesis doctoral de <strong> Ermengol Sempere Verdu <\/strong><\/h2>\n<p>La publicaci\u00f3n de reacciones adversas a medicamentos (ram) en la secci\u00f3n de cartas al director (cd) de las revistas m\u00e9dicas, a pesar de la cr\u00edtica general al escaso nivel de evidencia de la publicaci\u00f3n de casos aislados, ha tenido y sigue teniendo una gran importancia como m\u00e9todo de farmacovigilancia. sin embargo, la publicaci\u00f3n de casos que no cumplan un m\u00ednimo de calidad puede llevar a la generaci\u00f3n de falsas alarmas.  Con la finalidad de asegurar su calidad, desde hace a\u00f1os existen una serie de recomendaciones sobre los criterios m\u00ednimos que estas comunicaciones deben incluir. Por otra parte, una elevada calidad documental, no es sin\u00f3nimo de relevancia o trascendencia de las publicaciones. Aunque existen estudios previos que indican que la calidad de las publicaciones de ram en las revistas m\u00e9dicas espa\u00f1olas ha mejorado en los \u00faltimos a\u00f1os, no existe informaci\u00f3n sobre las caracter\u00edsticas de las reacciones publicadas, su relaci\u00f3n de casualidad, ni sobre su relevancia. por otra parte, tampoco existen estudios que comparen la publicaci\u00f3n de ram en las revistas espa\u00f1olas con las publicadas en las revistas de gran impacto internacional.  en el presente estudio se pretende conocer: el volumen, las caracter\u00edsticas de las reacciones, la calidad documental (o conjunto m\u00ednimo de criterios que incluyen las publicaciones) y la relaci\u00f3n de causalidad de la comunicaci\u00f3n de ram en la secci\u00f3n de cartas al director de cuatro revistas espa\u00f1olas de medicina interna y medicina general (medicina cl\u00ednica, revista cl\u00ednica espa\u00f1ola, atenci\u00f3n primaria y anales de medicina interna) durante un per\u00edodo de cinco a\u00f1os (1994-1998). Adem\u00e1s, basado en una propuesta modificada de rhb meyboom se ha dise\u00f1ado un algoritmo para aproximarse a la determinaci\u00f3n de la relevancia de las reacciones publicadas. Por \u00faltimo se ha realizado una comparaci\u00f3n de las publicaciones sobre ram de la revistas espa\u00f1olas con las cuatro revistas de medicin<\/p>\n<p>&nbsp;<\/p>\n<h3>Datos acad\u00e9micos de la tesis doctoral \u00ab<strong>Estudi de les reaccions adverses a medicaments en la secci\u00f3 de cartes al director de quatre revistes m\u00e9diques espanyoles<\/strong>\u00ab<\/h3>\n<ul>\n<li><strong>T\u00edtulo de la tesis:<\/strong>\u00a0 Estudi de les reaccions adverses a medicaments en la secci\u00f3 de cartes al director de quatre revistes m\u00e9diques espanyoles <\/li>\n<li><strong>Autor:<\/strong>\u00a0 Ermengol Sempere Verdu <\/li>\n<li><strong>Universidad:<\/strong>\u00a0 Universitat de val\u00e9ncia (estudi general)<\/li>\n<li><strong>Fecha de lectura de la tesis:<\/strong>\u00a0 21\/07\/2003<\/li>\n<\/ul>\n<p>&nbsp;<\/p>\n<h3>Direcci\u00f3n y tribunal<\/h3>\n<ul>\n<li><strong>Director de la tesis<\/strong>\n<ul>\n<li> Martinez M\u00edr M. Inocencia<\/li>\n<\/ul>\n<\/li>\n<li><strong>Tribunal<\/strong>\n<ul>\n<li>Presidente del tribunal: ram\u00f3n Palop baixauli <\/li>\n<li>dolors Capell? hereu (vocal)<\/li>\n<li>josep eladi Ba\u00f1os diez (vocal)<\/li>\n<li> Gil guillem vicente Francisco (vocal)<\/li>\n<\/ul>\n<\/li>\n<\/ul>\n<p>&nbsp;<\/p>\n","protected":false},"excerpt":{"rendered":"<p>Tesis doctoral de Ermengol Sempere Verdu La publicaci\u00f3n de reacciones adversas a medicamentos (ram) en la secci\u00f3n de cartas al [&hellip;]<\/p>\n","protected":false},"author":1,"featured_media":0,"comment_status":"open","ping_status":"open","sticky":false,"template":"","format":"standard","meta":{"site-sidebar-layout":"default","site-content-layout":"","ast-site-content-layout":"","site-content-style":"default","site-sidebar-style":"default","ast-global-header-display":"","ast-banner-title-visibility":"","ast-main-header-display":"","ast-hfb-above-header-display":"","ast-hfb-below-header-display":"","ast-hfb-mobile-header-display":"","site-post-title":"","ast-breadcrumbs-content":"","ast-featured-img":"","footer-sml-layout":"","theme-transparent-header-meta":"","adv-header-id-meta":"","stick-header-meta":"","header-above-stick-meta":"","header-main-stick-meta":"","header-below-stick-meta":"","astra-migrate-meta-layouts":"default","ast-page-background-enabled":"default","ast-page-background-meta":{"desktop":{"background-color":"var(--ast-global-color-4)","background-image":"","background-repeat":"repeat","background-position":"center center","background-size":"auto","background-attachment":"scroll","background-type":"","background-media":"","overlay-type":"","overlay-color":"","overlay-gradient":""},"tablet":{"background-color":"","background-image":"","background-repeat":"repeat","background-position":"center center","background-size":"auto","background-attachment":"scroll","background-type":"","background-media":"","overlay-type":"","overlay-color":"","overlay-gradient":""},"mobile":{"background-color":"","background-image":"","background-repeat":"repeat","background-position":"center center","background-size":"auto","background-attachment":"scroll","background-type":"","background-media":"","overlay-type":"","overlay-color":"","overlay-gradient":""}},"ast-content-background-meta":{"desktop":{"background-color":"var(--ast-global-color-5)","background-image":"","background-repeat":"repeat","background-position":"center center","background-size":"auto","background-attachment":"scroll","background-type":"","background-media":"","overlay-type":"","overlay-color":"","overlay-gradient":""},"tablet":{"background-color":"var(--ast-global-color-5)","background-image":"","background-repeat":"repeat","background-position":"center center","background-size":"auto","background-attachment":"scroll","background-type":"","background-media":"","overlay-type":"","overlay-color":"","overlay-gradient":""},"mobile":{"background-color":"var(--ast-global-color-5)","background-image":"","background-repeat":"repeat","background-position":"center center","background-size":"auto","background-attachment":"scroll","background-type":"","background-media":"","overlay-type":"","overlay-color":"","overlay-gradient":""}},"footnotes":""},"categories":[1],"tags":[73036,73034,73037,6259,73035,6985],"class_list":["post-24967","post","type-post","status-publish","format-standard","hentry","category-sin-categoria","tag-dolors-capell-hereu","tag-ermengol-sempere-verdu","tag-gil-guillem-vicente-francisco","tag-josep-eladi-banos-diez","tag-Martinez-mir-m-inocencia","tag-ramon-palop-baixauli"],"_links":{"self":[{"href":"https:\/\/www.deberes.net\/tesis\/wp-json\/wp\/v2\/posts\/24967","targetHints":{"allow":["GET"]}}],"collection":[{"href":"https:\/\/www.deberes.net\/tesis\/wp-json\/wp\/v2\/posts"}],"about":[{"href":"https:\/\/www.deberes.net\/tesis\/wp-json\/wp\/v2\/types\/post"}],"author":[{"embeddable":true,"href":"https:\/\/www.deberes.net\/tesis\/wp-json\/wp\/v2\/users\/1"}],"replies":[{"embeddable":true,"href":"https:\/\/www.deberes.net\/tesis\/wp-json\/wp\/v2\/comments?post=24967"}],"version-history":[{"count":0,"href":"https:\/\/www.deberes.net\/tesis\/wp-json\/wp\/v2\/posts\/24967\/revisions"}],"wp:attachment":[{"href":"https:\/\/www.deberes.net\/tesis\/wp-json\/wp\/v2\/media?parent=24967"}],"wp:term":[{"taxonomy":"category","embeddable":true,"href":"https:\/\/www.deberes.net\/tesis\/wp-json\/wp\/v2\/categories?post=24967"},{"taxonomy":"post_tag","embeddable":true,"href":"https:\/\/www.deberes.net\/tesis\/wp-json\/wp\/v2\/tags?post=24967"}],"curies":[{"name":"wp","href":"https:\/\/api.w.org\/{rel}","templated":true}]}}