{"id":24979,"date":"2018-03-09T09:16:10","date_gmt":"2018-03-09T09:16:10","guid":{"rendered":"https:\/\/www.deberes.net\/tesis\/sin-categoria\/estimacion-de-la-actividad-auricular-en-episodios-de-fibrilacion-auricular-mediante-separacion-ciega-de-fuentes\/"},"modified":"2018-03-09T09:16:10","modified_gmt":"2018-03-09T09:16:10","slug":"estimacion-de-la-actividad-auricular-en-episodios-de-fibrilacion-auricular-mediante-separacion-ciega-de-fuentes","status":"publish","type":"post","link":"https:\/\/www.deberes.net\/tesis\/politecnica-de-valencia\/estimacion-de-la-actividad-auricular-en-episodios-de-fibrilacion-auricular-mediante-separacion-ciega-de-fuentes\/","title":{"rendered":"Estimaci\u00f3n de la actividad auricular en episodios de fibrilaci\u00f3n auricular mediante separaci\u00f3n ciega de fuentes"},"content":{"rendered":"<h2>Tesis doctoral de <strong> Jos\u00e9 Joaquin Rieta Ib\u00e1\u00f1ez <\/strong><\/h2>\n<p>En esta tesis doctoral se plantea el problema de la estimaci\u00f3n de la actividad auricular, sobre registros electrocardiogr\u00e1ficos reales de pacientes con fibrilaci\u00f3n auricular persistente, desde una nueva perspectiva basada en las t\u00e9cnicas de separaci\u00f3n ciega de fuentes (bss) y se resuelve mediante el an\u00e1lisis de componentes independientes (ica), que es una herramienta de reciente aparici\u00f3n, basada en el an\u00e1lisis estad\u00edstico, capaz de realizar la reconstrucci\u00f3n de un conjunto de fuentes latentes o inobservables a partir del \u00fanico conocimiento de un conjunto de observaciones, generadas mediante un proceso de mezcla lineal e instant\u00e1nea, de las fuentes.  las hip\u00f3tesis clave se plantea y discuten te\u00f3ricamente mediante la definici\u00f3n de un modelo bioel\u00e9ctrico de la fibrilaci\u00f3n auricular, y se validan emp\u00edricamente por medio de la aplicaci\u00f3n de ica sobre un conjunto de registros de fibrilaci\u00f3n auricular. Se demuestra que los potenciales el\u00e9ctricos en la superficie del cuerpo, originados por las fuentes de actividad card\u00edaca, pueden contemplarse como un proceso de propagaci\u00f3n de banda estrecha, lineal e instant\u00e1neo. validando este modelo mediante la soluci\u00f3n matricial del problema electrocardiogr\u00e1fico directo, describiendo el cuerpo humano como un volumen conductor, en el que las corrientes y potenciales bioel\u00e9ctricos variables en el tiempo pueden considerarse bajo la aproximaci\u00f3n quasi-estacionaria.  adem\u00e1s, las actividades auriculares y ventricular, en un episodio de fibrilaci\u00f3n auricular, pueden contemplarse como fuentes bioel\u00e9ctricas desacopladas y, por tanto, estad\u00edsticamente indpendientes.  finalmente, la aplicabilidad del modelo basado en bss se completa mediante la observaci\u00f3n de que ambas actividades presentan distribuciones estad\u00edsticas no gaussianas.  la demostraci\u00f3n emp\u00edrica de este modelo bioel\u00e9ctrico se realiza mediante la aplicaci\u00f3n de un algoritmo de ica sobre un conjunto de registros de fib<\/p>\n<p>&nbsp;<\/p>\n<h3>Datos acad\u00e9micos de la tesis doctoral \u00ab<strong>Estimaci\u00f3n de la actividad auricular en episodios de fibrilaci\u00f3n auricular mediante separaci\u00f3n ciega de fuentes<\/strong>\u00ab<\/h3>\n<ul>\n<li><strong>T\u00edtulo de la tesis:<\/strong>\u00a0 Estimaci\u00f3n de la actividad auricular en episodios de fibrilaci\u00f3n auricular mediante separaci\u00f3n ciega de fuentes <\/li>\n<li><strong>Autor:<\/strong>\u00a0 Jos\u00e9 Joaquin Rieta Ib\u00e1\u00f1ez <\/li>\n<li><strong>Universidad:<\/strong>\u00a0 Polit\u00e9cnica de Valencia<\/li>\n<li><strong>Fecha de lectura de la tesis:<\/strong>\u00a0 21\/07\/2003<\/li>\n<\/ul>\n<p>&nbsp;<\/p>\n<h3>Direcci\u00f3n y tribunal<\/h3>\n<ul>\n<li><strong>Director de la tesis<\/strong>\n<ul>\n<li>Jos\u00e9 Millet Roig<\/li>\n<\/ul>\n<\/li>\n<li><strong>Tribunal<\/strong>\n<ul>\n<li>Presidente del tribunal: Antonio Mocholi salcedo <\/li>\n<li>vicente Zarzoso gasc\u00f3n-pelegr\u00ed (vocal)<\/li>\n<li>pablo Laguna lasaosa (vocal)<\/li>\n<li>roberto Garcia civera (vocal)<\/li>\n<\/ul>\n<\/li>\n<\/ul>\n<p>&nbsp;<\/p>\n","protected":false},"excerpt":{"rendered":"<p>Tesis doctoral de Jos\u00e9 Joaquin Rieta Ib\u00e1\u00f1ez En esta tesis doctoral se plantea el problema de la estimaci\u00f3n de la [&hellip;]<\/p>\n","protected":false},"author":1,"featured_media":0,"comment_status":"open","ping_status":"open","sticky":false,"template":"","format":"standard","meta":{"site-sidebar-layout":"default","site-content-layout":"","ast-site-content-layout":"","site-content-style":"default","site-sidebar-style":"default","ast-global-header-display":"","ast-banner-title-visibility":"","ast-main-header-display":"","ast-hfb-above-header-display":"","ast-hfb-below-header-display":"","ast-hfb-mobile-header-display":"","site-post-title":"","ast-breadcrumbs-content":"","ast-featured-img":"","footer-sml-layout":"","theme-transparent-header-meta":"","adv-header-id-meta":"","stick-header-meta":"","header-above-stick-meta":"","header-main-stick-meta":"","header-below-stick-meta":"","astra-migrate-meta-layouts":"default","ast-page-background-enabled":"default","ast-page-background-meta":{"desktop":{"background-color":"var(--ast-global-color-4)","background-image":"","background-repeat":"repeat","background-position":"center center","background-size":"auto","background-attachment":"scroll","background-type":"","background-media":"","overlay-type":"","overlay-color":"","overlay-gradient":""},"tablet":{"background-color":"","background-image":"","background-repeat":"repeat","background-position":"center center","background-size":"auto","background-attachment":"scroll","background-type":"","background-media":"","overlay-type":"","overlay-color":"","overlay-gradient":""},"mobile":{"background-color":"","background-image":"","background-repeat":"repeat","background-position":"center center","background-size":"auto","background-attachment":"scroll","background-type":"","background-media":"","overlay-type":"","overlay-color":"","overlay-gradient":""}},"ast-content-background-meta":{"desktop":{"background-color":"var(--ast-global-color-5)","background-image":"","background-repeat":"repeat","background-position":"center center","background-size":"auto","background-attachment":"scroll","background-type":"","background-media":"","overlay-type":"","overlay-color":"","overlay-gradient":""},"tablet":{"background-color":"var(--ast-global-color-5)","background-image":"","background-repeat":"repeat","background-position":"center center","background-size":"auto","background-attachment":"scroll","background-type":"","background-media":"","overlay-type":"","overlay-color":"","overlay-gradient":""},"mobile":{"background-color":"var(--ast-global-color-5)","background-image":"","background-repeat":"repeat","background-position":"center center","background-size":"auto","background-attachment":"scroll","background-type":"","background-media":"","overlay-type":"","overlay-color":"","overlay-gradient":""}},"footnotes":""},"categories":[16820],"tags":[44669,73067,47992,42598,11906,73068],"class_list":["post-24979","post","type-post","status-publish","format-standard","hentry","category-politecnica-de-valencia","tag-antonio-mocholi-salcedo","tag-jose-joaquin-rieta-ibanez","tag-jose-millet-roig","tag-pablo-laguna-lasaosa","tag-roberto-garcia-civera","tag-vicente-zarzoso-gascon-pelegri"],"_links":{"self":[{"href":"https:\/\/www.deberes.net\/tesis\/wp-json\/wp\/v2\/posts\/24979","targetHints":{"allow":["GET"]}}],"collection":[{"href":"https:\/\/www.deberes.net\/tesis\/wp-json\/wp\/v2\/posts"}],"about":[{"href":"https:\/\/www.deberes.net\/tesis\/wp-json\/wp\/v2\/types\/post"}],"author":[{"embeddable":true,"href":"https:\/\/www.deberes.net\/tesis\/wp-json\/wp\/v2\/users\/1"}],"replies":[{"embeddable":true,"href":"https:\/\/www.deberes.net\/tesis\/wp-json\/wp\/v2\/comments?post=24979"}],"version-history":[{"count":0,"href":"https:\/\/www.deberes.net\/tesis\/wp-json\/wp\/v2\/posts\/24979\/revisions"}],"wp:attachment":[{"href":"https:\/\/www.deberes.net\/tesis\/wp-json\/wp\/v2\/media?parent=24979"}],"wp:term":[{"taxonomy":"category","embeddable":true,"href":"https:\/\/www.deberes.net\/tesis\/wp-json\/wp\/v2\/categories?post=24979"},{"taxonomy":"post_tag","embeddable":true,"href":"https:\/\/www.deberes.net\/tesis\/wp-json\/wp\/v2\/tags?post=24979"}],"curies":[{"name":"wp","href":"https:\/\/api.w.org\/{rel}","templated":true}]}}