{"id":25018,"date":"2018-03-09T09:16:14","date_gmt":"2018-03-09T09:16:14","guid":{"rendered":"https:\/\/www.deberes.net\/tesis\/sin-categoria\/secuencia-en-el-uso-de-drogas-factores-de-riesgo-y-proteccion-en-el-consumo-de-cannabis-en-universitarios\/"},"modified":"2018-03-09T09:16:14","modified_gmt":"2018-03-09T09:16:14","slug":"secuencia-en-el-uso-de-drogas-factores-de-riesgo-y-proteccion-en-el-consumo-de-cannabis-en-universitarios","status":"publish","type":"post","link":"https:\/\/www.deberes.net\/tesis\/sin-categoria\/secuencia-en-el-uso-de-drogas-factores-de-riesgo-y-proteccion-en-el-consumo-de-cannabis-en-universitarios\/","title":{"rendered":"Secuencia en el uso de drogas. factores de riesgo y protecci\u00f3n en el consumo de cannabis en universitarios"},"content":{"rendered":"<h2>Tesis doctoral de <strong> Cristina Vargas Pecino <\/strong><\/h2>\n<p>La droga ilegal m\u00e1s consumida en espa\u00f1a es el cannabis. Adem\u00e1s no parece que vaya a producirse un cambio significativo en la reducci\u00f3n de uso, sino m\u00e1s bien lo contrario, ya que los \u00edndices de consumo siguen increment\u00e1ndose. sin embargo, los modelos explicativos sobre el consumo de drogas ilegales son escasos. Nuestro estudio pretende paliar este d\u00e9ficit.  exite la necesidad de un conocimiento m\u00e1s exhaustivo de los factores psicosocilaes y de los procesos que facilitan i impiden el inicio y desarrollo del consumo de esta droga ilegal para la elaboraci\u00f3n de programas preventivos.  evaluamos los factores de protecci\u00f3n y riesgo asociados al consumo de cannabis utilizando como muestra a los alumnos de la facultade de psicolog\u00eda de la universidad de granada.  encontramos que el 42% de la poblaci\u00f3n estudiada ha consumido cannabis. los estudiantes que se inician en el uso de cannabis sulen ser de g\u00e9nero masculino, no tienen pareja estable, trabajan espor\u00e1dicamente, sus padres no conviven juntos y tienen modelos pr\u00f3ximos (padres, hermanos y amigos) que consumen distintas drogas, donde hermanos y amigos ejercen una mayor influencia.  los resultados obtenidos pueden explicarse de acuerdo a la teor\u00eda de la \u00abhip\u00f3tesis de la puerta\u00bb (kandel, 2003; kandel y jessor, 2002), ya que descubrimos, con una muestra espa\u00f1ola, una secuencia de consumo. Los estudiante se inician en el uso de alcohol, seguidamente de tabaco y, despu\u00e9s de consumir estas drogas legales, comienzan con el uso de sustancias pertenecientes a fases m\u00e1s tempranas en la secuencia incrementa el riesgo de consumir drogas posteriores en la cadena. Pese a ello, la confirmaci\u00f3n en el desarrollo de estas etapas no implica que las fases sean obligatorias o univesales, ni que todas las personas progresen en la secuencia (kandel, 2002).  por ello, en este trabajo investigamos tambi\u00e9n la relaci\u00f3n que otras variables, como las protectoras, el estr\u00e9s percibido o el afronta<\/p>\n<p>&nbsp;<\/p>\n<h3>Datos acad\u00e9micos de la tesis doctoral \u00ab<strong>Secuencia en el uso de drogas. factores de riesgo y protecci\u00f3n en el consumo de cannabis en universitarios<\/strong>\u00ab<\/h3>\n<ul>\n<li><strong>T\u00edtulo de la tesis:<\/strong>\u00a0 Secuencia en el uso de drogas. factores de riesgo y protecci\u00f3n en el consumo de cannabis en universitarios <\/li>\n<li><strong>Autor:<\/strong>\u00a0 Cristina Vargas Pecino <\/li>\n<li><strong>Universidad:<\/strong>\u00a0 Granada<\/li>\n<li><strong>Fecha de lectura de la tesis:<\/strong>\u00a0 23\/07\/2003<\/li>\n<\/ul>\n<p>&nbsp;<\/p>\n<h3>Direcci\u00f3n y tribunal<\/h3>\n<ul>\n<li><strong>Director de la tesis<\/strong>\n<ul>\n<li>Humberto Trujillo Mendoza<\/li>\n<\/ul>\n<\/li>\n<li><strong>Tribunal<\/strong>\n<ul>\n<li>Presidente del tribunal: rosario Martinez arias <\/li>\n<li>gualberto Buela casal (vocal)<\/li>\n<li> Carrasco jim\u00e9nez tom\u00e1s Jes\u00fas (vocal)<\/li>\n<li>Manuel Miguel Ramos \u00e1lvarez (vocal)<\/li>\n<\/ul>\n<\/li>\n<\/ul>\n<p>&nbsp;<\/p>\n","protected":false},"excerpt":{"rendered":"<p>Tesis doctoral de Cristina Vargas Pecino La droga ilegal m\u00e1s consumida en espa\u00f1a es el cannabis. Adem\u00e1s no parece que [&hellip;]<\/p>\n","protected":false},"author":1,"featured_media":0,"comment_status":"open","ping_status":"open","sticky":false,"template":"","format":"standard","meta":{"site-sidebar-layout":"default","site-content-layout":"","ast-site-content-layout":"","site-content-style":"default","site-sidebar-style":"default","ast-global-header-display":"","ast-banner-title-visibility":"","ast-main-header-display":"","ast-hfb-above-header-display":"","ast-hfb-below-header-display":"","ast-hfb-mobile-header-display":"","site-post-title":"","ast-breadcrumbs-content":"","ast-featured-img":"","footer-sml-layout":"","theme-transparent-header-meta":"","adv-header-id-meta":"","stick-header-meta":"","header-above-stick-meta":"","header-main-stick-meta":"","header-below-stick-meta":"","astra-migrate-meta-layouts":"default","ast-page-background-enabled":"default","ast-page-background-meta":{"desktop":{"background-color":"var(--ast-global-color-4)","background-image":"","background-repeat":"repeat","background-position":"center center","background-size":"auto","background-attachment":"scroll","background-type":"","background-media":"","overlay-type":"","overlay-color":"","overlay-gradient":""},"tablet":{"background-color":"","background-image":"","background-repeat":"repeat","background-position":"center center","background-size":"auto","background-attachment":"scroll","background-type":"","background-media":"","overlay-type":"","overlay-color":"","overlay-gradient":""},"mobile":{"background-color":"","background-image":"","background-repeat":"repeat","background-position":"center center","background-size":"auto","background-attachment":"scroll","background-type":"","background-media":"","overlay-type":"","overlay-color":"","overlay-gradient":""}},"ast-content-background-meta":{"desktop":{"background-color":"var(--ast-global-color-5)","background-image":"","background-repeat":"repeat","background-position":"center center","background-size":"auto","background-attachment":"scroll","background-type":"","background-media":"","overlay-type":"","overlay-color":"","overlay-gradient":""},"tablet":{"background-color":"var(--ast-global-color-5)","background-image":"","background-repeat":"repeat","background-position":"center center","background-size":"auto","background-attachment":"scroll","background-type":"","background-media":"","overlay-type":"","overlay-color":"","overlay-gradient":""},"mobile":{"background-color":"var(--ast-global-color-5)","background-image":"","background-repeat":"repeat","background-position":"center center","background-size":"auto","background-attachment":"scroll","background-type":"","background-media":"","overlay-type":"","overlay-color":"","overlay-gradient":""}},"footnotes":""},"categories":[1],"tags":[73152,73151,21225,71311,40949,5937],"class_list":["post-25018","post","type-post","status-publish","format-standard","hentry","category-sin-categoria","tag-carrasco-jimenez-tomas-jesus","tag-cristina-vargas-pecino","tag-gualberto-buela-casal","tag-humberto-trujillo-mendoza","tag-manuel-miguel-ramos-alvarez","tag-rosario-Martinez-arias"],"_links":{"self":[{"href":"https:\/\/www.deberes.net\/tesis\/wp-json\/wp\/v2\/posts\/25018","targetHints":{"allow":["GET"]}}],"collection":[{"href":"https:\/\/www.deberes.net\/tesis\/wp-json\/wp\/v2\/posts"}],"about":[{"href":"https:\/\/www.deberes.net\/tesis\/wp-json\/wp\/v2\/types\/post"}],"author":[{"embeddable":true,"href":"https:\/\/www.deberes.net\/tesis\/wp-json\/wp\/v2\/users\/1"}],"replies":[{"embeddable":true,"href":"https:\/\/www.deberes.net\/tesis\/wp-json\/wp\/v2\/comments?post=25018"}],"version-history":[{"count":0,"href":"https:\/\/www.deberes.net\/tesis\/wp-json\/wp\/v2\/posts\/25018\/revisions"}],"wp:attachment":[{"href":"https:\/\/www.deberes.net\/tesis\/wp-json\/wp\/v2\/media?parent=25018"}],"wp:term":[{"taxonomy":"category","embeddable":true,"href":"https:\/\/www.deberes.net\/tesis\/wp-json\/wp\/v2\/categories?post=25018"},{"taxonomy":"post_tag","embeddable":true,"href":"https:\/\/www.deberes.net\/tesis\/wp-json\/wp\/v2\/tags?post=25018"}],"curies":[{"name":"wp","href":"https:\/\/api.w.org\/{rel}","templated":true}]}}