{"id":25032,"date":"2018-03-09T09:16:15","date_gmt":"2018-03-09T09:16:15","guid":{"rendered":"https:\/\/www.deberes.net\/tesis\/sin-categoria\/la-integracion-psicosocial-de-las-personas-extranjeras-en-bizkaia\/"},"modified":"2018-03-09T09:16:15","modified_gmt":"2018-03-09T09:16:15","slug":"la-integracion-psicosocial-de-las-personas-extranjeras-en-bizkaia","status":"publish","type":"post","link":"https:\/\/www.deberes.net\/tesis\/deusto\/la-integracion-psicosocial-de-las-personas-extranjeras-en-bizkaia\/","title":{"rendered":"La integraci\u00f3n psicosocial de las personas extranjeras en bizkaia"},"content":{"rendered":"<h2>Tesis doctoral de <strong> Ana Ses\u00e9 Taubmann <\/strong><\/h2>\n<p>Ante el vac\u00edo detectado en la bibliograf\u00eda sobre inmigraci\u00f3n, en especial desde la perspectiva psicol\u00f3gica, la tesis doctoral, aporta una nueva reflexi\u00f3n sobre el fen\u00f3meno. Tras analizar las actuales teor\u00edas existentes al respecto, los diferentes aspectos que influyen en el proceso y las cuestiones metodol\u00f3gicas m\u00e1s importantes a tener en cuenta para su estudio, aporta datos sobre la situaci\u00f3n actual en el estado espa\u00f1ol en general y el pa\u00eds vasco en particular. profundiza  sobre el inevitable choque cultural y la integraci\u00f3n como proceso deseable hacia la convivencia y respeto mutuo. Desde el punto de vista estrictamente psicol\u00f3gico, aporta un peque\u00f1o estudio de campo, en el que relaciona diversas variables sociol\u00f3gicas con otras psicol\u00f3gicas como la ansiedad, el estr\u00e9s y la integraci\u00f3n psicosocial.<\/p>\n<p>&nbsp;<\/p>\n<h3>Datos acad\u00e9micos de la tesis doctoral \u00ab<strong>La integraci\u00f3n psicosocial de las personas extranjeras en bizkaia<\/strong>\u00ab<\/h3>\n<ul>\n<li><strong>T\u00edtulo de la tesis:<\/strong>\u00a0 La integraci\u00f3n psicosocial de las personas extranjeras en bizkaia <\/li>\n<li><strong>Autor:<\/strong>\u00a0 Ana Ses\u00e9 Taubmann <\/li>\n<li><strong>Universidad:<\/strong>\u00a0 Deusto<\/li>\n<li><strong>Fecha de lectura de la tesis:<\/strong>\u00a0 23\/07\/2003<\/li>\n<\/ul>\n<p>&nbsp;<\/p>\n<h3>Direcci\u00f3n y tribunal<\/h3>\n<ul>\n<li><strong>Director de la tesis<\/strong>\n<ul>\n<li>Luis De Nicolas Martinez<\/li>\n<\/ul>\n<\/li>\n<li><strong>Tribunal<\/strong>\n<ul>\n<li>Presidente del tribunal: Mar\u00eda teresa Anguera argilaga <\/li>\n<li>joseba Achotegui loizate (vocal)<\/li>\n<li> Balluerca lasa miren nekane (vocal)<\/li>\n<li>Francisco Javier Acha ipi\u00f1azar (vocal)<\/li>\n<\/ul>\n<\/li>\n<\/ul>\n<p>&nbsp;<\/p>\n","protected":false},"excerpt":{"rendered":"<p>Tesis doctoral de Ana Ses\u00e9 Taubmann Ante el vac\u00edo detectado en la bibliograf\u00eda sobre inmigraci\u00f3n, en especial desde la perspectiva [&hellip;]<\/p>\n","protected":false},"author":1,"featured_media":0,"comment_status":"open","ping_status":"open","sticky":false,"template":"","format":"standard","meta":{"site-sidebar-layout":"default","site-content-layout":"","ast-site-content-layout":"","site-content-style":"default","site-sidebar-style":"default","ast-global-header-display":"","ast-banner-title-visibility":"","ast-main-header-display":"","ast-hfb-above-header-display":"","ast-hfb-below-header-display":"","ast-hfb-mobile-header-display":"","site-post-title":"","ast-breadcrumbs-content":"","ast-featured-img":"","footer-sml-layout":"","theme-transparent-header-meta":"","adv-header-id-meta":"","stick-header-meta":"","header-above-stick-meta":"","header-main-stick-meta":"","header-below-stick-meta":"","astra-migrate-meta-layouts":"default","ast-page-background-enabled":"default","ast-page-background-meta":{"desktop":{"background-color":"var(--ast-global-color-4)","background-image":"","background-repeat":"repeat","background-position":"center center","background-size":"auto","background-attachment":"scroll","background-type":"","background-media":"","overlay-type":"","overlay-color":"","overlay-gradient":""},"tablet":{"background-color":"","background-image":"","background-repeat":"repeat","background-position":"center center","background-size":"auto","background-attachment":"scroll","background-type":"","background-media":"","overlay-type":"","overlay-color":"","overlay-gradient":""},"mobile":{"background-color":"","background-image":"","background-repeat":"repeat","background-position":"center center","background-size":"auto","background-attachment":"scroll","background-type":"","background-media":"","overlay-type":"","overlay-color":"","overlay-gradient":""}},"ast-content-background-meta":{"desktop":{"background-color":"var(--ast-global-color-5)","background-image":"","background-repeat":"repeat","background-position":"center center","background-size":"auto","background-attachment":"scroll","background-type":"","background-media":"","overlay-type":"","overlay-color":"","overlay-gradient":""},"tablet":{"background-color":"var(--ast-global-color-5)","background-image":"","background-repeat":"repeat","background-position":"center center","background-size":"auto","background-attachment":"scroll","background-type":"","background-media":"","overlay-type":"","overlay-color":"","overlay-gradient":""},"mobile":{"background-color":"var(--ast-global-color-5)","background-image":"","background-repeat":"repeat","background-position":"center center","background-size":"auto","background-attachment":"scroll","background-type":"","background-media":"","overlay-type":"","overlay-color":"","overlay-gradient":""}},"footnotes":""},"categories":[31910],"tags":[73183,73184,31926,65306,28091,1179],"class_list":["post-25032","post","type-post","status-publish","format-standard","hentry","category-deusto","tag-ana-sese-taubmann","tag-balluerca-lasa-miren-nekane","tag-francisco-javier-acha-ipinazar","tag-joseba-achotegui-loizate","tag-luis-de-nicolas-Martinez","tag-maria-teresa-anguera-argilaga"],"_links":{"self":[{"href":"https:\/\/www.deberes.net\/tesis\/wp-json\/wp\/v2\/posts\/25032","targetHints":{"allow":["GET"]}}],"collection":[{"href":"https:\/\/www.deberes.net\/tesis\/wp-json\/wp\/v2\/posts"}],"about":[{"href":"https:\/\/www.deberes.net\/tesis\/wp-json\/wp\/v2\/types\/post"}],"author":[{"embeddable":true,"href":"https:\/\/www.deberes.net\/tesis\/wp-json\/wp\/v2\/users\/1"}],"replies":[{"embeddable":true,"href":"https:\/\/www.deberes.net\/tesis\/wp-json\/wp\/v2\/comments?post=25032"}],"version-history":[{"count":0,"href":"https:\/\/www.deberes.net\/tesis\/wp-json\/wp\/v2\/posts\/25032\/revisions"}],"wp:attachment":[{"href":"https:\/\/www.deberes.net\/tesis\/wp-json\/wp\/v2\/media?parent=25032"}],"wp:term":[{"taxonomy":"category","embeddable":true,"href":"https:\/\/www.deberes.net\/tesis\/wp-json\/wp\/v2\/categories?post=25032"},{"taxonomy":"post_tag","embeddable":true,"href":"https:\/\/www.deberes.net\/tesis\/wp-json\/wp\/v2\/tags?post=25032"}],"curies":[{"name":"wp","href":"https:\/\/api.w.org\/{rel}","templated":true}]}}