{"id":25052,"date":"2018-03-09T09:16:17","date_gmt":"2018-03-09T09:16:17","guid":{"rendered":"https:\/\/www.deberes.net\/tesis\/sin-categoria\/tomato-yellow-leaf-curl-virus-en-los-cultivos-espanoles-variabilidad-y-caracterizacion-de-aislados\/"},"modified":"2018-03-09T09:16:17","modified_gmt":"2018-03-09T09:16:17","slug":"tomato-yellow-leaf-curl-virus-en-los-cultivos-espanoles-variabilidad-y-caracterizacion-de-aislados","status":"publish","type":"post","link":"https:\/\/www.deberes.net\/tesis\/politecnica-de-valencia\/tomato-yellow-leaf-curl-virus-en-los-cultivos-espanoles-variabilidad-y-caracterizacion-de-aislados\/","title":{"rendered":"Tomato yellow leaf curl virus en los cultivos espa\u00f1oles: variabilidad y caracterizaci\u00f3n de aislados"},"content":{"rendered":"<h2>Tesis doctoral de <strong> Mar\u00eda Isabel Font San Ambrosio <\/strong><\/h2>\n<p>La enfermedad del rizado amarillo del tomate (tylc) esta causada por un complejo de especies virales y es considerada como una de las enfermedades virales m\u00e1s devastadoras para el cultivo del tomate (lycopersicon esculentum) en regiones tropicales y subtropicales de todo el mundo, donde puede llegar a causar p\u00e9rdidas del 100%. En espa\u00f1a (pen\u00ednsula e islas baleares y canarias) est\u00e1n presentes dos especies de este complejo viral, tomato yellow leaf curl sardinia virus (tylcsv) y tomato yellow leaf curl virus (tylcv), que fueron detectadas por primera vez en espa\u00f1a en 1992 y 1997 respectivamente. estas especies virales se transmiten en la naturaleza por la mosca blanca bemisia tabaci (hemiptera: aleyrodidae).  en esta memoria de tesis doctoral se estudia la obtenci\u00f3n de cebadores y antisueros que nos permiten la detecci\u00f3n de la part\u00edcula viral mediante la aplicaci\u00f3n de t\u00e9cnicas moleculares y serol\u00f3gicas. Se analiza la incidencia, distribuci\u00f3n, estructura de la poblaci\u00f3n y variaci\u00f3n gen\u00e9tica de las especies tylcsv y tylcv en los cultivos espa\u00f1oles de tomate. As\u00ed como se estudia el rango de hu\u00e9spedes naturales del virus y el comportamiento de distintas variedades de tomate frente a las dos especies virales presentes en espa\u00f1a.  actualmente la enfermedad de tylc se encuentra extendida por todo el litoral mediterr\u00e1neo espa\u00f1ol, islas baleares y canarias. Desde 1998 se viene observando, en regiones del sureste espa\u00f1ol un progresivo desplazamiento de la especie tylcsv por tylcv. Los estudios de variabilidad mostraron que la estructura poblacional de cada regi\u00f3n geogr\u00e1fica estaba compuesta por varios haplotipos siendo uno de ellos predominante. Las poblaciones de las regiones del noreste peninsular presentaron peque\u00f1as fluctuaciones, lo que indic\u00f3 la posible migraci\u00f3n desde el sur hacia estas zonas.  las poblaciones del virus del rizado amarillo del tomate en espa\u00f1a dentro de cada especie viral presentaron una baja dive<\/p>\n<p>&nbsp;<\/p>\n<h3>Datos acad\u00e9micos de la tesis doctoral \u00ab<strong>Tomato yellow leaf curl virus en los cultivos espa\u00f1oles: variabilidad y caracterizaci\u00f3n de aislados<\/strong>\u00ab<\/h3>\n<ul>\n<li><strong>T\u00edtulo de la tesis:<\/strong>\u00a0 Tomato yellow leaf curl virus en los cultivos espa\u00f1oles: variabilidad y caracterizaci\u00f3n de aislados <\/li>\n<li><strong>Autor:<\/strong>\u00a0 Mar\u00eda Isabel Font San Ambrosio <\/li>\n<li><strong>Universidad:<\/strong>\u00a0 Polit\u00e9cnica de Valencia<\/li>\n<li><strong>Fecha de lectura de la tesis:<\/strong>\u00a0 24\/07\/2003<\/li>\n<\/ul>\n<p>&nbsp;<\/p>\n<h3>Direcci\u00f3n y tribunal<\/h3>\n<ul>\n<li><strong>Director de la tesis<\/strong>\n<ul>\n<li>Concepci\u00f3n Jord\u00e1 Guti\u00e9rrez<\/li>\n<\/ul>\n<\/li>\n<li><strong>Tribunal<\/strong>\n<ul>\n<li>Presidente del tribunal: alfredo Lacasa plasencia <\/li>\n<li>Luis Rubio migu\u00e9lez (vocal)<\/li>\n<li> D\u00edez nicl\u00f3s m. Jos\u00e9 (vocal)<\/li>\n<li>alfonso Hermoso de mendoza arocas (vocal)<\/li>\n<\/ul>\n<\/li>\n<\/ul>\n<p>&nbsp;<\/p>\n","protected":false},"excerpt":{"rendered":"<p>Tesis doctoral de Mar\u00eda Isabel Font San Ambrosio La enfermedad del rizado amarillo del tomate (tylc) esta causada por un [&hellip;]<\/p>\n","protected":false},"author":1,"featured_media":0,"comment_status":"open","ping_status":"open","sticky":false,"template":"","format":"standard","meta":{"site-sidebar-layout":"default","site-content-layout":"","ast-site-content-layout":"","site-content-style":"default","site-sidebar-style":"default","ast-global-header-display":"","ast-banner-title-visibility":"","ast-main-header-display":"","ast-hfb-above-header-display":"","ast-hfb-below-header-display":"","ast-hfb-mobile-header-display":"","site-post-title":"","ast-breadcrumbs-content":"","ast-featured-img":"","footer-sml-layout":"","theme-transparent-header-meta":"","adv-header-id-meta":"","stick-header-meta":"","header-above-stick-meta":"","header-main-stick-meta":"","header-below-stick-meta":"","astra-migrate-meta-layouts":"default","ast-page-background-enabled":"default","ast-page-background-meta":{"desktop":{"background-color":"var(--ast-global-color-4)","background-image":"","background-repeat":"repeat","background-position":"center center","background-size":"auto","background-attachment":"scroll","background-type":"","background-media":"","overlay-type":"","overlay-color":"","overlay-gradient":""},"tablet":{"background-color":"","background-image":"","background-repeat":"repeat","background-position":"center center","background-size":"auto","background-attachment":"scroll","background-type":"","background-media":"","overlay-type":"","overlay-color":"","overlay-gradient":""},"mobile":{"background-color":"","background-image":"","background-repeat":"repeat","background-position":"center center","background-size":"auto","background-attachment":"scroll","background-type":"","background-media":"","overlay-type":"","overlay-color":"","overlay-gradient":""}},"ast-content-background-meta":{"desktop":{"background-color":"var(--ast-global-color-5)","background-image":"","background-repeat":"repeat","background-position":"center center","background-size":"auto","background-attachment":"scroll","background-type":"","background-media":"","overlay-type":"","overlay-color":"","overlay-gradient":""},"tablet":{"background-color":"var(--ast-global-color-5)","background-image":"","background-repeat":"repeat","background-position":"center center","background-size":"auto","background-attachment":"scroll","background-type":"","background-media":"","overlay-type":"","overlay-color":"","overlay-gradient":""},"mobile":{"background-color":"var(--ast-global-color-5)","background-image":"","background-repeat":"repeat","background-position":"center center","background-size":"auto","background-attachment":"scroll","background-type":"","background-media":"","overlay-type":"","overlay-color":"","overlay-gradient":""}},"footnotes":""},"categories":[16820],"tags":[36829,16936,35431,73233,73232,73231],"class_list":["post-25052","post","type-post","status-publish","format-standard","hentry","category-politecnica-de-valencia","tag-alfonso-hermoso-de-mendoza-arocas","tag-alfredo-lacasa-plasencia","tag-concepcion-jorda-gutierrez","tag-diez-niclos-m-jose","tag-luis-rubio-miguelez","tag-maria-isabel-font-san-ambrosio"],"_links":{"self":[{"href":"https:\/\/www.deberes.net\/tesis\/wp-json\/wp\/v2\/posts\/25052","targetHints":{"allow":["GET"]}}],"collection":[{"href":"https:\/\/www.deberes.net\/tesis\/wp-json\/wp\/v2\/posts"}],"about":[{"href":"https:\/\/www.deberes.net\/tesis\/wp-json\/wp\/v2\/types\/post"}],"author":[{"embeddable":true,"href":"https:\/\/www.deberes.net\/tesis\/wp-json\/wp\/v2\/users\/1"}],"replies":[{"embeddable":true,"href":"https:\/\/www.deberes.net\/tesis\/wp-json\/wp\/v2\/comments?post=25052"}],"version-history":[{"count":0,"href":"https:\/\/www.deberes.net\/tesis\/wp-json\/wp\/v2\/posts\/25052\/revisions"}],"wp:attachment":[{"href":"https:\/\/www.deberes.net\/tesis\/wp-json\/wp\/v2\/media?parent=25052"}],"wp:term":[{"taxonomy":"category","embeddable":true,"href":"https:\/\/www.deberes.net\/tesis\/wp-json\/wp\/v2\/categories?post=25052"},{"taxonomy":"post_tag","embeddable":true,"href":"https:\/\/www.deberes.net\/tesis\/wp-json\/wp\/v2\/tags?post=25052"}],"curies":[{"name":"wp","href":"https:\/\/api.w.org\/{rel}","templated":true}]}}