{"id":25066,"date":"2018-03-09T09:16:18","date_gmt":"2018-03-09T09:16:18","guid":{"rendered":"https:\/\/www.deberes.net\/tesis\/sin-categoria\/ecografa%c2%ada-los-ultrasonidos-en-la-practica-oftalmologica\/"},"modified":"2018-03-09T09:16:18","modified_gmt":"2018-03-09T09:16:18","slug":"ecografa%c2%ada-los-ultrasonidos-en-la-practica-oftalmologica","status":"publish","type":"post","link":"https:\/\/www.deberes.net\/tesis\/ciencias-medicas\/ecografa%c2%ada-los-ultrasonidos-en-la-practica-oftalmologica\/","title":{"rendered":"Ecograf\u00eda: los ultrasonidos en la pr\u00e1ctica oftalmologica"},"content":{"rendered":"<h2>Tesis doctoral de <strong>  Amo Bernal Angeles Paloma <\/strong><\/h2>\n<p>Describimos la historia y la fisica de los ultrasonidos, deteni\u00e9ndonos en el estudio del movimiento ondulatorio y la interacci\u00f3n onda-tejido.  estudiamos las aplicaciones diagn\u00f3sticas y terap\u00e9uticas de los ultrasonidos, estableciendo a continuaci\u00f3n nuestra hip\u00f3tesis y proyecto de trabajo.  el contenido del cap\u00edtulo de material y m\u00e9todo comprende una descripci\u00f3n de los transductores y sonido de exploraci\u00f3n.  al hablar del m\u00e9todo, describimos la praxis efectuada para el diagn\u00f3stico ecogr\u00e1fico a y b, as\u00ed como la biometr\u00eda y pasuuimetr\u00eda.  en el cap\u00edtulo de resultados, exponemos nuestra experiencia despu\u00e9s del largo a\u00f1o de trabajo, deteni\u00e9ndonos en lo concerniente a polo anterior, v\u00edtreo, desprendimiento de retina, coriodes, tumores intraoculares, nervio \u00f3ptico y \u00f3rbita.  terminamos con la discusi\u00f3n, presentando con toda modestia, la controversia que realizamos con los dem\u00e1s autores.  el soporte bibliogr\u00e1fico que nos ha servido de apoyo para realizar este trabajo se encuentra situado al final. Hemos incluido dos formas de realizarlo, una por orden alfab\u00e9tico del autor y otra por orden de aparici\u00f3n en el texto, con lo que resulta facil encontrarla.<\/p>\n<p>&nbsp;<\/p>\n<h3>Datos acad\u00e9micos de la tesis doctoral \u00ab<strong>Ecograf\u00eda: los ultrasonidos en la pr\u00e1ctica oftalmologica<\/strong>\u00ab<\/h3>\n<ul>\n<li><strong>T\u00edtulo de la tesis:<\/strong>\u00a0 Ecograf\u00eda: los ultrasonidos en la pr\u00e1ctica oftalmologica <\/li>\n<li><strong>Autor:<\/strong>\u00a0  Amo Bernal Angeles Paloma <\/li>\n<li><strong>Universidad:<\/strong>\u00a0 C\u00f3rdoba<\/li>\n<li><strong>Fecha de lectura de la tesis:<\/strong>\u00a0 25\/07\/2003<\/li>\n<\/ul>\n<p>&nbsp;<\/p>\n<h3>Direcci\u00f3n y tribunal<\/h3>\n<ul>\n<li><strong>Director de la tesis<\/strong>\n<ul>\n<li>almenara Parada Gim\u00e9nez<\/li>\n<\/ul>\n<\/li>\n<li><strong>Tribunal<\/strong>\n<ul>\n<li>Presidente del tribunal: Jos\u00e9 Mar\u00eda Caridad  y ocerin <\/li>\n<li>valent\u00edn Barrera vidal (vocal)<\/li>\n<li>Antonio Pi\u00f1ero bustamante (vocal)<\/li>\n<li>guillermo Silva silva (vocal)<\/li>\n<\/ul>\n<\/li>\n<\/ul>\n<p>&nbsp;<\/p>\n","protected":false},"excerpt":{"rendered":"<p>Tesis doctoral de Amo Bernal Angeles Paloma Describimos la historia y la fisica de los ultrasonidos, deteni\u00e9ndonos en el estudio [&hellip;]<\/p>\n","protected":false},"author":1,"featured_media":0,"comment_status":"open","ping_status":"open","sticky":false,"template":"","format":"standard","meta":{"site-sidebar-layout":"default","site-content-layout":"","ast-site-content-layout":"","site-content-style":"default","site-sidebar-style":"default","ast-global-header-display":"","ast-banner-title-visibility":"","ast-main-header-display":"","ast-hfb-above-header-display":"","ast-hfb-below-header-display":"","ast-hfb-mobile-header-display":"","site-post-title":"","ast-breadcrumbs-content":"","ast-featured-img":"","footer-sml-layout":"","theme-transparent-header-meta":"","adv-header-id-meta":"","stick-header-meta":"","header-above-stick-meta":"","header-main-stick-meta":"","header-below-stick-meta":"","astra-migrate-meta-layouts":"default","ast-page-background-enabled":"default","ast-page-background-meta":{"desktop":{"background-color":"var(--ast-global-color-4)","background-image":"","background-repeat":"repeat","background-position":"center center","background-size":"auto","background-attachment":"scroll","background-type":"","background-media":"","overlay-type":"","overlay-color":"","overlay-gradient":""},"tablet":{"background-color":"","background-image":"","background-repeat":"repeat","background-position":"center center","background-size":"auto","background-attachment":"scroll","background-type":"","background-media":"","overlay-type":"","overlay-color":"","overlay-gradient":""},"mobile":{"background-color":"","background-image":"","background-repeat":"repeat","background-position":"center center","background-size":"auto","background-attachment":"scroll","background-type":"","background-media":"","overlay-type":"","overlay-color":"","overlay-gradient":""}},"ast-content-background-meta":{"desktop":{"background-color":"var(--ast-global-color-5)","background-image":"","background-repeat":"repeat","background-position":"center center","background-size":"auto","background-attachment":"scroll","background-type":"","background-media":"","overlay-type":"","overlay-color":"","overlay-gradient":""},"tablet":{"background-color":"var(--ast-global-color-5)","background-image":"","background-repeat":"repeat","background-position":"center center","background-size":"auto","background-attachment":"scroll","background-type":"","background-media":"","overlay-type":"","overlay-color":"","overlay-gradient":""},"mobile":{"background-color":"var(--ast-global-color-5)","background-image":"","background-repeat":"repeat","background-position":"center center","background-size":"auto","background-attachment":"scroll","background-type":"","background-media":"","overlay-type":"","overlay-color":"","overlay-gradient":""}},"footnotes":""},"categories":[155,9,973,346,988],"tags":[73271,73270,4405,65346,2209,73272],"class_list":["post-25066","post","type-post","status-publish","format-standard","hentry","category-ciencias-clinicas","category-ciencias-medicas","category-cordoba","category-diagnostico-por-imagen","category-oftalmologia","tag-almenara-parada-gimenez","tag-amo-bernal-angeles-paloma","tag-antonio-pinero-bustamante","tag-guillermo-silva-silva","tag-jose-maria-caridad-y-ocerin","tag-valentin-barrera-vidal"],"_links":{"self":[{"href":"https:\/\/www.deberes.net\/tesis\/wp-json\/wp\/v2\/posts\/25066","targetHints":{"allow":["GET"]}}],"collection":[{"href":"https:\/\/www.deberes.net\/tesis\/wp-json\/wp\/v2\/posts"}],"about":[{"href":"https:\/\/www.deberes.net\/tesis\/wp-json\/wp\/v2\/types\/post"}],"author":[{"embeddable":true,"href":"https:\/\/www.deberes.net\/tesis\/wp-json\/wp\/v2\/users\/1"}],"replies":[{"embeddable":true,"href":"https:\/\/www.deberes.net\/tesis\/wp-json\/wp\/v2\/comments?post=25066"}],"version-history":[{"count":0,"href":"https:\/\/www.deberes.net\/tesis\/wp-json\/wp\/v2\/posts\/25066\/revisions"}],"wp:attachment":[{"href":"https:\/\/www.deberes.net\/tesis\/wp-json\/wp\/v2\/media?parent=25066"}],"wp:term":[{"taxonomy":"category","embeddable":true,"href":"https:\/\/www.deberes.net\/tesis\/wp-json\/wp\/v2\/categories?post=25066"},{"taxonomy":"post_tag","embeddable":true,"href":"https:\/\/www.deberes.net\/tesis\/wp-json\/wp\/v2\/tags?post=25066"}],"curies":[{"name":"wp","href":"https:\/\/api.w.org\/{rel}","templated":true}]}}