{"id":25067,"date":"2018-03-09T09:16:18","date_gmt":"2018-03-09T09:16:18","guid":{"rendered":"https:\/\/www.deberes.net\/tesis\/sin-categoria\/estructura-y-ordenacion-espacial-en-el-diseno-escenografico-emilio-burgos-escenografo\/"},"modified":"2018-03-09T09:16:18","modified_gmt":"2018-03-09T09:16:18","slug":"estructura-y-ordenacion-espacial-en-el-diseno-escenografico-emilio-burgos-escenografo","status":"publish","type":"post","link":"https:\/\/www.deberes.net\/tesis\/ciencias-de-las-artes-y-las-letras\/estructura-y-ordenacion-espacial-en-el-diseno-escenografico-emilio-burgos-escenografo\/","title":{"rendered":"Estructura y ordenaci\u00f3n espacial en el dise\u00f1o escenogr\u00e1fico. emilio burgos, escen\u00f3grafo"},"content":{"rendered":"<h2>Tesis doctoral de <strong> Ana Garc\u00eda L\u00f3pez <\/strong><\/h2>\n<p>Esta tesis doctoral presenta un innovadora metodolog\u00eda de an\u00e1lisis para ser aplicadas a los dise\u00f1os escenogr\u00e1ficos desde la \u00f3ptica de las bellas artes y el dise\u00f1o ambiental.  as\u00ed, se estudia la estructura del espacio esc\u00e9nico para desarrollar un sistema anal\u00edtico cuya aplicaci\u00f3n al estudio del dise\u00f1o escenogr\u00e1fico sea capaz de aportar un esquema derivado de las artes pl\u00e1sticas para complementar a las publicaciones que la estudian desde la literatura, la historia, la est\u00e9tica o la escenotecnia.  la investigaci\u00f3n consta de un corpus te\u00f3rico donde se revisan las tendencias para el an\u00e1lisis de los espect\u00e1culos, desde la semiolog\u00eda hasta la etnoescenolog\u00eda, para poner de manifiesto un estado de la cuesti\u00f3n en los estudios de los espect\u00e1culos. De esta forma se toman los presupuestos v\u00e1lidos para la investigaci\u00f3n de estas teor\u00edas y se aportan las que la autora cree necesarias desde el dise\u00f1o ambiental y la pl\u00e1stica.  se plantea el estudio de la producci\u00f3n escenogr\u00e1fica del dise\u00f1ador emilio burgos, que se desarroll\u00f3 fundamentalmente durante los a\u00f1os de la dictadura de franco y en el seno de los teatros nacionales. Por tanto el segundo cap\u00edtulo da un repaso por la est\u00e9tica y los modos teatrales de esta \u00e9poca, arrancando desde la confluencia entre artes pl\u00e1sticas y esc\u00e9nicas de la europa de las vanguardias.  en el tercer cap\u00edtulo se plantea un sistema de an\u00e1lisis estructurado en cinco bloques tem\u00e1ticos tales como:  1,- el \u00e1mbito esc\u00e9nico: espacios y teatros en que se desarrollan las escenograf\u00edas.  2,- el dise\u00f1o ambiental; uso que el escen\u00f3grafo hace las coordenadas del espacio.  3,- las artes pl\u00e1sticas y el dise\u00f1o: metodolog\u00eda de trabajo del dise\u00f1ador, referencias pl\u00e1sticas y estilos.  4,- la escenotecnia: uso de la t\u00e9cnica esc\u00e9nica  5,- la relaci\u00f3n del dise\u00f1o escenogr\u00e1fico con la dramaturgia o estilo de producci\u00f3n al que sirve.  en el cuarto cap\u00edtulo se extraen las conclusiones<\/p>\n<p>&nbsp;<\/p>\n<h3>Datos acad\u00e9micos de la tesis doctoral \u00ab<strong>Estructura y ordenaci\u00f3n espacial en el dise\u00f1o escenogr\u00e1fico. emilio burgos, escen\u00f3grafo<\/strong>\u00ab<\/h3>\n<ul>\n<li><strong>T\u00edtulo de la tesis:<\/strong>\u00a0 Estructura y ordenaci\u00f3n espacial en el dise\u00f1o escenogr\u00e1fico. emilio burgos, escen\u00f3grafo <\/li>\n<li><strong>Autor:<\/strong>\u00a0 Ana Garc\u00eda L\u00f3pez <\/li>\n<li><strong>Universidad:<\/strong>\u00a0 Granada<\/li>\n<li><strong>Fecha de lectura de la tesis:<\/strong>\u00a0 25\/07\/2003<\/li>\n<\/ul>\n<p>&nbsp;<\/p>\n<h3>Direcci\u00f3n y tribunal<\/h3>\n<ul>\n<li><strong>Director de la tesis<\/strong>\n<ul>\n<li> Gragera Mart\u00edn De Saavedra Manuel<\/li>\n<\/ul>\n<\/li>\n<li><strong>Tribunal<\/strong>\n<ul>\n<li>Presidente del tribunal: Francisco Ba\u00f1os martos <\/li>\n<li>Javier Arteta arrue (vocal)<\/li>\n<li>Ana Iba\u00f1ez fern\u00e1ndez (vocal)<\/li>\n<li> Dom\u00ednguez navarro Jos\u00e9 Luis (vocal)<\/li>\n<\/ul>\n<\/li>\n<\/ul>\n<p>&nbsp;<\/p>\n","protected":false},"excerpt":{"rendered":"<p>Tesis doctoral de Ana Garc\u00eda L\u00f3pez Esta tesis doctoral presenta un innovadora metodolog\u00eda de an\u00e1lisis para ser aplicadas a los [&hellip;]<\/p>\n","protected":false},"author":1,"featured_media":0,"comment_status":"open","ping_status":"open","sticky":false,"template":"","format":"standard","meta":{"site-sidebar-layout":"default","site-content-layout":"","ast-site-content-layout":"","site-content-style":"default","site-sidebar-style":"default","ast-global-header-display":"","ast-banner-title-visibility":"","ast-main-header-display":"","ast-hfb-above-header-display":"","ast-hfb-below-header-display":"","ast-hfb-mobile-header-display":"","site-post-title":"","ast-breadcrumbs-content":"","ast-featured-img":"","footer-sml-layout":"","theme-transparent-header-meta":"","adv-header-id-meta":"","stick-header-meta":"","header-above-stick-meta":"","header-main-stick-meta":"","header-below-stick-meta":"","astra-migrate-meta-layouts":"default","ast-page-background-enabled":"default","ast-page-background-meta":{"desktop":{"background-color":"var(--ast-global-color-4)","background-image":"","background-repeat":"repeat","background-position":"center center","background-size":"auto","background-attachment":"scroll","background-type":"","background-media":"","overlay-type":"","overlay-color":"","overlay-gradient":""},"tablet":{"background-color":"","background-image":"","background-repeat":"repeat","background-position":"center center","background-size":"auto","background-attachment":"scroll","background-type":"","background-media":"","overlay-type":"","overlay-color":"","overlay-gradient":""},"mobile":{"background-color":"","background-image":"","background-repeat":"repeat","background-position":"center center","background-size":"auto","background-attachment":"scroll","background-type":"","background-media":"","overlay-type":"","overlay-color":"","overlay-gradient":""}},"ast-content-background-meta":{"desktop":{"background-color":"var(--ast-global-color-5)","background-image":"","background-repeat":"repeat","background-position":"center center","background-size":"auto","background-attachment":"scroll","background-type":"","background-media":"","overlay-type":"","overlay-color":"","overlay-gradient":""},"tablet":{"background-color":"var(--ast-global-color-5)","background-image":"","background-repeat":"repeat","background-position":"center center","background-size":"auto","background-attachment":"scroll","background-type":"","background-media":"","overlay-type":"","overlay-color":"","overlay-gradient":""},"mobile":{"background-color":"var(--ast-global-color-5)","background-image":"","background-repeat":"repeat","background-position":"center center","background-size":"auto","background-attachment":"scroll","background-type":"","background-media":"","overlay-type":"","overlay-color":"","overlay-gradient":""}},"footnotes":""},"categories":[7685,147,4100,3806,1110,1111],"tags":[73273,67031,73274,3811,35338,48810],"class_list":["post-25067","post","type-post","status-publish","format-standard","hentry","category-artes-decorativas","category-ciencias-de-las-artes-y-las-letras","category-dibujo-y-grabado","category-pintura","category-teatro","category-teoria-analisis-y-critica-de-las-bellas-artes","tag-ana-garcia-lopez","tag-ana-ibanez-fernandez","tag-dominguez-navarro-jose-luis","tag-francisco-banos-martos","tag-gragera-martin-de-saavedra-manuel","tag-javier-arteta-arrue"],"_links":{"self":[{"href":"https:\/\/www.deberes.net\/tesis\/wp-json\/wp\/v2\/posts\/25067","targetHints":{"allow":["GET"]}}],"collection":[{"href":"https:\/\/www.deberes.net\/tesis\/wp-json\/wp\/v2\/posts"}],"about":[{"href":"https:\/\/www.deberes.net\/tesis\/wp-json\/wp\/v2\/types\/post"}],"author":[{"embeddable":true,"href":"https:\/\/www.deberes.net\/tesis\/wp-json\/wp\/v2\/users\/1"}],"replies":[{"embeddable":true,"href":"https:\/\/www.deberes.net\/tesis\/wp-json\/wp\/v2\/comments?post=25067"}],"version-history":[{"count":0,"href":"https:\/\/www.deberes.net\/tesis\/wp-json\/wp\/v2\/posts\/25067\/revisions"}],"wp:attachment":[{"href":"https:\/\/www.deberes.net\/tesis\/wp-json\/wp\/v2\/media?parent=25067"}],"wp:term":[{"taxonomy":"category","embeddable":true,"href":"https:\/\/www.deberes.net\/tesis\/wp-json\/wp\/v2\/categories?post=25067"},{"taxonomy":"post_tag","embeddable":true,"href":"https:\/\/www.deberes.net\/tesis\/wp-json\/wp\/v2\/tags?post=25067"}],"curies":[{"name":"wp","href":"https:\/\/api.w.org\/{rel}","templated":true}]}}