{"id":25100,"date":"2018-03-09T09:16:21","date_gmt":"2018-03-09T09:16:21","guid":{"rendered":"https:\/\/www.deberes.net\/tesis\/sin-categoria\/el-deber-jura%c2%addico-de-restauracion-ambiental\/"},"modified":"2018-03-09T09:16:21","modified_gmt":"2018-03-09T09:16:21","slug":"el-deber-jura%c2%addico-de-restauracion-ambiental","status":"publish","type":"post","link":"https:\/\/www.deberes.net\/tesis\/sin-categoria\/el-deber-jura%c2%addico-de-restauracion-ambiental\/","title":{"rendered":"El deber jur\u00eddico de restauraci\u00f3n ambiental"},"content":{"rendered":"<h2>Tesis doctoral de <strong> Jes\u00fas Conde Antequera <\/strong><\/h2>\n<p>Se realiza un estudio de la restauraci\u00f3n ambiental como principio que desplaza al principio \u00abqui\u00e9n contamina paga\u00bb desde la \u00f3ptica del derecho administrativo, especialmente, y desde la del derecho civil y penal de modo m\u00e1s general.  se parte de un estudio del concepto de medio ambiente y del de derecho al medio ambiente as\u00ed como de las caracter\u00edsticas del da\u00f1o ambiental al objeto de delimitaci\u00f3n del contenido y alcance del deber de restauraci\u00f3n ambiental y posteriormente se realiza un abordaje sistem\u00e1tico de esta figura como obligaci\u00f3n derivada de la responsabilidad por la causaci\u00f3n del da\u00f1o ambiental a consecuencia de la realizaci\u00f3n de la infracci\u00f3n administrativa y del funcionamiento de las actividades empresariales o industriales, compar\u00e1ndose las caracter\u00edsticas de esta figura con las de otras medidas derivadas de la responsabilidad.  asimismo se estudia este deber desde la \u00f3ptica del funcionamiento de los servicios p\u00fablicos como deber de la administraci\u00f3n en cuanto objeto y contenido de la funci\u00f3n p\u00fablica de protecci\u00f3n del medio ambiente, en cuanto garante del cumplimiento de dicha obligaci\u00f3n por los sujetos responsables y en cuanto sea la administraci\u00f3n las cusante del da\u00f1o.<\/p>\n<p>&nbsp;<\/p>\n<h3>Datos acad\u00e9micos de la tesis doctoral \u00ab<strong>El deber jur\u00eddico de restauraci\u00f3n ambiental<\/strong>\u00ab<\/h3>\n<ul>\n<li><strong>T\u00edtulo de la tesis:<\/strong>\u00a0 El deber jur\u00eddico de restauraci\u00f3n ambiental <\/li>\n<li><strong>Autor:<\/strong>\u00a0 Jes\u00fas Conde Antequera <\/li>\n<li><strong>Universidad:<\/strong>\u00a0 Granada<\/li>\n<li><strong>Fecha de lectura de la tesis:<\/strong>\u00a0 27\/07\/2003<\/li>\n<\/ul>\n<p>&nbsp;<\/p>\n<h3>Direcci\u00f3n y tribunal<\/h3>\n<ul>\n<li><strong>Director de la tesis<\/strong>\n<ul>\n<li> L\u00f3pez Bustos Francisco Luis<\/li>\n<\/ul>\n<\/li>\n<li><strong>Tribunal<\/strong>\n<ul>\n<li>Presidente del tribunal: fernando Lopez ramon <\/li>\n<li> Moreno trujillo Mar\u00eda eulalia (vocal)<\/li>\n<li>tomas Quintana lopez (vocal)<\/li>\n<li>Jes\u00fas Jordano fraga (vocal)<\/li>\n<\/ul>\n<\/li>\n<\/ul>\n<p>&nbsp;<\/p>\n","protected":false},"excerpt":{"rendered":"<p>Tesis doctoral de Jes\u00fas Conde Antequera Se realiza un estudio de la restauraci\u00f3n ambiental como principio que desplaza al principio [&hellip;]<\/p>\n","protected":false},"author":1,"featured_media":0,"comment_status":"open","ping_status":"open","sticky":false,"template":"","format":"standard","meta":{"site-sidebar-layout":"default","site-content-layout":"","ast-site-content-layout":"","site-content-style":"default","site-sidebar-style":"default","ast-global-header-display":"","ast-banner-title-visibility":"","ast-main-header-display":"","ast-hfb-above-header-display":"","ast-hfb-below-header-display":"","ast-hfb-mobile-header-display":"","site-post-title":"","ast-breadcrumbs-content":"","ast-featured-img":"","footer-sml-layout":"","theme-transparent-header-meta":"","adv-header-id-meta":"","stick-header-meta":"","header-above-stick-meta":"","header-main-stick-meta":"","header-below-stick-meta":"","astra-migrate-meta-layouts":"default","ast-page-background-enabled":"default","ast-page-background-meta":{"desktop":{"background-color":"var(--ast-global-color-4)","background-image":"","background-repeat":"repeat","background-position":"center center","background-size":"auto","background-attachment":"scroll","background-type":"","background-media":"","overlay-type":"","overlay-color":"","overlay-gradient":""},"tablet":{"background-color":"","background-image":"","background-repeat":"repeat","background-position":"center center","background-size":"auto","background-attachment":"scroll","background-type":"","background-media":"","overlay-type":"","overlay-color":"","overlay-gradient":""},"mobile":{"background-color":"","background-image":"","background-repeat":"repeat","background-position":"center center","background-size":"auto","background-attachment":"scroll","background-type":"","background-media":"","overlay-type":"","overlay-color":"","overlay-gradient":""}},"ast-content-background-meta":{"desktop":{"background-color":"var(--ast-global-color-5)","background-image":"","background-repeat":"repeat","background-position":"center center","background-size":"auto","background-attachment":"scroll","background-type":"","background-media":"","overlay-type":"","overlay-color":"","overlay-gradient":""},"tablet":{"background-color":"var(--ast-global-color-5)","background-image":"","background-repeat":"repeat","background-position":"center center","background-size":"auto","background-attachment":"scroll","background-type":"","background-media":"","overlay-type":"","overlay-color":"","overlay-gradient":""},"mobile":{"background-color":"var(--ast-global-color-5)","background-image":"","background-repeat":"repeat","background-position":"center center","background-size":"auto","background-attachment":"scroll","background-type":"","background-media":"","overlay-type":"","overlay-color":"","overlay-gradient":""}},"footnotes":""},"categories":[1],"tags":[14618,73353,38628,38626,73354,61158],"class_list":["post-25100","post","type-post","status-publish","format-standard","hentry","category-sin-categoria","tag-fernando-lopez-ramon","tag-jesus-conde-antequera","tag-jesus-jordano-fraga","tag-lopez-bustos-francisco-luis","tag-moreno-trujillo-maria-eulalia","tag-tomas-quintana-lopez"],"_links":{"self":[{"href":"https:\/\/www.deberes.net\/tesis\/wp-json\/wp\/v2\/posts\/25100","targetHints":{"allow":["GET"]}}],"collection":[{"href":"https:\/\/www.deberes.net\/tesis\/wp-json\/wp\/v2\/posts"}],"about":[{"href":"https:\/\/www.deberes.net\/tesis\/wp-json\/wp\/v2\/types\/post"}],"author":[{"embeddable":true,"href":"https:\/\/www.deberes.net\/tesis\/wp-json\/wp\/v2\/users\/1"}],"replies":[{"embeddable":true,"href":"https:\/\/www.deberes.net\/tesis\/wp-json\/wp\/v2\/comments?post=25100"}],"version-history":[{"count":0,"href":"https:\/\/www.deberes.net\/tesis\/wp-json\/wp\/v2\/posts\/25100\/revisions"}],"wp:attachment":[{"href":"https:\/\/www.deberes.net\/tesis\/wp-json\/wp\/v2\/media?parent=25100"}],"wp:term":[{"taxonomy":"category","embeddable":true,"href":"https:\/\/www.deberes.net\/tesis\/wp-json\/wp\/v2\/categories?post=25100"},{"taxonomy":"post_tag","embeddable":true,"href":"https:\/\/www.deberes.net\/tesis\/wp-json\/wp\/v2\/tags?post=25100"}],"curies":[{"name":"wp","href":"https:\/\/api.w.org\/{rel}","templated":true}]}}