{"id":25126,"date":"2018-03-09T09:16:23","date_gmt":"2018-03-09T09:16:23","guid":{"rendered":"https:\/\/www.deberes.net\/tesis\/sin-categoria\/modelado-de-sistemas-para-vision-realista-en-condiciones-adversas-y-escenas-sin-estructura\/"},"modified":"2018-03-09T09:16:23","modified_gmt":"2018-03-09T09:16:23","slug":"modelado-de-sistemas-para-vision-realista-en-condiciones-adversas-y-escenas-sin-estructura","status":"publish","type":"post","link":"https:\/\/www.deberes.net\/tesis\/ciencias-tecnologicas\/modelado-de-sistemas-para-vision-realista-en-condiciones-adversas-y-escenas-sin-estructura\/","title":{"rendered":"Modelado de sistemas para visi\u00f3n realista en condiciones adversas y escenas sin estructura"},"content":{"rendered":"<h2>Tesis doctoral de <strong> Andr\u00e9s Fuster Guill\u00f3 <\/strong><\/h2>\n<p>Los problemas de visi\u00f3n artificial relacionados con la operatividad de entornos reales, donde las condiciones de percepci\u00f3n pueden ser adversas, constituyen una de las l\u00edneas de investigaci\u00f3n que m\u00e1s esta interesando recientemente, toda vez que otros aspectos de la visi\u00f3n m\u00e1s inmediatos y m\u00e1s f\u00e1ciles de abordar van encontrando soluciones aceptables. Uno de los principales objetivos que se ha perseguido es proporcionar soluciones que puedan aplicarse en diferentes situaciones: segmentar im\u00e1genes aunque la luz ambiente sea muy d\u00e9bil y los objetos aparezcan en penumbra; as\u00ed como en el caso de deslumbramiento; tambi\u00e9n cuando la profundidad de campo sea elevada y objetos iguales sean vistos con tama\u00f1os desiguales; etc.  el objetivo de obtener soluci\u00f3n generalista tiene como primera consecuencia que la formulaci\u00f3n que se presenta del problema es abierta, en t\u00e9rminos de expresar la imagen como el resultado de la contribuci\u00f3n de los motivos de la escena, de las condiciones del entorno y de las caracter\u00edsticas de la c\u00e1mara. La formulaci\u00f3n es independiente de los par\u00e1metros que traten; o lo qu es lo mismo, v\u00e1lida cualesquiera que sean las caracter\u00edsticas particulares de cada variable. La soluci\u00f3n se plantea en t\u00e9rminos de estimar el desafino que separa al punto de trabajo que establece el entorno respecto de la sintonizaci\u00f3n derivada del calibrado de la c\u00e1mara. A partir de la imagen percibida en condiciones desfavorables, bas\u00e1ndose en el desafino estimado, se estable un transformaci\u00f3n de la imagen mediante un proceso de normalizaci\u00f3n.  en este sentido se proponen transformaciones en diferentes niveles de los sistemas de visi\u00f3n. Una transformaci\u00f3n de s\u00edntesis de imagen normalizada en el nivel bajo y transformaciones de nivel medio de etiquetado de motivos con independencia de las condiciones de percepci\u00f3n y de etiquetado de desafino para la estimaci\u00f3n de las condiciones del entorno. Estas transformaciones utiliza<\/p>\n<p>&nbsp;<\/p>\n<h3>Datos acad\u00e9micos de la tesis doctoral \u00ab<strong>Modelado de sistemas para visi\u00f3n realista en condiciones adversas y escenas sin estructura<\/strong>\u00ab<\/h3>\n<ul>\n<li><strong>T\u00edtulo de la tesis:<\/strong>\u00a0 Modelado de sistemas para visi\u00f3n realista en condiciones adversas y escenas sin estructura <\/li>\n<li><strong>Autor:<\/strong>\u00a0 Andr\u00e9s Fuster Guill\u00f3 <\/li>\n<li><strong>Universidad:<\/strong>\u00a0 Alicante<\/li>\n<li><strong>Fecha de lectura de la tesis:<\/strong>\u00a0 29\/07\/2003<\/li>\n<\/ul>\n<p>&nbsp;<\/p>\n<h3>Direcci\u00f3n y tribunal<\/h3>\n<ul>\n<li><strong>Director de la tesis<\/strong>\n<ul>\n<li>Juan  Manuel Garc\u00eda Chamizo<\/li>\n<\/ul>\n<\/li>\n<li><strong>Tribunal<\/strong>\n<ul>\n<li>Presidente del tribunal:  Crespo i lorente alfons <\/li>\n<li>gabriela Andreu Garc\u00eda (vocal)<\/li>\n<li>ram\u00f3n Rizo aldeguer (vocal)<\/li>\n<li>Francisco Maci\u00e1 p\u00e9rez (vocal)<\/li>\n<\/ul>\n<\/li>\n<\/ul>\n<p>&nbsp;<\/p>\n","protected":false},"excerpt":{"rendered":"<p>Tesis doctoral de Andr\u00e9s Fuster Guill\u00f3 Los problemas de visi\u00f3n artificial relacionados con la operatividad de entornos reales, donde las [&hellip;]<\/p>\n","protected":false},"author":1,"featured_media":0,"comment_status":"open","ping_status":"open","sticky":false,"template":"","format":"standard","meta":{"site-sidebar-layout":"default","site-content-layout":"","ast-site-content-layout":"","site-content-style":"default","site-sidebar-style":"default","ast-global-header-display":"","ast-banner-title-visibility":"","ast-main-header-display":"","ast-hfb-above-header-display":"","ast-hfb-below-header-display":"","ast-hfb-mobile-header-display":"","site-post-title":"","ast-breadcrumbs-content":"","ast-featured-img":"","footer-sml-layout":"","theme-transparent-header-meta":"","adv-header-id-meta":"","stick-header-meta":"","header-above-stick-meta":"","header-main-stick-meta":"","header-below-stick-meta":"","astra-migrate-meta-layouts":"default","ast-page-background-enabled":"default","ast-page-background-meta":{"desktop":{"background-color":"var(--ast-global-color-4)","background-image":"","background-repeat":"repeat","background-position":"center center","background-size":"auto","background-attachment":"scroll","background-type":"","background-media":"","overlay-type":"","overlay-color":"","overlay-gradient":""},"tablet":{"background-color":"","background-image":"","background-repeat":"repeat","background-position":"center center","background-size":"auto","background-attachment":"scroll","background-type":"","background-media":"","overlay-type":"","overlay-color":"","overlay-gradient":""},"mobile":{"background-color":"","background-image":"","background-repeat":"repeat","background-position":"center center","background-size":"auto","background-attachment":"scroll","background-type":"","background-media":"","overlay-type":"","overlay-color":"","overlay-gradient":""}},"ast-content-background-meta":{"desktop":{"background-color":"var(--ast-global-color-5)","background-image":"","background-repeat":"repeat","background-position":"center center","background-size":"auto","background-attachment":"scroll","background-type":"","background-media":"","overlay-type":"","overlay-color":"","overlay-gradient":""},"tablet":{"background-color":"var(--ast-global-color-5)","background-image":"","background-repeat":"repeat","background-position":"center center","background-size":"auto","background-attachment":"scroll","background-type":"","background-media":"","overlay-type":"","overlay-color":"","overlay-gradient":""},"mobile":{"background-color":"var(--ast-global-color-5)","background-image":"","background-repeat":"repeat","background-position":"center center","background-size":"auto","background-attachment":"scroll","background-type":"","background-media":"","overlay-type":"","overlay-color":"","overlay-gradient":""}},"footnotes":""},"categories":[19166,4810,332,2535,11658],"tags":[73416,31318,40833,47178,19314,31302],"class_list":["post-25126","post","type-post","status-publish","format-standard","hentry","category-alicante","category-arquitectura-de-ordenadores","category-ciencias-tecnologicas","category-tecnologia-de-los-ordenadores","category-vision-artificial","tag-andres-fuster-guillo","tag-crespo-i-lorente-alfons","tag-francisco-macia-perez","tag-gabriela-andreu-garcia","tag-juan-manuel-garcia-chamizo","tag-ramon-rizo-aldeguer"],"_links":{"self":[{"href":"https:\/\/www.deberes.net\/tesis\/wp-json\/wp\/v2\/posts\/25126","targetHints":{"allow":["GET"]}}],"collection":[{"href":"https:\/\/www.deberes.net\/tesis\/wp-json\/wp\/v2\/posts"}],"about":[{"href":"https:\/\/www.deberes.net\/tesis\/wp-json\/wp\/v2\/types\/post"}],"author":[{"embeddable":true,"href":"https:\/\/www.deberes.net\/tesis\/wp-json\/wp\/v2\/users\/1"}],"replies":[{"embeddable":true,"href":"https:\/\/www.deberes.net\/tesis\/wp-json\/wp\/v2\/comments?post=25126"}],"version-history":[{"count":0,"href":"https:\/\/www.deberes.net\/tesis\/wp-json\/wp\/v2\/posts\/25126\/revisions"}],"wp:attachment":[{"href":"https:\/\/www.deberes.net\/tesis\/wp-json\/wp\/v2\/media?parent=25126"}],"wp:term":[{"taxonomy":"category","embeddable":true,"href":"https:\/\/www.deberes.net\/tesis\/wp-json\/wp\/v2\/categories?post=25126"},{"taxonomy":"post_tag","embeddable":true,"href":"https:\/\/www.deberes.net\/tesis\/wp-json\/wp\/v2\/tags?post=25126"}],"curies":[{"name":"wp","href":"https:\/\/api.w.org\/{rel}","templated":true}]}}