{"id":25170,"date":"2003-03-09T00:00:00","date_gmt":"2003-03-09T00:00:00","guid":{"rendered":"https:\/\/www.deberes.net\/tesis\/sin-categoria\/interaccion-de-la-historia-de-usos-del-suelo-y-el-fuego-en-condiciones-mediterraneas-respuesta-de-los-ecosistemas-y-estructura-del-paisaje\/"},"modified":"2003-03-09T00:00:00","modified_gmt":"2003-03-09T00:00:00","slug":"interaccion-de-la-historia-de-usos-del-suelo-y-el-fuego-en-condiciones-mediterraneas-respuesta-de-los-ecosistemas-y-estructura-del-paisaje","status":"publish","type":"post","link":"https:\/\/www.deberes.net\/tesis\/ciencias-de-la-tierra-y-del-espacio\/interaccion-de-la-historia-de-usos-del-suelo-y-el-fuego-en-condiciones-mediterraneas-respuesta-de-los-ecosistemas-y-estructura-del-paisaje\/","title":{"rendered":"Interacci\u00f3n de la historia de usos del suelo y el fuego en condiciones mediterr\u00e1neas. respuesta de los ecosistemas y estructura del paisaje"},"content":{"rendered":"<h2>Tesis doctoral de <strong> Beatriz Duguy Pedra <\/strong><\/h2>\n<p>En las \u00faltimas d\u00e9cadas, muchas regiones mediterr\u00e1neas europeas se han visto afectadas por profundos cambios en los usos del suelo. La presi\u00f3n agroganadera ha disminuido fuertemente, lo que ha causado un aumento de la cantidad de combustible presente en estos sistemas y, por tanto, una alteraci\u00f3n de la estructura del paisaje y del r\u00e9gimen de incendios.  para mejorar la gesti\u00f3n de estos paisajes se plantea la necesidad de adquirir un mayor conocimiento:  1,- de las interacciones espaciotemporales entre la estructura del paisaje y el r\u00e9gimen de incendios.  2,- de los procesos que tienen lugar despu\u00e9s del fuego en el ecosistema (suelo, vegetaci\u00f3n).  se ha reconstruido la historia de usos del suelo en el municipio de vall de gallinera (alicante) desde 1956 hasta 1994 mediante fotointerpretaci\u00f3n. los mapas de usos del suelo obtenidos (1956,1978,1989,1994) se ha importado al sig idrisi a fin de estudiar la din\u00e1mica de usos y del paisaje.  en la zona de estudio, el abandono de cultivos ha sido intenso en los a\u00f1os 50,60 y 70, causando un aumento de la incidencia de los grandes incendios y de la frecuencia de fuegos a partir de los a\u00f1os 70.  el abandono de cultivos, interaccionando con el fuego, tambi\u00e9n ha promovido una mayor fragmentaci\u00f3n y diversidad del paisaje. A partir de 1989, sin embargo, se observa una homogeneizaci\u00f3n incipiente del paisaje que se ha atribuido a la extensi\u00f3n del matorral medianamente denso, promovida por el fuego, y que podr\u00eda causar, a medio-largo plazo, un riesgo creciente de grandes incendios.  hemos estudiado los efectos de las historias de usos y de incendios sobre la vegetaci\u00f3n postincendio y sobre la fertilidad del suelo a medio plazo.  los resultados obtenidos indican que la historia de usos determina tanto la estructura como la composici\u00f3n flor\u00edstica y la configuraci\u00f3n espacial de las formaciones vegetales en las primeras etapas de la sucesi\u00f3n postincendio. la vegetaci\u00f3n de zonas c<\/p>\n<p>&nbsp;<\/p>\n<h3>Datos acad\u00e9micos de la tesis doctoral \u00ab<strong>Interacci\u00f3n de la historia de usos del suelo y el fuego en condiciones mediterr\u00e1neas. respuesta de los ecosistemas y estructura del paisaje<\/strong>\u00ab<\/h3>\n<ul>\n<li><strong>T\u00edtulo de la tesis:<\/strong>\u00a0 Interacci\u00f3n de la historia de usos del suelo y el fuego en condiciones mediterr\u00e1neas. respuesta de los ecosistemas y estructura del paisaje <\/li>\n<li><strong>Autor:<\/strong>\u00a0 Beatriz Duguy Pedra <\/li>\n<li><strong>Universidad:<\/strong>\u00a0 Alicante<\/li>\n<li><strong>Fecha de lectura de la tesis:<\/strong>\u00a0 03\/09\/2003<\/li>\n<\/ul>\n<p>&nbsp;<\/p>\n<h3>Direcci\u00f3n y tribunal<\/h3>\n<ul>\n<li><strong>Director de la tesis<\/strong>\n<ul>\n<li>Ram\u00f3n Vallejo Calzada<\/li>\n<\/ul>\n<\/li>\n<li><strong>Tribunal<\/strong>\n<ul>\n<li>Presidente del tribunal: estanislao De Luis calabuig <\/li>\n<li>jordi Carreras raurell (vocal)<\/li>\n<li>louis Trabaud (vocal)<\/li>\n<li>beatriz P\u00e9rez ramos (vocal)<\/li>\n<\/ul>\n<\/li>\n<\/ul>\n<p>&nbsp;<\/p>\n","protected":false},"excerpt":{"rendered":"<p>Tesis doctoral de Beatriz Duguy Pedra En las \u00faltimas d\u00e9cadas, muchas regiones mediterr\u00e1neas europeas se han visto afectadas por profundos [&hellip;]<\/p>\n","protected":false},"author":1,"featured_media":0,"comment_status":"open","ping_status":"open","sticky":false,"template":"","format":"standard","meta":{"site-sidebar-layout":"default","site-content-layout":"","ast-site-content-layout":"","site-content-style":"default","site-sidebar-style":"default","ast-global-header-display":"","ast-banner-title-visibility":"","ast-main-header-display":"","ast-hfb-above-header-display":"","ast-hfb-below-header-display":"","ast-hfb-mobile-header-display":"","site-post-title":"","ast-breadcrumbs-content":"","ast-featured-img":"","footer-sml-layout":"","theme-transparent-header-meta":"","adv-header-id-meta":"","stick-header-meta":"","header-above-stick-meta":"","header-main-stick-meta":"","header-below-stick-meta":"","astra-migrate-meta-layouts":"default","ast-page-background-enabled":"default","ast-page-background-meta":{"desktop":{"background-color":"var(--ast-global-color-4)","background-image":"","background-repeat":"repeat","background-position":"center center","background-size":"auto","background-attachment":"scroll","background-type":"","background-media":"","overlay-type":"","overlay-color":"","overlay-gradient":""},"tablet":{"background-color":"","background-image":"","background-repeat":"repeat","background-position":"center center","background-size":"auto","background-attachment":"scroll","background-type":"","background-media":"","overlay-type":"","overlay-color":"","overlay-gradient":""},"mobile":{"background-color":"","background-image":"","background-repeat":"repeat","background-position":"center center","background-size":"auto","background-attachment":"scroll","background-type":"","background-media":"","overlay-type":"","overlay-color":"","overlay-gradient":""}},"ast-content-background-meta":{"desktop":{"background-color":"var(--ast-global-color-5)","background-image":"","background-repeat":"repeat","background-position":"center center","background-size":"auto","background-attachment":"scroll","background-type":"","background-media":"","overlay-type":"","overlay-color":"","overlay-gradient":""},"tablet":{"background-color":"var(--ast-global-color-5)","background-image":"","background-repeat":"repeat","background-position":"center center","background-size":"auto","background-attachment":"scroll","background-type":"","background-media":"","overlay-type":"","overlay-color":"","overlay-gradient":""},"mobile":{"background-color":"var(--ast-global-color-5)","background-image":"","background-repeat":"repeat","background-position":"center center","background-size":"auto","background-attachment":"scroll","background-type":"","background-media":"","overlay-type":"","overlay-color":"","overlay-gradient":""}},"footnotes":""},"categories":[19166,972,27,35,5742,620,2498,2752,14948],"tags":[73517,73519,4440,73518,8617,3265],"class_list":["post-25170","post","type-post","status-publish","format-standard","hentry","category-alicante","category-botanica","category-ciencias-de-la-tierra-y-del-espacio","category-ciencias-de-la-vida","category-ciencias-geograficas","category-ecologia-vegetal","category-edafologia","category-quimica-de-suelos","category-usos-del-suelo","tag-beatriz-duguy-pedra","tag-beatriz-perez-ramos","tag-estanislao-de-luis-calabuig","tag-jordi-carreras-raurell","tag-louis-trabaud","tag-ramon-vallejo-calzada"],"_links":{"self":[{"href":"https:\/\/www.deberes.net\/tesis\/wp-json\/wp\/v2\/posts\/25170","targetHints":{"allow":["GET"]}}],"collection":[{"href":"https:\/\/www.deberes.net\/tesis\/wp-json\/wp\/v2\/posts"}],"about":[{"href":"https:\/\/www.deberes.net\/tesis\/wp-json\/wp\/v2\/types\/post"}],"author":[{"embeddable":true,"href":"https:\/\/www.deberes.net\/tesis\/wp-json\/wp\/v2\/users\/1"}],"replies":[{"embeddable":true,"href":"https:\/\/www.deberes.net\/tesis\/wp-json\/wp\/v2\/comments?post=25170"}],"version-history":[{"count":0,"href":"https:\/\/www.deberes.net\/tesis\/wp-json\/wp\/v2\/posts\/25170\/revisions"}],"wp:attachment":[{"href":"https:\/\/www.deberes.net\/tesis\/wp-json\/wp\/v2\/media?parent=25170"}],"wp:term":[{"taxonomy":"category","embeddable":true,"href":"https:\/\/www.deberes.net\/tesis\/wp-json\/wp\/v2\/categories?post=25170"},{"taxonomy":"post_tag","embeddable":true,"href":"https:\/\/www.deberes.net\/tesis\/wp-json\/wp\/v2\/tags?post=25170"}],"curies":[{"name":"wp","href":"https:\/\/api.w.org\/{rel}","templated":true}]}}