{"id":25188,"date":"2003-05-09T00:00:00","date_gmt":"2003-05-09T00:00:00","guid":{"rendered":"https:\/\/www.deberes.net\/tesis\/sin-categoria\/morbilidad-y-mortalidad-del-hospital-san-sebastian-de-badajoz-de-1890-a-1899\/"},"modified":"2003-05-09T00:00:00","modified_gmt":"2003-05-09T00:00:00","slug":"morbilidad-y-mortalidad-del-hospital-san-sebastian-de-badajoz-de-1890-a-1899","status":"publish","type":"post","link":"https:\/\/www.deberes.net\/tesis\/ciencias-medicas\/morbilidad-y-mortalidad-del-hospital-san-sebastian-de-badajoz-de-1890-a-1899\/","title":{"rendered":"Morbilidad y mortalidad del hospital san sebasti\u00e1n de badajoz de 1890 a 1899"},"content":{"rendered":"<h2>Tesis doctoral de <strong> Isabel Rovira Farr\u00e9 <\/strong><\/h2>\n<p>En el presente trabajo se estudia la distribuci\u00f3n por sexo, edades, estado civil, y \u00e1reas de procedencia de la poblaci\u00f3n total ingresada en el hospital san sebasti\u00e1n de badajoz de 1890 a 1899.  se expone la \u00edntima relaci\u00f3n entre hospital y hospicio, no s\u00f3lo porque en diversos per\u00edodos el director fuera del mismo, sino por el trasvase de personas de un sitio a otro, ya que de lo que se trataba era de sacar el mayor partido de estas instituciones y as\u00ed obtener la mejor asistencia ben\u00e9fica que se pod\u00eda dar en el momento.  se aborda el an\u00e1lisis descriptivio de la morbilidad y la mortalidad hospitalarias en el per\u00edodo citado y su eventual relaci\u00f3n con la sociedad finisecular de su entorno.  en cuanto a la morbilidad, destacan los estragos del paludismo en la poblaci\u00f3n ingresada, por ser en la \u00e9poca una enfermedad end\u00e9mica de extremadura. las enfermedades infecciosas son la principal causa de muerte intra-hospitalaria.  la mortalidad media hospitalaria anual en el hospital san sebasti\u00e1n tiene un comportamiento similar al de otros hospitales de la \u00e9poca en espa\u00f1a, observ\u00e1ndose una sobremortalidad femenina. La tuberculosis es la primera causa de muerte.<\/p>\n<p>&nbsp;<\/p>\n<h3>Datos acad\u00e9micos de la tesis doctoral \u00ab<strong>Morbilidad y mortalidad del hospital san sebasti\u00e1n de badajoz de 1890 a 1899<\/strong>\u00ab<\/h3>\n<ul>\n<li><strong>T\u00edtulo de la tesis:<\/strong>\u00a0 Morbilidad y mortalidad del hospital san sebasti\u00e1n de badajoz de 1890 a 1899 <\/li>\n<li><strong>Autor:<\/strong>\u00a0 Isabel Rovira Farr\u00e9 <\/li>\n<li><strong>Universidad:<\/strong>\u00a0 Extremadura<\/li>\n<li><strong>Fecha de lectura de la tesis:<\/strong>\u00a0 05\/09\/2003<\/li>\n<\/ul>\n<p>&nbsp;<\/p>\n<h3>Direcci\u00f3n y tribunal<\/h3>\n<ul>\n<li><strong>Director de la tesis<\/strong>\n<ul>\n<li>Diego Peral Pacheco<\/li>\n<\/ul>\n<\/li>\n<li><strong>Tribunal<\/strong>\n<ul>\n<li>Presidente del tribunal: felipe Cid rafael <\/li>\n<li>Francisco Jos\u00e9 Vaz leal (vocal)<\/li>\n<li>Antonio Rodriguez de las heras p\u00e9rez (vocal)<\/li>\n<li> S\u00e1nchez s\u00e1nchez Jos\u00e9 Antonio (vocal)<\/li>\n<\/ul>\n<\/li>\n<\/ul>\n<p>&nbsp;<\/p>\n","protected":false},"excerpt":{"rendered":"<p>Tesis doctoral de Isabel Rovira Farr\u00e9 En el presente trabajo se estudia la distribuci\u00f3n por sexo, edades, estado civil, y [&hellip;]<\/p>\n","protected":false},"author":1,"featured_media":0,"comment_status":"open","ping_status":"open","sticky":false,"template":"","format":"standard","meta":{"site-sidebar-layout":"default","site-content-layout":"","ast-site-content-layout":"","site-content-style":"default","site-sidebar-style":"default","ast-global-header-display":"","ast-banner-title-visibility":"","ast-main-header-display":"","ast-hfb-above-header-display":"","ast-hfb-below-header-display":"","ast-hfb-mobile-header-display":"","site-post-title":"","ast-breadcrumbs-content":"","ast-featured-img":"","footer-sml-layout":"","theme-transparent-header-meta":"","adv-header-id-meta":"","stick-header-meta":"","header-above-stick-meta":"","header-main-stick-meta":"","header-below-stick-meta":"","astra-migrate-meta-layouts":"default","ast-page-background-enabled":"default","ast-page-background-meta":{"desktop":{"background-color":"var(--ast-global-color-4)","background-image":"","background-repeat":"repeat","background-position":"center center","background-size":"auto","background-attachment":"scroll","background-type":"","background-media":"","overlay-type":"","overlay-color":"","overlay-gradient":""},"tablet":{"background-color":"","background-image":"","background-repeat":"repeat","background-position":"center center","background-size":"auto","background-attachment":"scroll","background-type":"","background-media":"","overlay-type":"","overlay-color":"","overlay-gradient":""},"mobile":{"background-color":"","background-image":"","background-repeat":"repeat","background-position":"center center","background-size":"auto","background-attachment":"scroll","background-type":"","background-media":"","overlay-type":"","overlay-color":"","overlay-gradient":""}},"ast-content-background-meta":{"desktop":{"background-color":"var(--ast-global-color-5)","background-image":"","background-repeat":"repeat","background-position":"center center","background-size":"auto","background-attachment":"scroll","background-type":"","background-media":"","overlay-type":"","overlay-color":"","overlay-gradient":""},"tablet":{"background-color":"var(--ast-global-color-5)","background-image":"","background-repeat":"repeat","background-position":"center center","background-size":"auto","background-attachment":"scroll","background-type":"","background-media":"","overlay-type":"","overlay-color":"","overlay-gradient":""},"mobile":{"background-color":"var(--ast-global-color-5)","background-image":"","background-repeat":"repeat","background-position":"center center","background-size":"auto","background-attachment":"scroll","background-type":"","background-media":"","overlay-type":"","overlay-color":"","overlay-gradient":""}},"footnotes":""},"categories":[9,949,104,221,222,156],"tags":[25270,33330,73564,20801,73563,12665],"class_list":["post-25188","post","type-post","status-publish","format-standard","hentry","category-ciencias-medicas","category-extremadura","category-historia","category-historia-de-la-medicina","category-historias-especializadas","category-patologia","tag-antonio-rodriguez-de-las-heras-perez","tag-diego-peral-pacheco","tag-felipe-cid-rafael","tag-francisco-jose-vaz-leal","tag-isabel-rovira-farre","tag-sanchez-sanchez-jose-antonio"],"_links":{"self":[{"href":"https:\/\/www.deberes.net\/tesis\/wp-json\/wp\/v2\/posts\/25188","targetHints":{"allow":["GET"]}}],"collection":[{"href":"https:\/\/www.deberes.net\/tesis\/wp-json\/wp\/v2\/posts"}],"about":[{"href":"https:\/\/www.deberes.net\/tesis\/wp-json\/wp\/v2\/types\/post"}],"author":[{"embeddable":true,"href":"https:\/\/www.deberes.net\/tesis\/wp-json\/wp\/v2\/users\/1"}],"replies":[{"embeddable":true,"href":"https:\/\/www.deberes.net\/tesis\/wp-json\/wp\/v2\/comments?post=25188"}],"version-history":[{"count":0,"href":"https:\/\/www.deberes.net\/tesis\/wp-json\/wp\/v2\/posts\/25188\/revisions"}],"wp:attachment":[{"href":"https:\/\/www.deberes.net\/tesis\/wp-json\/wp\/v2\/media?parent=25188"}],"wp:term":[{"taxonomy":"category","embeddable":true,"href":"https:\/\/www.deberes.net\/tesis\/wp-json\/wp\/v2\/categories?post=25188"},{"taxonomy":"post_tag","embeddable":true,"href":"https:\/\/www.deberes.net\/tesis\/wp-json\/wp\/v2\/tags?post=25188"}],"curies":[{"name":"wp","href":"https:\/\/api.w.org\/{rel}","templated":true}]}}