{"id":25195,"date":"2003-05-09T00:00:00","date_gmt":"2003-05-09T00:00:00","guid":{"rendered":"https:\/\/www.deberes.net\/tesis\/sin-categoria\/conceptos-de-estetica-a-traves-de-la-teoria-experiencial-de-la-metafora\/"},"modified":"2003-05-09T00:00:00","modified_gmt":"2003-05-09T00:00:00","slug":"conceptos-de-estetica-a-traves-de-la-teoria-experiencial-de-la-metafora","status":"publish","type":"post","link":"https:\/\/www.deberes.net\/tesis\/sin-categoria\/conceptos-de-estetica-a-traves-de-la-teoria-experiencial-de-la-metafora\/","title":{"rendered":"Conceptos de est\u00e9tica a trav\u00e9s de la teor\u00eda experiencial de la met\u00e1fora"},"content":{"rendered":"<h2>Tesis doctoral de <strong> Juan  Gonzalo Lerma Pelaez <\/strong><\/h2>\n<p>&#8211; an\u00e1lisis cr\u00edtico de los conceptos y afirmaciones m\u00e1s habituales en el terreno de la est\u00e9tica. Se pretende eliminar y\/o sustituir aquellos conceptos que est\u00e1n insuficientemente definidos o son ambiguos. Se eliminan los conceptos relacionados con \u00abintuici\u00f3n\u00bb, \u00absubjetividad\u00bb y \u00abfunci\u00f3n po\u00e9tica\u00bb.  &#8211; an\u00e1lisis hist\u00f3rico del surgimiento y desarrollo de dichos conceptos est\u00e9ticos. Se constata que no proceden de la observaci\u00f3n directa de los fen\u00f3menos est\u00e9ticos, sino que derivan de teor\u00edas filos\u00f3ficas de epistemolog\u00eda y metaf\u00edsica. Los conceptos est\u00e9ticos se vinculan a la existencia de un prejuicio literalista en la teor\u00eda del conocimiento. Se analiza la situaci\u00f3n actual del liberalismo a partir de la crisis de la concepci\u00f3n heredada y las diversas alternativas a este modelo explicativo del conocimiento.  &#8211; la met\u00e1fora como alternativa al modelo literalista. An\u00e1lisis hist\u00f3rico de las diversas teor\u00edas acerca de la met\u00e1fora, de arist\u00f3teles en adelante, exponiendo sus ventajas e inconvenientes.  &#8211; la teor\u00eda experiencial de la met\u00e1fora, creada por lakoff y johnson, es la explicaci\u00f3n m\u00e1s adecuada, superando los extremos objetivista y subjetivista en los que ca\u00edan las teor\u00edas anteriores. Descripci\u00f3n de la teor\u00eda experiencial: tesis de partida, las caracter\u00edsticas de la proyecci\u00f3n metaf\u00f3rica (parcial, no necesaria y gestaltica), clasificaci\u00f3n topol\u00f3gica y frecuencial de las met\u00e1foras, los sistemas metaf\u00f3ricos, su coherencia y subordinaci\u00f3n.  &#8211; aplicaci\u00f3n de la teor\u00eda experiencial de la met\u00e1fora a los fen\u00f3menos est\u00e9ticos: redefinici\u00f3n de los conceptos est\u00e9ticos en funci\u00f3n de procesos cognitivos como la proyecci\u00f3n metaf\u00f3rica; explicaci\u00f3n de las caracter\u00edsticas de los fen\u00f3menos est\u00e9ticos a partir de los nuevos conceptos.  &#8211; an\u00e1lisis de las ventajas te\u00f3ricas que tiene la aplicaci\u00f3n de la teor\u00eda experiencial a la est\u00e9tica: mejor definici\u00f3n de terminos, mayor amplitud, posibilidad de operaci<\/p>\n<p>&nbsp;<\/p>\n<h3>Datos acad\u00e9micos de la tesis doctoral \u00ab<strong>Conceptos de est\u00e9tica a trav\u00e9s de la teor\u00eda experiencial de la met\u00e1fora<\/strong>\u00ab<\/h3>\n<ul>\n<li><strong>T\u00edtulo de la tesis:<\/strong>\u00a0 Conceptos de est\u00e9tica a trav\u00e9s de la teor\u00eda experiencial de la met\u00e1fora <\/li>\n<li><strong>Autor:<\/strong>\u00a0 Juan  Gonzalo Lerma Pelaez <\/li>\n<li><strong>Universidad:<\/strong>\u00a0 Granada<\/li>\n<li><strong>Fecha de lectura de la tesis:<\/strong>\u00a0 05\/09\/2003<\/li>\n<\/ul>\n<p>&nbsp;<\/p>\n<h3>Direcci\u00f3n y tribunal<\/h3>\n<ul>\n<li><strong>Director de la tesis<\/strong>\n<ul>\n<li>Jes\u00fas D\u00edaz Bucero<\/li>\n<\/ul>\n<\/li>\n<li><strong>Tribunal<\/strong>\n<ul>\n<li>Presidente del tribunal:  Tolosa mar\u00edn Jos\u00e9 lu\u00eds <\/li>\n<li>esperanza Guill\u00e9n marcos (vocal)<\/li>\n<li> Calle de la calle rom\u00e1n de la (vocal)<\/li>\n<li>Mar\u00eda Acaso l\u00f3pez bosch (vocal)<\/li>\n<\/ul>\n<\/li>\n<\/ul>\n<p>&nbsp;<\/p>\n","protected":false},"excerpt":{"rendered":"<p>Tesis doctoral de Juan Gonzalo Lerma Pelaez &#8211; an\u00e1lisis cr\u00edtico de los conceptos y afirmaciones m\u00e1s habituales en el terreno [&hellip;]<\/p>\n","protected":false},"author":1,"featured_media":0,"comment_status":"open","ping_status":"open","sticky":false,"template":"","format":"standard","meta":{"site-sidebar-layout":"default","site-content-layout":"","ast-site-content-layout":"","site-content-style":"default","site-sidebar-style":"default","ast-global-header-display":"","ast-banner-title-visibility":"","ast-main-header-display":"","ast-hfb-above-header-display":"","ast-hfb-below-header-display":"","ast-hfb-mobile-header-display":"","site-post-title":"","ast-breadcrumbs-content":"","ast-featured-img":"","footer-sml-layout":"","theme-transparent-header-meta":"","adv-header-id-meta":"","stick-header-meta":"","header-above-stick-meta":"","header-main-stick-meta":"","header-below-stick-meta":"","astra-migrate-meta-layouts":"default","ast-page-background-enabled":"default","ast-page-background-meta":{"desktop":{"background-color":"var(--ast-global-color-4)","background-image":"","background-repeat":"repeat","background-position":"center center","background-size":"auto","background-attachment":"scroll","background-type":"","background-media":"","overlay-type":"","overlay-color":"","overlay-gradient":""},"tablet":{"background-color":"","background-image":"","background-repeat":"repeat","background-position":"center center","background-size":"auto","background-attachment":"scroll","background-type":"","background-media":"","overlay-type":"","overlay-color":"","overlay-gradient":""},"mobile":{"background-color":"","background-image":"","background-repeat":"repeat","background-position":"center center","background-size":"auto","background-attachment":"scroll","background-type":"","background-media":"","overlay-type":"","overlay-color":"","overlay-gradient":""}},"ast-content-background-meta":{"desktop":{"background-color":"var(--ast-global-color-5)","background-image":"","background-repeat":"repeat","background-position":"center center","background-size":"auto","background-attachment":"scroll","background-type":"","background-media":"","overlay-type":"","overlay-color":"","overlay-gradient":""},"tablet":{"background-color":"var(--ast-global-color-5)","background-image":"","background-repeat":"repeat","background-position":"center center","background-size":"auto","background-attachment":"scroll","background-type":"","background-media":"","overlay-type":"","overlay-color":"","overlay-gradient":""},"mobile":{"background-color":"var(--ast-global-color-5)","background-image":"","background-repeat":"repeat","background-position":"center center","background-size":"auto","background-attachment":"scroll","background-type":"","background-media":"","overlay-type":"","overlay-color":"","overlay-gradient":""}},"footnotes":""},"categories":[1],"tags":[12046,60280,21857,73584,73585,7360],"class_list":["post-25195","post","type-post","status-publish","format-standard","hentry","category-sin-categoria","tag-calle-de-la-calle-roman-de-la","tag-esperanza-guillen-marcos","tag-jesus-diaz-bucero","tag-juan-gonzalo-lerma-pelaez","tag-maria-acaso-lopez-bosch","tag-tolosa-marin-jose-luis"],"_links":{"self":[{"href":"https:\/\/www.deberes.net\/tesis\/wp-json\/wp\/v2\/posts\/25195","targetHints":{"allow":["GET"]}}],"collection":[{"href":"https:\/\/www.deberes.net\/tesis\/wp-json\/wp\/v2\/posts"}],"about":[{"href":"https:\/\/www.deberes.net\/tesis\/wp-json\/wp\/v2\/types\/post"}],"author":[{"embeddable":true,"href":"https:\/\/www.deberes.net\/tesis\/wp-json\/wp\/v2\/users\/1"}],"replies":[{"embeddable":true,"href":"https:\/\/www.deberes.net\/tesis\/wp-json\/wp\/v2\/comments?post=25195"}],"version-history":[{"count":0,"href":"https:\/\/www.deberes.net\/tesis\/wp-json\/wp\/v2\/posts\/25195\/revisions"}],"wp:attachment":[{"href":"https:\/\/www.deberes.net\/tesis\/wp-json\/wp\/v2\/media?parent=25195"}],"wp:term":[{"taxonomy":"category","embeddable":true,"href":"https:\/\/www.deberes.net\/tesis\/wp-json\/wp\/v2\/categories?post=25195"},{"taxonomy":"post_tag","embeddable":true,"href":"https:\/\/www.deberes.net\/tesis\/wp-json\/wp\/v2\/tags?post=25195"}],"curies":[{"name":"wp","href":"https:\/\/api.w.org\/{rel}","templated":true}]}}