{"id":25227,"date":"2003-08-09T00:00:00","date_gmt":"2003-08-09T00:00:00","guid":{"rendered":"https:\/\/www.deberes.net\/tesis\/sin-categoria\/imagenes-culturales-de-alteridad-el-discurso-anticatolico-en-el-pera%c2%adodo-reformista-tudor-1534-1603\/"},"modified":"2003-08-09T00:00:00","modified_gmt":"2003-08-09T00:00:00","slug":"imagenes-culturales-de-alteridad-el-discurso-anticatolico-en-el-pera%c2%adodo-reformista-tudor-1534-1603","status":"publish","type":"post","link":"https:\/\/www.deberes.net\/tesis\/sevilla\/imagenes-culturales-de-alteridad-el-discurso-anticatolico-en-el-pera%c2%adodo-reformista-tudor-1534-1603\/","title":{"rendered":"Im\u00e1genes culturales de alteridad: el discurso anticat\u00f3lico en el per\u00edodo reformista tudor (1534-1603)"},"content":{"rendered":"<h2>Tesis doctoral de <strong> Leticia Elena Alvarez Recio <\/strong><\/h2>\n<p>El presente estudio profundiza en el discurso de alteridad que envileci\u00f3 la figura del \u00abcat\u00f3lico\u00bb en inglaterra durante el per\u00edodo comprendido entre 1534 y 1603. Para ello, se analizan una serie de panfletos pol\u00edtico-teol\u00f3gicos y obras de teatro con la intenci\u00f3n de demostrar c\u00f3mo estos textos contribuyeron a elaborar la realidad del protestantismo ingl\u00e9s del siglo xvi. El enfoque metodol\u00f3gico utilizado est\u00e1 basado en el an\u00e1lisis intertextual sobre la tradici\u00f3n emblem\u00e1tica del humanismo cristiano y las t\u00e9cnicas modernas de an\u00e1lisis de discurso. Los planfletos y obras de teatro han sidocontrastados con otras manifestaciones discursivas, como entradas reales, cartas, testimonios contempor\u00e1neos, etc. Se explica as\u00ed, c\u00f3mo, en qu\u00e9 momento y por qu\u00e9 se gest\u00f3 el estereotipo papista y su confluencia con diversos \u00abotros\u00bb del per\u00edodo, como el \u00abjesuita\u00bb, el \u00abateo\u00bb, el \u00abinglese italianato\u00bb, el \u00abpol\u00edtico maquiav\u00e9lico\u00bb y, con especial relevancia, el \u00abespa\u00f1ol\u00bb.<\/p>\n<p>&nbsp;<\/p>\n<h3>Datos acad\u00e9micos de la tesis doctoral \u00ab<strong>Im\u00e1genes culturales de alteridad: el discurso anticat\u00f3lico en el per\u00edodo reformista tudor (1534-1603)<\/strong>\u00ab<\/h3>\n<ul>\n<li><strong>T\u00edtulo de la tesis:<\/strong>\u00a0 Im\u00e1genes culturales de alteridad: el discurso anticat\u00f3lico en el per\u00edodo reformista tudor (1534-1603) <\/li>\n<li><strong>Autor:<\/strong>\u00a0 Leticia Elena Alvarez Recio <\/li>\n<li><strong>Universidad:<\/strong>\u00a0 Sevilla<\/li>\n<li><strong>Fecha de lectura de la tesis:<\/strong>\u00a0 08\/09\/2003<\/li>\n<\/ul>\n<p>&nbsp;<\/p>\n<h3>Direcci\u00f3n y tribunal<\/h3>\n<ul>\n<li><strong>Director de la tesis<\/strong>\n<ul>\n<li>Manuel Jos\u00e9 G\u00f3mez Lara<\/li>\n<\/ul>\n<\/li>\n<li><strong>Tribunal<\/strong>\n<ul>\n<li>Presidente del tribunal: Juan  fernando Galvan reula <\/li>\n<li> Mora sena m. Jos\u00e9 (vocal)<\/li>\n<li>Rafael Portillo Garc\u00eda (vocal)<\/li>\n<li>clara Calvo lopez (vocal)<\/li>\n<\/ul>\n<\/li>\n<\/ul>\n<p>&nbsp;<\/p>\n","protected":false},"excerpt":{"rendered":"<p>Tesis doctoral de Leticia Elena Alvarez Recio El presente estudio profundiza en el discurso de alteridad que envileci\u00f3 la figura [&hellip;]<\/p>\n","protected":false},"author":1,"featured_media":0,"comment_status":"open","ping_status":"open","sticky":false,"template":"","format":"standard","meta":{"site-sidebar-layout":"default","site-content-layout":"","ast-site-content-layout":"","site-content-style":"default","site-sidebar-style":"default","ast-global-header-display":"","ast-banner-title-visibility":"","ast-main-header-display":"","ast-hfb-above-header-display":"","ast-hfb-below-header-display":"","ast-hfb-mobile-header-display":"","site-post-title":"","ast-breadcrumbs-content":"","ast-featured-img":"","footer-sml-layout":"","theme-transparent-header-meta":"","adv-header-id-meta":"","stick-header-meta":"","header-above-stick-meta":"","header-main-stick-meta":"","header-below-stick-meta":"","astra-migrate-meta-layouts":"default","ast-page-background-enabled":"default","ast-page-background-meta":{"desktop":{"background-color":"var(--ast-global-color-4)","background-image":"","background-repeat":"repeat","background-position":"center center","background-size":"auto","background-attachment":"scroll","background-type":"","background-media":"","overlay-type":"","overlay-color":"","overlay-gradient":""},"tablet":{"background-color":"","background-image":"","background-repeat":"repeat","background-position":"center center","background-size":"auto","background-attachment":"scroll","background-type":"","background-media":"","overlay-type":"","overlay-color":"","overlay-gradient":""},"mobile":{"background-color":"","background-image":"","background-repeat":"repeat","background-position":"center center","background-size":"auto","background-attachment":"scroll","background-type":"","background-media":"","overlay-type":"","overlay-color":"","overlay-gradient":""}},"ast-content-background-meta":{"desktop":{"background-color":"var(--ast-global-color-5)","background-image":"","background-repeat":"repeat","background-position":"center center","background-size":"auto","background-attachment":"scroll","background-type":"","background-media":"","overlay-type":"","overlay-color":"","overlay-gradient":""},"tablet":{"background-color":"var(--ast-global-color-5)","background-image":"","background-repeat":"repeat","background-position":"center center","background-size":"auto","background-attachment":"scroll","background-type":"","background-media":"","overlay-type":"","overlay-color":"","overlay-gradient":""},"mobile":{"background-color":"var(--ast-global-color-5)","background-image":"","background-repeat":"repeat","background-position":"center center","background-size":"auto","background-attachment":"scroll","background-type":"","background-media":"","overlay-type":"","overlay-color":"","overlay-gradient":""}},"footnotes":""},"categories":[10715],"tags":[22968,8962,73664,35932,73665,12089],"class_list":["post-25227","post","type-post","status-publish","format-standard","hentry","category-sevilla","tag-clara-calvo-lopez","tag-juan-fernando-galvan-reula","tag-leticia-elena-alvarez-recio","tag-manuel-jose-gomez-lara","tag-mora-sena-m-jose","tag-rafael-portillo-garcia"],"_links":{"self":[{"href":"https:\/\/www.deberes.net\/tesis\/wp-json\/wp\/v2\/posts\/25227","targetHints":{"allow":["GET"]}}],"collection":[{"href":"https:\/\/www.deberes.net\/tesis\/wp-json\/wp\/v2\/posts"}],"about":[{"href":"https:\/\/www.deberes.net\/tesis\/wp-json\/wp\/v2\/types\/post"}],"author":[{"embeddable":true,"href":"https:\/\/www.deberes.net\/tesis\/wp-json\/wp\/v2\/users\/1"}],"replies":[{"embeddable":true,"href":"https:\/\/www.deberes.net\/tesis\/wp-json\/wp\/v2\/comments?post=25227"}],"version-history":[{"count":0,"href":"https:\/\/www.deberes.net\/tesis\/wp-json\/wp\/v2\/posts\/25227\/revisions"}],"wp:attachment":[{"href":"https:\/\/www.deberes.net\/tesis\/wp-json\/wp\/v2\/media?parent=25227"}],"wp:term":[{"taxonomy":"category","embeddable":true,"href":"https:\/\/www.deberes.net\/tesis\/wp-json\/wp\/v2\/categories?post=25227"},{"taxonomy":"post_tag","embeddable":true,"href":"https:\/\/www.deberes.net\/tesis\/wp-json\/wp\/v2\/tags?post=25227"}],"curies":[{"name":"wp","href":"https:\/\/api.w.org\/{rel}","templated":true}]}}