{"id":25235,"date":"2003-09-09T00:00:00","date_gmt":"2003-09-09T00:00:00","guid":{"rendered":"https:\/\/www.deberes.net\/tesis\/sin-categoria\/los-principios-de-igualdad-merito-y-capacidad-en-la-funcion-publica-con-especial-referencia-a-andaluca%c2%ada\/"},"modified":"2003-09-09T00:00:00","modified_gmt":"2003-09-09T00:00:00","slug":"los-principios-de-igualdad-merito-y-capacidad-en-la-funcion-publica-con-especial-referencia-a-andaluca%c2%ada","status":"publish","type":"post","link":"https:\/\/www.deberes.net\/tesis\/sin-categoria\/los-principios-de-igualdad-merito-y-capacidad-en-la-funcion-publica-con-especial-referencia-a-andaluca%c2%ada\/","title":{"rendered":"Los principios de igualdad, m\u00e9rito y capacidad en la funci\u00f3n p\u00fablica: con especial referencia a andaluc\u00eda"},"content":{"rendered":"<h2>Tesis doctoral de <strong> Josefa Villaescusa Arnedo <\/strong><\/h2>\n<p>Versa sobre estos principios en el acceso y la carrera profesional.  en la primera parte se analiza los antecedentes normativos, desde el estatuto de l\u00f3pez ballesteros hasta el actual, as\u00ed como la g\u00e9nesis constitucional de los arts. 23.2 y 103.3 de la const. Espa\u00f1ola. Tambi\u00e9n se estudian los medios de defensa cuando la administraci\u00f3n haya vulnerado en su actuar alg\u00fan derecho fundamental, al establecer condiciones para el acceso a la funci\u00f3n p\u00fablica y posterior carrera administrativa, no acorde con los principios de igualdad, merito y capacidad.  en la segunda parte que constituye el eje central de nuestra investigaci\u00f3n se analiza la funci\u00f3n p\u00fablica andaluza. Tras un estudio previo de sus or\u00edgenes, estructra de su administraci\u00f3n, en especial de la consejer\u00eda de justicia y funci\u00f3n p\u00fablica, se abord\u00f3 el an\u00e1lisis de la incidencia de los principios constitucionales de igualdad, m\u00e9rito, capacidad y publicidad en el reclutamiento de su personal y en la carrera administrativa.  se realiza un estudio profundo sobre el tema en la ley 6\/1985. De 28 de noviembre de la funci\u00f3n p\u00fablica andaluza, en su reglamento general de ingreso, promoci\u00f3n interna, provisi\u00f3n de puestos de trabajo y promoci\u00f3n profesional (decreto 2\/2002, de 9 de enero), y el reglamento que regula el \u00e1rea funcional como una de las caracter\u00edsticas esenciales de los puestos de trabajo del personal funcionario (aprobado por decreto 65\/1993, de 13 de febrero).  se hace an\u00e1lisis comparado de su legislaci\u00f3n con el resto de las comunidades aut\u00f3nomas. Se tratan las razones que motivan la elaboraci\u00f3n de una ley de la funci\u00f3n p\u00fablica, los retos que \u00e9sta ha de acometer y los contenidos b\u00e1sicos que esta debe contemplar. Para ello se compara el proyecto de ley del estatuto b\u00e1sico dela funci\u00f3n p\u00fablica, el documento de bases para un funci\u00f3n p\u00fablica andaluza del siglo xxi y el anteproyecto de ley de la funci\u00f3n p\u00fablica de andaluc\u00eda.  se temina con unas co<\/p>\n<p>&nbsp;<\/p>\n<h3>Datos acad\u00e9micos de la tesis doctoral \u00ab<strong>Los principios de igualdad, m\u00e9rito y capacidad en la funci\u00f3n p\u00fablica: con especial referencia a andaluc\u00eda<\/strong>\u00ab<\/h3>\n<ul>\n<li><strong>T\u00edtulo de la tesis:<\/strong>\u00a0 Los principios de igualdad, m\u00e9rito y capacidad en la funci\u00f3n p\u00fablica: con especial referencia a andaluc\u00eda<\/li>\n<li><strong>Autor:<\/strong>\u00a0 Josefa Villaescusa Arnedo <\/li>\n<li><strong>Universidad:<\/strong>\u00a0 Granada<\/li>\n<li><strong>Fecha de lectura de la tesis:<\/strong>\u00a0 09\/09\/2003<\/li>\n<\/ul>\n<p>&nbsp;<\/p>\n<h3>Direcci\u00f3n y tribunal<\/h3>\n<ul>\n<li><strong>Director de la tesis<\/strong>\n<ul>\n<li>Eduardo Roca Roca<\/li>\n<\/ul>\n<\/li>\n<li><strong>Tribunal<\/strong>\n<ul>\n<li>Presidente del tribunal: \u00e1ngel S\u00e1nchez blanco <\/li>\n<li>federico Castillo blanco (vocal)<\/li>\n<li> Gallardo castillo Mar\u00eda  Jes\u00fas (vocal)<\/li>\n<li>ricardo Mart\u00edn morales (vocal)<\/li>\n<\/ul>\n<\/li>\n<\/ul>\n<p>&nbsp;<\/p>\n","protected":false},"excerpt":{"rendered":"<p>Tesis doctoral de Josefa Villaescusa Arnedo Versa sobre estos principios en el acceso y la carrera profesional. en la primera [&hellip;]<\/p>\n","protected":false},"author":1,"featured_media":0,"comment_status":"open","ping_status":"open","sticky":false,"template":"","format":"standard","meta":{"site-sidebar-layout":"default","site-content-layout":"","ast-site-content-layout":"","site-content-style":"default","site-sidebar-style":"default","ast-global-header-display":"","ast-banner-title-visibility":"","ast-main-header-display":"","ast-hfb-above-header-display":"","ast-hfb-below-header-display":"","ast-hfb-mobile-header-display":"","site-post-title":"","ast-breadcrumbs-content":"","ast-featured-img":"","footer-sml-layout":"","theme-transparent-header-meta":"","adv-header-id-meta":"","stick-header-meta":"","header-above-stick-meta":"","header-main-stick-meta":"","header-below-stick-meta":"","astra-migrate-meta-layouts":"default","ast-page-background-enabled":"default","ast-page-background-meta":{"desktop":{"background-color":"var(--ast-global-color-4)","background-image":"","background-repeat":"repeat","background-position":"center center","background-size":"auto","background-attachment":"scroll","background-type":"","background-media":"","overlay-type":"","overlay-color":"","overlay-gradient":""},"tablet":{"background-color":"","background-image":"","background-repeat":"repeat","background-position":"center center","background-size":"auto","background-attachment":"scroll","background-type":"","background-media":"","overlay-type":"","overlay-color":"","overlay-gradient":""},"mobile":{"background-color":"","background-image":"","background-repeat":"repeat","background-position":"center center","background-size":"auto","background-attachment":"scroll","background-type":"","background-media":"","overlay-type":"","overlay-color":"","overlay-gradient":""}},"ast-content-background-meta":{"desktop":{"background-color":"var(--ast-global-color-5)","background-image":"","background-repeat":"repeat","background-position":"center center","background-size":"auto","background-attachment":"scroll","background-type":"","background-media":"","overlay-type":"","overlay-color":"","overlay-gradient":""},"tablet":{"background-color":"var(--ast-global-color-5)","background-image":"","background-repeat":"repeat","background-position":"center center","background-size":"auto","background-attachment":"scroll","background-type":"","background-media":"","overlay-type":"","overlay-color":"","overlay-gradient":""},"mobile":{"background-color":"var(--ast-global-color-5)","background-image":"","background-repeat":"repeat","background-position":"center center","background-size":"auto","background-attachment":"scroll","background-type":"","background-media":"","overlay-type":"","overlay-color":"","overlay-gradient":""}},"footnotes":""},"categories":[1],"tags":[18554,3454,39202,73683,73682,24545],"class_list":["post-25235","post","type-post","status-publish","format-standard","hentry","category-sin-categoria","tag-angel-sanchez-blanco","tag-eduardo-roca-roca","tag-federico-castillo-blanco","tag-gallardo-castillo-maria-jesus","tag-josefa-villaescusa-arnedo","tag-ricardo-martin-morales"],"_links":{"self":[{"href":"https:\/\/www.deberes.net\/tesis\/wp-json\/wp\/v2\/posts\/25235","targetHints":{"allow":["GET"]}}],"collection":[{"href":"https:\/\/www.deberes.net\/tesis\/wp-json\/wp\/v2\/posts"}],"about":[{"href":"https:\/\/www.deberes.net\/tesis\/wp-json\/wp\/v2\/types\/post"}],"author":[{"embeddable":true,"href":"https:\/\/www.deberes.net\/tesis\/wp-json\/wp\/v2\/users\/1"}],"replies":[{"embeddable":true,"href":"https:\/\/www.deberes.net\/tesis\/wp-json\/wp\/v2\/comments?post=25235"}],"version-history":[{"count":0,"href":"https:\/\/www.deberes.net\/tesis\/wp-json\/wp\/v2\/posts\/25235\/revisions"}],"wp:attachment":[{"href":"https:\/\/www.deberes.net\/tesis\/wp-json\/wp\/v2\/media?parent=25235"}],"wp:term":[{"taxonomy":"category","embeddable":true,"href":"https:\/\/www.deberes.net\/tesis\/wp-json\/wp\/v2\/categories?post=25235"},{"taxonomy":"post_tag","embeddable":true,"href":"https:\/\/www.deberes.net\/tesis\/wp-json\/wp\/v2\/tags?post=25235"}],"curies":[{"name":"wp","href":"https:\/\/api.w.org\/{rel}","templated":true}]}}