{"id":25267,"date":"2003-10-09T00:00:00","date_gmt":"2003-10-09T00:00:00","guid":{"rendered":"https:\/\/www.deberes.net\/tesis\/sin-categoria\/reforma-del-impuesto-sobre-el-valor-anadido-evaluacion-del-impacto-redistributivo-pobreza-y-bienestar-social\/"},"modified":"2003-10-09T00:00:00","modified_gmt":"2003-10-09T00:00:00","slug":"reforma-del-impuesto-sobre-el-valor-anadido-evaluacion-del-impacto-redistributivo-pobreza-y-bienestar-social","status":"publish","type":"post","link":"https:\/\/www.deberes.net\/tesis\/sin-categoria\/reforma-del-impuesto-sobre-el-valor-anadido-evaluacion-del-impacto-redistributivo-pobreza-y-bienestar-social\/","title":{"rendered":"Reforma del impuesto sobre el valor a\u00f1adido: evaluaci\u00f3n del impacto redistributivo, pobreza y bienestar social"},"content":{"rendered":"<h2>Tesis doctoral de <strong> Alfredo Serrano Mancilla <\/strong><\/h2>\n<p>El objetivo de la tesis es el dise\u00f1o de una reforma del iva en espa\u00f1a, bajo criterios de &#8212; sin obviar los criterios de eficiencia.  se desea identificar los cambios deseables en la regulaci\u00f3n del iva que tengan un impacto diferencial positivo respecto a:  1,- desigualdad  2,- pobreza  3,- bienestar social.<\/p>\n<p>&nbsp;<\/p>\n<h3>Datos acad\u00e9micos de la tesis doctoral \u00ab<strong>Reforma del impuesto sobre el valor a\u00f1adido: evaluaci\u00f3n del impacto redistributivo, pobreza y bienestar social<\/strong>\u00ab<\/h3>\n<ul>\n<li><strong>T\u00edtulo de la tesis:<\/strong>\u00a0 Reforma del impuesto sobre el valor a\u00f1adido: evaluaci\u00f3n del impacto redistributivo, pobreza y bienestar social <\/li>\n<li><strong>Autor:<\/strong>\u00a0 Alfredo Serrano Mancilla <\/li>\n<li><strong>Universidad:<\/strong>\u00a0 Aut\u00f3noma de barcelona<\/li>\n<li><strong>Fecha de lectura de la tesis:<\/strong>\u00a0 10\/09\/2003<\/li>\n<\/ul>\n<p>&nbsp;<\/p>\n<h3>Direcci\u00f3n y tribunal<\/h3>\n<ul>\n<li><strong>Director de la tesis<\/strong>\n<ul>\n<li>Magda Mercader Prats<\/li>\n<\/ul>\n<\/li>\n<li><strong>Tribunal<\/strong>\n<ul>\n<li>Presidente del tribunal: Miguel-\u00e1ngel L\u00f3pez Garc\u00eda <\/li>\n<li>samuel Calonge ram\u00edrez (vocal)<\/li>\n<li>nuria Badenes pla (vocal)<\/li>\n<li>antoni Castells oliveres (vocal)<\/li>\n<\/ul>\n<\/li>\n<\/ul>\n<p>&nbsp;<\/p>\n","protected":false},"excerpt":{"rendered":"<p>Tesis doctoral de Alfredo Serrano Mancilla El objetivo de la tesis es el dise\u00f1o de una reforma del iva en [&hellip;]<\/p>\n","protected":false},"author":1,"featured_media":0,"comment_status":"open","ping_status":"open","sticky":false,"template":"","format":"standard","meta":{"site-sidebar-layout":"default","site-content-layout":"","ast-site-content-layout":"","site-content-style":"default","site-sidebar-style":"default","ast-global-header-display":"","ast-banner-title-visibility":"","ast-main-header-display":"","ast-hfb-above-header-display":"","ast-hfb-below-header-display":"","ast-hfb-mobile-header-display":"","site-post-title":"","ast-breadcrumbs-content":"","ast-featured-img":"","footer-sml-layout":"","theme-transparent-header-meta":"","adv-header-id-meta":"","stick-header-meta":"","header-above-stick-meta":"","header-main-stick-meta":"","header-below-stick-meta":"","astra-migrate-meta-layouts":"default","ast-page-background-enabled":"default","ast-page-background-meta":{"desktop":{"background-color":"var(--ast-global-color-4)","background-image":"","background-repeat":"repeat","background-position":"center center","background-size":"auto","background-attachment":"scroll","background-type":"","background-media":"","overlay-type":"","overlay-color":"","overlay-gradient":""},"tablet":{"background-color":"","background-image":"","background-repeat":"repeat","background-position":"center center","background-size":"auto","background-attachment":"scroll","background-type":"","background-media":"","overlay-type":"","overlay-color":"","overlay-gradient":""},"mobile":{"background-color":"","background-image":"","background-repeat":"repeat","background-position":"center center","background-size":"auto","background-attachment":"scroll","background-type":"","background-media":"","overlay-type":"","overlay-color":"","overlay-gradient":""}},"ast-content-background-meta":{"desktop":{"background-color":"var(--ast-global-color-5)","background-image":"","background-repeat":"repeat","background-position":"center center","background-size":"auto","background-attachment":"scroll","background-type":"","background-media":"","overlay-type":"","overlay-color":"","overlay-gradient":""},"tablet":{"background-color":"var(--ast-global-color-5)","background-image":"","background-repeat":"repeat","background-position":"center center","background-size":"auto","background-attachment":"scroll","background-type":"","background-media":"","overlay-type":"","overlay-color":"","overlay-gradient":""},"mobile":{"background-color":"var(--ast-global-color-5)","background-image":"","background-repeat":"repeat","background-position":"center center","background-size":"auto","background-attachment":"scroll","background-type":"","background-media":"","overlay-type":"","overlay-color":"","overlay-gradient":""}},"footnotes":""},"categories":[1],"tags":[73759,33579,46151,48378,73761,73760],"class_list":["post-25267","post","type-post","status-publish","format-standard","hentry","category-sin-categoria","tag-alfredo-serrano-mancilla","tag-antoni-castells-oliveres","tag-magda-mercader-prats","tag-miguel-angel-lopez-garcia","tag-nuria-badenes-pla","tag-samuel-calonge-ramirez"],"_links":{"self":[{"href":"https:\/\/www.deberes.net\/tesis\/wp-json\/wp\/v2\/posts\/25267","targetHints":{"allow":["GET"]}}],"collection":[{"href":"https:\/\/www.deberes.net\/tesis\/wp-json\/wp\/v2\/posts"}],"about":[{"href":"https:\/\/www.deberes.net\/tesis\/wp-json\/wp\/v2\/types\/post"}],"author":[{"embeddable":true,"href":"https:\/\/www.deberes.net\/tesis\/wp-json\/wp\/v2\/users\/1"}],"replies":[{"embeddable":true,"href":"https:\/\/www.deberes.net\/tesis\/wp-json\/wp\/v2\/comments?post=25267"}],"version-history":[{"count":0,"href":"https:\/\/www.deberes.net\/tesis\/wp-json\/wp\/v2\/posts\/25267\/revisions"}],"wp:attachment":[{"href":"https:\/\/www.deberes.net\/tesis\/wp-json\/wp\/v2\/media?parent=25267"}],"wp:term":[{"taxonomy":"category","embeddable":true,"href":"https:\/\/www.deberes.net\/tesis\/wp-json\/wp\/v2\/categories?post=25267"},{"taxonomy":"post_tag","embeddable":true,"href":"https:\/\/www.deberes.net\/tesis\/wp-json\/wp\/v2\/tags?post=25267"}],"curies":[{"name":"wp","href":"https:\/\/api.w.org\/{rel}","templated":true}]}}