{"id":25334,"date":"2003-12-09T00:00:00","date_gmt":"2003-12-09T00:00:00","guid":{"rendered":"https:\/\/www.deberes.net\/tesis\/sin-categoria\/el-derecho-constitucional-a-disfrutar-de-un-medio-ambiente-adecuado-art-45-1-de-la-constitucion-espanola-de-1978\/"},"modified":"2003-12-09T00:00:00","modified_gmt":"2003-12-09T00:00:00","slug":"el-derecho-constitucional-a-disfrutar-de-un-medio-ambiente-adecuado-art-45-1-de-la-constitucion-espanola-de-1978","status":"publish","type":"post","link":"https:\/\/www.deberes.net\/tesis\/nacional-de-educacion-a-distancia\/el-derecho-constitucional-a-disfrutar-de-un-medio-ambiente-adecuado-art-45-1-de-la-constitucion-espanola-de-1978\/","title":{"rendered":"El derecho constitucional a disfrutar de un medio ambiente adecuado (art. 45.1 de la constituci\u00f3n espa\u00f1ola de 1978)"},"content":{"rendered":"<h2>Tesis doctoral de <strong>  Merino Gil Ana Bego\u00f1a <\/strong><\/h2>\n<p>La tesis procura conectar el complejo derecho medioambiental, como sector del ordenamiento jur\u00eddico, con el \u00e1mbito espec\u00edfico del derecho constitucional. de un lado, identificando un verdadero \u00abderecho fundamental\u00bb en la materia, que convierte la prolija normativa en una serie ordenada de t\u00e9cnicas organizativas destinadas a articular su tutela. De otro, rastreando los aspectos que convierten los problemas ecol\u00f3gicos en cuestiones \u00abobjetivamente constitucionales\u00bb, de modo que las transformaciones del constitucionalismo social imponen que en la materia recaiga una de las \u00abdecisiones pol\u00edticas fundamentales\u00bb que caracterizan objetivamente el orden constitucional.<\/p>\n<p>&nbsp;<\/p>\n<h3>Datos acad\u00e9micos de la tesis doctoral \u00ab<strong>El derecho constitucional a disfrutar de un medio ambiente adecuado (art. 45.1 de la constituci\u00f3n espa\u00f1ola de 1978)<\/strong>\u00ab<\/h3>\n<ul>\n<li><strong>T\u00edtulo de la tesis:<\/strong>\u00a0 El derecho constitucional a disfrutar de un medio ambiente adecuado (art. 45.1 de la constituci\u00f3n espa\u00f1ola de 1978) <\/li>\n<li><strong>Autor:<\/strong>\u00a0  Merino Gil Ana Bego\u00f1a <\/li>\n<li><strong>Universidad:<\/strong>\u00a0 Nacional de educaci\u00f3n a distancia<\/li>\n<li><strong>Fecha de lectura de la tesis:<\/strong>\u00a0 12\/09\/2003<\/li>\n<\/ul>\n<p>&nbsp;<\/p>\n<h3>Direcci\u00f3n y tribunal<\/h3>\n<ul>\n<li><strong>Director de la tesis<\/strong>\n<ul>\n<li>garcia Gonzalez Abellan<\/li>\n<\/ul>\n<\/li>\n<li><strong>Tribunal<\/strong>\n<ul>\n<li>Presidente del tribunal: pedro De vega garcia <\/li>\n<li>Javier Ruip\u00e9rez alamillo (vocal)<\/li>\n<li>oscar Alzaga villaamil (vocal)<\/li>\n<li>angela Figueruelo burrieza (vocal)<\/li>\n<\/ul>\n<\/li>\n<\/ul>\n<p>&nbsp;<\/p>\n","protected":false},"excerpt":{"rendered":"<p>Tesis doctoral de Merino Gil Ana Bego\u00f1a La tesis procura conectar el complejo derecho medioambiental, como sector del ordenamiento jur\u00eddico, [&hellip;]<\/p>\n","protected":false},"author":1,"featured_media":0,"comment_status":"open","ping_status":"open","sticky":false,"template":"","format":"standard","meta":{"site-sidebar-layout":"default","site-content-layout":"","ast-site-content-layout":"","site-content-style":"default","site-sidebar-style":"default","ast-global-header-display":"","ast-banner-title-visibility":"","ast-main-header-display":"","ast-hfb-above-header-display":"","ast-hfb-below-header-display":"","ast-hfb-mobile-header-display":"","site-post-title":"","ast-breadcrumbs-content":"","ast-featured-img":"","footer-sml-layout":"","theme-transparent-header-meta":"","adv-header-id-meta":"","stick-header-meta":"","header-above-stick-meta":"","header-main-stick-meta":"","header-below-stick-meta":"","astra-migrate-meta-layouts":"default","ast-page-background-enabled":"default","ast-page-background-meta":{"desktop":{"background-color":"var(--ast-global-color-4)","background-image":"","background-repeat":"repeat","background-position":"center center","background-size":"auto","background-attachment":"scroll","background-type":"","background-media":"","overlay-type":"","overlay-color":"","overlay-gradient":""},"tablet":{"background-color":"","background-image":"","background-repeat":"repeat","background-position":"center center","background-size":"auto","background-attachment":"scroll","background-type":"","background-media":"","overlay-type":"","overlay-color":"","overlay-gradient":""},"mobile":{"background-color":"","background-image":"","background-repeat":"repeat","background-position":"center center","background-size":"auto","background-attachment":"scroll","background-type":"","background-media":"","overlay-type":"","overlay-color":"","overlay-gradient":""}},"ast-content-background-meta":{"desktop":{"background-color":"var(--ast-global-color-5)","background-image":"","background-repeat":"repeat","background-position":"center center","background-size":"auto","background-attachment":"scroll","background-type":"","background-media":"","overlay-type":"","overlay-color":"","overlay-gradient":""},"tablet":{"background-color":"var(--ast-global-color-5)","background-image":"","background-repeat":"repeat","background-position":"center center","background-size":"auto","background-attachment":"scroll","background-type":"","background-media":"","overlay-type":"","overlay-color":"","overlay-gradient":""},"mobile":{"background-color":"var(--ast-global-color-5)","background-image":"","background-repeat":"repeat","background-position":"center center","background-size":"auto","background-attachment":"scroll","background-type":"","background-media":"","overlay-type":"","overlay-color":"","overlay-gradient":""}},"footnotes":""},"categories":[17070],"tags":[38156,73913,34992,73912,34893,9449],"class_list":["post-25334","post","type-post","status-publish","format-standard","hentry","category-nacional-de-educacion-a-distancia","tag-angela-figueruelo-burrieza","tag-garcia-gonzalez-abellan","tag-javier-ruiperez-alamillo","tag-merino-gil-ana-begona","tag-oscar-alzaga-villaamil","tag-pedro-de-vega-garcia"],"_links":{"self":[{"href":"https:\/\/www.deberes.net\/tesis\/wp-json\/wp\/v2\/posts\/25334","targetHints":{"allow":["GET"]}}],"collection":[{"href":"https:\/\/www.deberes.net\/tesis\/wp-json\/wp\/v2\/posts"}],"about":[{"href":"https:\/\/www.deberes.net\/tesis\/wp-json\/wp\/v2\/types\/post"}],"author":[{"embeddable":true,"href":"https:\/\/www.deberes.net\/tesis\/wp-json\/wp\/v2\/users\/1"}],"replies":[{"embeddable":true,"href":"https:\/\/www.deberes.net\/tesis\/wp-json\/wp\/v2\/comments?post=25334"}],"version-history":[{"count":0,"href":"https:\/\/www.deberes.net\/tesis\/wp-json\/wp\/v2\/posts\/25334\/revisions"}],"wp:attachment":[{"href":"https:\/\/www.deberes.net\/tesis\/wp-json\/wp\/v2\/media?parent=25334"}],"wp:term":[{"taxonomy":"category","embeddable":true,"href":"https:\/\/www.deberes.net\/tesis\/wp-json\/wp\/v2\/categories?post=25334"},{"taxonomy":"post_tag","embeddable":true,"href":"https:\/\/www.deberes.net\/tesis\/wp-json\/wp\/v2\/tags?post=25334"}],"curies":[{"name":"wp","href":"https:\/\/api.w.org\/{rel}","templated":true}]}}