{"id":25350,"date":"2018-03-09T09:16:42","date_gmt":"2018-03-09T09:16:42","guid":{"rendered":"https:\/\/www.deberes.net\/tesis\/sin-categoria\/el-reemplazo-de-activos-fa%c2%adsicos-una-aplicacion-al-consumo-de-bienes-duraderos\/"},"modified":"2018-03-09T09:16:42","modified_gmt":"2018-03-09T09:16:42","slug":"el-reemplazo-de-activos-fa%c2%adsicos-una-aplicacion-al-consumo-de-bienes-duraderos","status":"publish","type":"post","link":"https:\/\/www.deberes.net\/tesis\/ciencias-economicas\/el-reemplazo-de-activos-fa%c2%adsicos-una-aplicacion-al-consumo-de-bienes-duraderos\/","title":{"rendered":"El reemplazo de activos f\u00edsicos: una aplicaci\u00f3n al consumo de bienes duraderos"},"content":{"rendered":"<h2>Tesis doctoral de <strong> Antonio Rodr\u00edguez Sampayo <\/strong><\/h2>\n<p>En los \u00faltimos a\u00f1os se han puesto en pr\u00e1ctica en espa\u00f1a pol\u00edticas de subsidio a la renovaci\u00f3n del parque automotriz. Se han llevado a cabo dos mentos de este tipo.  en primer lugar, y ante la aguda crisis que el sector del autom\u00f3vil vivi\u00f3 al principio de los noventa, el gobierno socialista implement\u00f3 en los a\u00f1os 1994 y 1995 dos programas para la renovaci\u00f3n del parque de veh\u00edculos, denominados planes renove i y ii. En 1997, el gobierno del partido poplar puso en marcha un subsidio de caracter\u00edsticas similares conocido como plan prever.  el cap\u00edtulo 1 pasa revista a los datos de reemplazo de autom\u00f3viles en espa\u00f1a en las dos \u00faltimas d\u00e9cadas del siglo xx con el fin de analizar los efectos que, sobre las ventas de veh\u00edculos, puede tener una pol\u00edtica de este tipo.  el cap\u00edtulo 2 pretende formular un modelo de reemplazo de autom\u00f3viles, basado en los modelos de generaciones de capital usados en la teor\u00eda del crecimiento econ\u00f3mico, que sea capaz de simlular medidas al plan prever, con el objeto de evaluar los posibles efectos de este plan sobre las matriculaciones de turismos en espa\u00f1a. Como los principales resultados obtenidos, cabe destacar que construimos un modelo de reemplazo de bienes duraderos, donde los individuos deciden end\u00f3genamente la edad de reemplazo de sus coches, modelo que consigue replicar las tasas de fallo agregadas observadas para los autom\u00f3viles en los \u00faltimos a\u00f1os. Con este mismo modelo podemos computar el efecto que el plan prever ha podido tener para el reemplazo de turismos en espa\u00f1a.  el cap\u00edtulo 3, en el mismo marco te\u00f3rico del cap\u00edtulo 2, examina los efectos din\u00e1micos sobre las compras agregadas de bienes duraderos, de la introducci\u00f3n de un shock ex\u00f3geno de pol\u00edtica fiscal consistente en un subsidio al reemplazo de bienes duraderos cuya vida es finita. La principal conclusi\u00f3n es que la pol\u00edtica fiscal analizada genera fluctuaciones end\u00f3genas en las compras de bienes duraderos<\/p>\n<p>&nbsp;<\/p>\n<h3>Datos acad\u00e9micos de la tesis doctoral \u00ab<strong>El reemplazo de activos f\u00edsicos: una aplicaci\u00f3n al consumo de bienes duraderos<\/strong>\u00ab<\/h3>\n<ul>\n<li><strong>T\u00edtulo de la tesis:<\/strong>\u00a0 El reemplazo de activos f\u00edsicos: una aplicaci\u00f3n al consumo de bienes duraderos <\/li>\n<li><strong>Autor:<\/strong>\u00a0 Antonio Rodr\u00edguez Sampayo <\/li>\n<li><strong>Universidad:<\/strong>\u00a0 Santiago de compostela<\/li>\n<li><strong>Fecha de lectura de la tesis:<\/strong>\u00a0 15\/09\/2003<\/li>\n<\/ul>\n<p>&nbsp;<\/p>\n<h3>Direcci\u00f3n y tribunal<\/h3>\n<ul>\n<li><strong>Director de la tesis<\/strong>\n<ul>\n<li>Omar Licandro Goldaracena<\/li>\n<\/ul>\n<\/li>\n<li><strong>Tribunal<\/strong>\n<ul>\n<li>Presidente del tribunal: Carlos Ricoy riego <\/li>\n<li>j\u00e9r\u00ed\u00b4me Adda (vocal)<\/li>\n<li>raouf Boucekkine (vocal)<\/li>\n<li>Jos\u00e9 Mar\u00eda Da rocha alvarez (vocal)<\/li>\n<\/ul>\n<\/li>\n<\/ul>\n<p>&nbsp;<\/p>\n","protected":false},"excerpt":{"rendered":"<p>Tesis doctoral de Antonio Rodr\u00edguez Sampayo En los \u00faltimos a\u00f1os se han puesto en pr\u00e1ctica en espa\u00f1a pol\u00edticas de subsidio [&hellip;]<\/p>\n","protected":false},"author":1,"featured_media":0,"comment_status":"open","ping_status":"open","sticky":false,"template":"","format":"standard","meta":{"site-sidebar-layout":"default","site-content-layout":"","ast-site-content-layout":"","site-content-style":"default","site-sidebar-style":"default","ast-global-header-display":"","ast-banner-title-visibility":"","ast-main-header-display":"","ast-hfb-above-header-display":"","ast-hfb-below-header-display":"","ast-hfb-mobile-header-display":"","site-post-title":"","ast-breadcrumbs-content":"","ast-featured-img":"","footer-sml-layout":"","theme-transparent-header-meta":"","adv-header-id-meta":"","stick-header-meta":"","header-above-stick-meta":"","header-main-stick-meta":"","header-below-stick-meta":"","astra-migrate-meta-layouts":"default","ast-page-background-enabled":"default","ast-page-background-meta":{"desktop":{"background-color":"var(--ast-global-color-4)","background-image":"","background-repeat":"repeat","background-position":"center center","background-size":"auto","background-attachment":"scroll","background-type":"","background-media":"","overlay-type":"","overlay-color":"","overlay-gradient":""},"tablet":{"background-color":"","background-image":"","background-repeat":"repeat","background-position":"center center","background-size":"auto","background-attachment":"scroll","background-type":"","background-media":"","overlay-type":"","overlay-color":"","overlay-gradient":""},"mobile":{"background-color":"","background-image":"","background-repeat":"repeat","background-position":"center center","background-size":"auto","background-attachment":"scroll","background-type":"","background-media":"","overlay-type":"","overlay-color":"","overlay-gradient":""}},"ast-content-background-meta":{"desktop":{"background-color":"var(--ast-global-color-5)","background-image":"","background-repeat":"repeat","background-position":"center center","background-size":"auto","background-attachment":"scroll","background-type":"","background-media":"","overlay-type":"","overlay-color":"","overlay-gradient":""},"tablet":{"background-color":"var(--ast-global-color-5)","background-image":"","background-repeat":"repeat","background-position":"center center","background-size":"auto","background-attachment":"scroll","background-type":"","background-media":"","overlay-type":"","overlay-color":"","overlay-gradient":""},"mobile":{"background-color":"var(--ast-global-color-5)","background-image":"","background-repeat":"repeat","background-position":"center center","background-size":"auto","background-attachment":"scroll","background-type":"","background-media":"","overlay-type":"","overlay-color":"","overlay-gradient":""}},"footnotes":""},"categories":[772,82,747,2825,9215,977],"tags":[73953,3133,73954,49086,39894,73893],"class_list":["post-25350","post","type-post","status-publish","format-standard","hentry","category-actividad-economica","category-ciencias-economicas","category-consumo-ahorro-e-inversion","category-organizacion-industrial-y-sector-publico","category-regulacion-gubernamental-del-sector-privado","category-santiago-de-compostela","tag-antonio-rodriguez-sampayo","tag-carlos-ricoy-riego","tag-jerime-adda","tag-jose-maria-da-rocha-alvarez","tag-omar-licandro-goldaracena","tag-raouf-boucekkine"],"_links":{"self":[{"href":"https:\/\/www.deberes.net\/tesis\/wp-json\/wp\/v2\/posts\/25350","targetHints":{"allow":["GET"]}}],"collection":[{"href":"https:\/\/www.deberes.net\/tesis\/wp-json\/wp\/v2\/posts"}],"about":[{"href":"https:\/\/www.deberes.net\/tesis\/wp-json\/wp\/v2\/types\/post"}],"author":[{"embeddable":true,"href":"https:\/\/www.deberes.net\/tesis\/wp-json\/wp\/v2\/users\/1"}],"replies":[{"embeddable":true,"href":"https:\/\/www.deberes.net\/tesis\/wp-json\/wp\/v2\/comments?post=25350"}],"version-history":[{"count":0,"href":"https:\/\/www.deberes.net\/tesis\/wp-json\/wp\/v2\/posts\/25350\/revisions"}],"wp:attachment":[{"href":"https:\/\/www.deberes.net\/tesis\/wp-json\/wp\/v2\/media?parent=25350"}],"wp:term":[{"taxonomy":"category","embeddable":true,"href":"https:\/\/www.deberes.net\/tesis\/wp-json\/wp\/v2\/categories?post=25350"},{"taxonomy":"post_tag","embeddable":true,"href":"https:\/\/www.deberes.net\/tesis\/wp-json\/wp\/v2\/tags?post=25350"}],"curies":[{"name":"wp","href":"https:\/\/api.w.org\/{rel}","templated":true}]}}