{"id":25352,"date":"2018-03-09T09:16:43","date_gmt":"2018-03-09T09:16:43","guid":{"rendered":"https:\/\/www.deberes.net\/tesis\/sin-categoria\/estudio-de-la-profundidad-tumoral-en-el-carcinoma-epidermoide-lingual-valor-pronostico\/"},"modified":"2018-03-09T09:16:43","modified_gmt":"2018-03-09T09:16:43","slug":"estudio-de-la-profundidad-tumoral-en-el-carcinoma-epidermoide-lingual-valor-pronostico","status":"publish","type":"post","link":"https:\/\/www.deberes.net\/tesis\/sin-categoria\/estudio-de-la-profundidad-tumoral-en-el-carcinoma-epidermoide-lingual-valor-pronostico\/","title":{"rendered":"Estudio de la profundidad tumoral en el carcinoma epidermoide lingual. valor pron\u00f3stico"},"content":{"rendered":"<h2>Tesis doctoral de <strong>  Sicilia Gutierrez Marco Antonio <\/strong><\/h2>\n<p>El estudio de la profundidad tumoral es un factor de reconocido valor pron\u00f3stico en tumores tales como melanoma o carcinoma de colon. En cavidad oral la mayor\u00eda de estudios engloban esta entidad junto con la orofaringe como una \u00fanica anat\u00f3mica sin considerar las peculiaridades de cada localizaci\u00f3n (lengua, suelo de la boca, tr\u00edgono retromolar, etc.). Se trata de establecer la correlaci\u00f3n de la profundidad tumoral con los factores de la supervivencia tumoral (recidiva local, cervical y supervivencia global) y la correlaci\u00f3n con los par\u00e1metros tanto cl\u00ednicos como  histopatol\u00f3gicos del carcinoma epidermoide lingual.  se realiza un estudio retrospectivo de 60 pacientes diagnosticados y tratados de carcinoma epidermoide lingual en el servicio de cirug\u00eda orual y m\u00e1xilofacial del hospital unviersitario \u00abv\u00edrgen de las nieves\u00bb de granada, durante el periodo de tiempo comprendido entre enero de 1990 y 1997, analizando las relaciones existentes entre tama\u00f1o m\u00e1ximo tumoral (seg\u00fan la descripci\u00f3n anatomo-patol\u00f3gica) y factores cl\u00ednicos e histopatol\u00f3gicos.  se aplica un an\u00e1lisis univariante de toda la informaci\u00f3n recogida en el estudio, que consiste en un an\u00e1lisis descriptivo (medida de posici\u00f3n y de dispersi\u00f3n), seg\u00fan la naturaleza de las variables a estudiar.  posteriormente se realiza un an\u00e1lisis bivariante. Para detectar diferencias de grado de profundidad tumoral entre los distintos niveles de par\u00e1metros histopatol\u00f3gicos y cl\u00ednicos, se utiliz\u00f3: t-student, prueba no param\u00e9trica u de mann-whitney, an\u00e1lisis de la varianza o la prueba h de kruskal-wallis, prueba de bonferroni y la c de dunnet, el coeficientes de correlaci\u00f3n de pearson y el de spearman, prueba de chi-cuadrado de pearson y la prueba exacta de fisher. La variable dependeinte fue la profundidad tumoral en un primer an\u00e1lisis y el par\u00e1metro pn en un segundo. Se utiliza el test de cox para estudiar la supervivencia.  finalmente, se concluyo que:  1,-<\/p>\n<p>&nbsp;<\/p>\n<h3>Datos acad\u00e9micos de la tesis doctoral \u00ab<strong>Estudio de la profundidad tumoral en el carcinoma epidermoide lingual. valor pron\u00f3stico<\/strong>\u00ab<\/h3>\n<ul>\n<li><strong>T\u00edtulo de la tesis:<\/strong>\u00a0 Estudio de la profundidad tumoral en el carcinoma epidermoide lingual. valor pron\u00f3stico <\/li>\n<li><strong>Autor:<\/strong>\u00a0  Sicilia Gutierrez Marco Antonio <\/li>\n<li><strong>Universidad:<\/strong>\u00a0 Granada<\/li>\n<li><strong>Fecha de lectura de la tesis:<\/strong>\u00a0 15\/09\/2003<\/li>\n<\/ul>\n<p>&nbsp;<\/p>\n<h3>Direcci\u00f3n y tribunal<\/h3>\n<ul>\n<li><strong>Director de la tesis<\/strong>\n<ul>\n<li>Eduardo Valencia Laseca<\/li>\n<\/ul>\n<\/li>\n<li><strong>Tribunal<\/strong>\n<ul>\n<li>Presidente del tribunal: pascual vicente Crespo ferrer <\/li>\n<li>Jos\u00e9 Manuel Llamas elvira (vocal)<\/li>\n<li>Rafael Barranco zafra (vocal)<\/li>\n<li> S\u00e1nchez p\u00e9rez Mar\u00eda  Jos\u00e9 (vocal)<\/li>\n<\/ul>\n<\/li>\n<\/ul>\n<p>&nbsp;<\/p>\n","protected":false},"excerpt":{"rendered":"<p>Tesis doctoral de Sicilia Gutierrez Marco Antonio El estudio de la profundidad tumoral es un factor de reconocido valor pron\u00f3stico [&hellip;]<\/p>\n","protected":false},"author":1,"featured_media":0,"comment_status":"open","ping_status":"open","sticky":false,"template":"","format":"standard","meta":{"site-sidebar-layout":"default","site-content-layout":"","ast-site-content-layout":"","site-content-style":"default","site-sidebar-style":"default","ast-global-header-display":"","ast-banner-title-visibility":"","ast-main-header-display":"","ast-hfb-above-header-display":"","ast-hfb-below-header-display":"","ast-hfb-mobile-header-display":"","site-post-title":"","ast-breadcrumbs-content":"","ast-featured-img":"","footer-sml-layout":"","theme-transparent-header-meta":"","adv-header-id-meta":"","stick-header-meta":"","header-above-stick-meta":"","header-main-stick-meta":"","header-below-stick-meta":"","astra-migrate-meta-layouts":"default","ast-page-background-enabled":"default","ast-page-background-meta":{"desktop":{"background-color":"var(--ast-global-color-4)","background-image":"","background-repeat":"repeat","background-position":"center center","background-size":"auto","background-attachment":"scroll","background-type":"","background-media":"","overlay-type":"","overlay-color":"","overlay-gradient":""},"tablet":{"background-color":"","background-image":"","background-repeat":"repeat","background-position":"center center","background-size":"auto","background-attachment":"scroll","background-type":"","background-media":"","overlay-type":"","overlay-color":"","overlay-gradient":""},"mobile":{"background-color":"","background-image":"","background-repeat":"repeat","background-position":"center center","background-size":"auto","background-attachment":"scroll","background-type":"","background-media":"","overlay-type":"","overlay-color":"","overlay-gradient":""}},"ast-content-background-meta":{"desktop":{"background-color":"var(--ast-global-color-5)","background-image":"","background-repeat":"repeat","background-position":"center center","background-size":"auto","background-attachment":"scroll","background-type":"","background-media":"","overlay-type":"","overlay-color":"","overlay-gradient":""},"tablet":{"background-color":"var(--ast-global-color-5)","background-image":"","background-repeat":"repeat","background-position":"center center","background-size":"auto","background-attachment":"scroll","background-type":"","background-media":"","overlay-type":"","overlay-color":"","overlay-gradient":""},"mobile":{"background-color":"var(--ast-global-color-5)","background-image":"","background-repeat":"repeat","background-position":"center center","background-size":"auto","background-attachment":"scroll","background-type":"","background-media":"","overlay-type":"","overlay-color":"","overlay-gradient":""}},"footnotes":""},"categories":[1],"tags":[35732,2424,53141,6275,73957,73956],"class_list":["post-25352","post","type-post","status-publish","format-standard","hentry","category-sin-categoria","tag-eduardo-valencia-laseca","tag-jose-manuel-llamas-elvira","tag-pascual-vicente-crespo-ferrer","tag-rafael-barranco-zafra","tag-sanchez-perez-maria-jose","tag-sicilia-gutierrez-marco-antonio"],"_links":{"self":[{"href":"https:\/\/www.deberes.net\/tesis\/wp-json\/wp\/v2\/posts\/25352","targetHints":{"allow":["GET"]}}],"collection":[{"href":"https:\/\/www.deberes.net\/tesis\/wp-json\/wp\/v2\/posts"}],"about":[{"href":"https:\/\/www.deberes.net\/tesis\/wp-json\/wp\/v2\/types\/post"}],"author":[{"embeddable":true,"href":"https:\/\/www.deberes.net\/tesis\/wp-json\/wp\/v2\/users\/1"}],"replies":[{"embeddable":true,"href":"https:\/\/www.deberes.net\/tesis\/wp-json\/wp\/v2\/comments?post=25352"}],"version-history":[{"count":0,"href":"https:\/\/www.deberes.net\/tesis\/wp-json\/wp\/v2\/posts\/25352\/revisions"}],"wp:attachment":[{"href":"https:\/\/www.deberes.net\/tesis\/wp-json\/wp\/v2\/media?parent=25352"}],"wp:term":[{"taxonomy":"category","embeddable":true,"href":"https:\/\/www.deberes.net\/tesis\/wp-json\/wp\/v2\/categories?post=25352"},{"taxonomy":"post_tag","embeddable":true,"href":"https:\/\/www.deberes.net\/tesis\/wp-json\/wp\/v2\/tags?post=25352"}],"curies":[{"name":"wp","href":"https:\/\/api.w.org\/{rel}","templated":true}]}}