{"id":25364,"date":"2018-03-09T09:16:44","date_gmt":"2018-03-09T09:16:44","guid":{"rendered":"https:\/\/www.deberes.net\/tesis\/sin-categoria\/incidencia-de-la-plurimposicion-en-las-formas-de-organizacion-empresarial\/"},"modified":"2018-03-09T09:16:44","modified_gmt":"2018-03-09T09:16:44","slug":"incidencia-de-la-plurimposicion-en-las-formas-de-organizacion-empresarial","status":"publish","type":"post","link":"https:\/\/www.deberes.net\/tesis\/malaga\/incidencia-de-la-plurimposicion-en-las-formas-de-organizacion-empresarial\/","title":{"rendered":"Incidencia de la plurimposici\u00f3n en las formas de organizaci\u00f3n empresarial"},"content":{"rendered":"<h2>Tesis doctoral de <strong> Carlos Mar\u00eda Lopez Espadafor <\/strong><\/h2>\n<p>Se realiza un an\u00e1lisis de la incidencia econ\u00f3mica de las acumulaciones de impuestos sobre las formas de organizaci\u00f3n empresarial. En funci\u00f3n de ello se estudia la manera en que tales acumulaciones impositivas puedan determinar la conveniencia de la elecci\u00f3n de una forma u otra de organizaci\u00f3n para la empresa. Se parte de la conveniencia de que nuestro sistema tributario se rigiese por el principio de neutralidad fiscal, de manera que desapareciesen las posibles diferencias por la carga econ\u00f3mica de los impuestos que suportan las distintas formas de organizaci\u00f3n empresarial.  esta incidencia econ\u00f3mica se analiza desde la perspectiva de diferentes impuestos entre los que es necesario destacar como m\u00e1s importantes los siguientes: impuesto sobre sociedades, impuesto sobre la renta de las personas f\u00edsicas, impuesto sobre la renta de no residentes, impuesto sobre el valor a\u00f1adido, impuestos especiales, impuesto sobre transmisiones patrimoniales y actos jur\u00eddicos documentados e impuesto sobre actividades econ\u00f3micas.<\/p>\n<p>&nbsp;<\/p>\n<h3>Datos acad\u00e9micos de la tesis doctoral \u00ab<strong>Incidencia de la plurimposici\u00f3n en las formas de organizaci\u00f3n empresarial<\/strong>\u00ab<\/h3>\n<ul>\n<li><strong>T\u00edtulo de la tesis:<\/strong>\u00a0 Incidencia de la plurimposici\u00f3n en las formas de organizaci\u00f3n empresarial <\/li>\n<li><strong>Autor:<\/strong>\u00a0 Carlos Mar\u00eda Lopez Espadafor <\/li>\n<li><strong>Universidad:<\/strong>\u00a0 M\u00e1laga<\/li>\n<li><strong>Fecha de lectura de la tesis:<\/strong>\u00a0 15\/09\/2003<\/li>\n<\/ul>\n<p>&nbsp;<\/p>\n<h3>Direcci\u00f3n y tribunal<\/h3>\n<ul>\n<li><strong>Director de la tesis<\/strong>\n<ul>\n<li> Ure\u00f1a L\u00f3pez Antonio  Emilio<\/li>\n<\/ul>\n<\/li>\n<li><strong>Tribunal<\/strong>\n<ul>\n<li>Presidente del tribunal: aquilino alfredo Aguirre s\u00e1daba <\/li>\n<li>Antonio  Jos\u00e9 Narvaez bueno (vocal)<\/li>\n<li>Miguel Sanchez-apellaniz valderrama (vocal)<\/li>\n<li>Mar\u00eda  Jes\u00fas Hernandez ortiz (vocal)<\/li>\n<\/ul>\n<\/li>\n<\/ul>\n<p>&nbsp;<\/p>\n","protected":false},"excerpt":{"rendered":"<p>Tesis doctoral de Carlos Mar\u00eda Lopez Espadafor Se realiza un an\u00e1lisis de la incidencia econ\u00f3mica de las acumulaciones de impuestos [&hellip;]<\/p>\n","protected":false},"author":1,"featured_media":0,"comment_status":"open","ping_status":"open","sticky":false,"template":"","format":"standard","meta":{"site-sidebar-layout":"default","site-content-layout":"","ast-site-content-layout":"","site-content-style":"default","site-sidebar-style":"default","ast-global-header-display":"","ast-banner-title-visibility":"","ast-main-header-display":"","ast-hfb-above-header-display":"","ast-hfb-below-header-display":"","ast-hfb-mobile-header-display":"","site-post-title":"","ast-breadcrumbs-content":"","ast-featured-img":"","footer-sml-layout":"","theme-transparent-header-meta":"","adv-header-id-meta":"","stick-header-meta":"","header-above-stick-meta":"","header-main-stick-meta":"","header-below-stick-meta":"","astra-migrate-meta-layouts":"default","ast-page-background-enabled":"default","ast-page-background-meta":{"desktop":{"background-color":"var(--ast-global-color-4)","background-image":"","background-repeat":"repeat","background-position":"center center","background-size":"auto","background-attachment":"scroll","background-type":"","background-media":"","overlay-type":"","overlay-color":"","overlay-gradient":""},"tablet":{"background-color":"","background-image":"","background-repeat":"repeat","background-position":"center center","background-size":"auto","background-attachment":"scroll","background-type":"","background-media":"","overlay-type":"","overlay-color":"","overlay-gradient":""},"mobile":{"background-color":"","background-image":"","background-repeat":"repeat","background-position":"center center","background-size":"auto","background-attachment":"scroll","background-type":"","background-media":"","overlay-type":"","overlay-color":"","overlay-gradient":""}},"ast-content-background-meta":{"desktop":{"background-color":"var(--ast-global-color-5)","background-image":"","background-repeat":"repeat","background-position":"center center","background-size":"auto","background-attachment":"scroll","background-type":"","background-media":"","overlay-type":"","overlay-color":"","overlay-gradient":""},"tablet":{"background-color":"var(--ast-global-color-5)","background-image":"","background-repeat":"repeat","background-position":"center center","background-size":"auto","background-attachment":"scroll","background-type":"","background-media":"","overlay-type":"","overlay-color":"","overlay-gradient":""},"mobile":{"background-color":"var(--ast-global-color-5)","background-image":"","background-repeat":"repeat","background-position":"center center","background-size":"auto","background-attachment":"scroll","background-type":"","background-media":"","overlay-type":"","overlay-color":"","overlay-gradient":""}},"footnotes":""},"categories":[7834],"tags":[61672,8056,73982,32830,8369,66457],"class_list":["post-25364","post","type-post","status-publish","format-standard","hentry","category-malaga","tag-antonio-jose-narvaez-bueno","tag-aquilino-alfredo-aguirre-sadaba","tag-carlos-maria-lopez-espadafor","tag-maria-jesus-hernandez-ortiz","tag-miguel-sanchez-apellaniz-valderrama","tag-urena-lopez-antonio-emilio"],"_links":{"self":[{"href":"https:\/\/www.deberes.net\/tesis\/wp-json\/wp\/v2\/posts\/25364","targetHints":{"allow":["GET"]}}],"collection":[{"href":"https:\/\/www.deberes.net\/tesis\/wp-json\/wp\/v2\/posts"}],"about":[{"href":"https:\/\/www.deberes.net\/tesis\/wp-json\/wp\/v2\/types\/post"}],"author":[{"embeddable":true,"href":"https:\/\/www.deberes.net\/tesis\/wp-json\/wp\/v2\/users\/1"}],"replies":[{"embeddable":true,"href":"https:\/\/www.deberes.net\/tesis\/wp-json\/wp\/v2\/comments?post=25364"}],"version-history":[{"count":0,"href":"https:\/\/www.deberes.net\/tesis\/wp-json\/wp\/v2\/posts\/25364\/revisions"}],"wp:attachment":[{"href":"https:\/\/www.deberes.net\/tesis\/wp-json\/wp\/v2\/media?parent=25364"}],"wp:term":[{"taxonomy":"category","embeddable":true,"href":"https:\/\/www.deberes.net\/tesis\/wp-json\/wp\/v2\/categories?post=25364"},{"taxonomy":"post_tag","embeddable":true,"href":"https:\/\/www.deberes.net\/tesis\/wp-json\/wp\/v2\/tags?post=25364"}],"curies":[{"name":"wp","href":"https:\/\/api.w.org\/{rel}","templated":true}]}}