{"id":25388,"date":"2018-03-09T09:16:46","date_gmt":"2018-03-09T09:16:46","guid":{"rendered":"https:\/\/www.deberes.net\/tesis\/sin-categoria\/datos-sobre-la-biologa%c2%ada-de-salmonidos-y-cipra%c2%adnidos-en-los-ra%c2%ados-erro-y-urederra-navarra-relacion-con-el-medio-y-analisis-metodologico\/"},"modified":"2018-03-09T09:16:46","modified_gmt":"2018-03-09T09:16:46","slug":"datos-sobre-la-biologa%c2%ada-de-salmonidos-y-cipra%c2%adnidos-en-los-ra%c2%ados-erro-y-urederra-navarra-relacion-con-el-medio-y-analisis-metodologico","status":"publish","type":"post","link":"https:\/\/www.deberes.net\/tesis\/navarra\/datos-sobre-la-biologa%c2%ada-de-salmonidos-y-cipra%c2%adnidos-en-los-ra%c2%ados-erro-y-urederra-navarra-relacion-con-el-medio-y-analisis-metodologico\/","title":{"rendered":"Datos sobre la biolog\u00eda de salm\u00f3nidos y cipr\u00ednidos en los r\u00edos erro y urederra (navarra) relaci\u00f3n con el medio y an\u00e1lisis metodol\u00f3gico"},"content":{"rendered":"<h2>Tesis doctoral de <strong> Cristina Garc\u00eda-fresca Fr\u00edas <\/strong><\/h2>\n<p>En este estudio se elabora un marco general descriptivo de los r\u00edos erro y urederra, se aportan datos sobre la biolog\u00eda de salm\u00f3nidos y cipr\u00ednidos y se eval\u00faan los principales errores cometidos con la utilizaci\u00f3n de la metodolog\u00eda empleada. El per\u00edodo de muestreo abarc\u00f3 los a\u00f1os, 1995, 1996 y  1997.  los r\u00edos estudiados presentaron caracter\u00edsticas de monta\u00f1a y tuvieron aguas frescas con concentraciones de ox\u00edgeno relativamente elevadas. El h\u00e1bitat predominante fue somero o con profundidad media, con sustrato de cantos y velocidades del agua medias o bjas. Ambos resultaron ser salmon\u00edcolas en la cabecera d\u00e1ndose una evoluci\u00f3n aguas abajo hacia comunidades ciprin\u00edcolas. las densidades de las poblaciones de peces sufrieron cambios posiblemente debidos a alteraciones humanas y modificaciones del h\u00e1bitat, al comportamiento de los peces y a variaciones en la eficiencia de captura.  el estudio de las poblaciones de cada especie aport\u00f3 datos sobre su distribuci\u00f3n de tallas, edad, fecundidad absoluta y relativa, \u00edndice gonadosom\u00e1tico y h\u00e1bitat.  el m\u00e9todo de caracterizaci\u00f3n del medio empleado reflej\u00f3 fielmente las condiciones de cada tramo; sin embargo, se propusieron mejoras del mismo. La estimaci\u00f3n de las abundancias, densidades y distribuciones de peces dependieron de la fecha de realizaci\u00f3n del muestreo, de las caracter\u00edsticas del tramo muestreado y del comportamiento de las especies. La estimaci\u00f3n de la edad mediante la lectura de escamas y otolitos present\u00f3 unos resultados buenos aunque el balance esfuerzo-beneficio result\u00f3 poco satisfactorio. La estimaci\u00f3n de la fecundidad mediante el m\u00e9todo gravim\u00e9trico present\u00f3 errores absolutos bajos que mejoraron con el recuento de una g\u00f3nada completa.<\/p>\n<p>&nbsp;<\/p>\n<h3>Datos acad\u00e9micos de la tesis doctoral \u00ab<strong>Datos sobre la biolog\u00eda de salm\u00f3nidos y cipr\u00ednidos en los r\u00edos erro y urederra (navarra) relaci\u00f3n con el medio y an\u00e1lisis metodol\u00f3gico<\/strong>\u00ab<\/h3>\n<ul>\n<li><strong>T\u00edtulo de la tesis:<\/strong>\u00a0 Datos sobre la biolog\u00eda de salm\u00f3nidos y cipr\u00ednidos en los r\u00edos erro y urederra (navarra) relaci\u00f3n con el medio y an\u00e1lisis metodol\u00f3gico <\/li>\n<li><strong>Autor:<\/strong>\u00a0 Cristina Garc\u00eda-fresca Fr\u00edas <\/li>\n<li><strong>Universidad:<\/strong>\u00a0 Navarra<\/li>\n<li><strong>Fecha de lectura de la tesis:<\/strong>\u00a0 15\/09\/2003<\/li>\n<\/ul>\n<p>&nbsp;<\/p>\n<h3>Direcci\u00f3n y tribunal<\/h3>\n<ul>\n<li><strong>Director de la tesis<\/strong>\n<ul>\n<li> Escala Urdapilleta M. Carmen<\/li>\n<\/ul>\n<\/li>\n<li><strong>Tribunal<\/strong>\n<ul>\n<li>Presidente del tribunal: rafael Jordana butticaz <\/li>\n<li>benigno Elvira payan (vocal)<\/li>\n<li>jacinto Nadal puigdefabregas (vocal)<\/li>\n<li>Ana Almodovar perez (vocal)<\/li>\n<\/ul>\n<\/li>\n<\/ul>\n<p>&nbsp;<\/p>\n","protected":false},"excerpt":{"rendered":"<p>Tesis doctoral de Cristina Garc\u00eda-fresca Fr\u00edas En este estudio se elabora un marco general descriptivo de los r\u00edos erro y [&hellip;]<\/p>\n","protected":false},"author":1,"featured_media":0,"comment_status":"open","ping_status":"open","sticky":false,"template":"","format":"standard","meta":{"site-sidebar-layout":"default","site-content-layout":"","ast-site-content-layout":"","site-content-style":"default","site-sidebar-style":"default","ast-global-header-display":"","ast-banner-title-visibility":"","ast-main-header-display":"","ast-hfb-above-header-display":"","ast-hfb-below-header-display":"","ast-hfb-mobile-header-display":"","site-post-title":"","ast-breadcrumbs-content":"","ast-featured-img":"","footer-sml-layout":"","theme-transparent-header-meta":"","adv-header-id-meta":"","stick-header-meta":"","header-above-stick-meta":"","header-main-stick-meta":"","header-below-stick-meta":"","astra-migrate-meta-layouts":"default","ast-page-background-enabled":"default","ast-page-background-meta":{"desktop":{"background-color":"var(--ast-global-color-4)","background-image":"","background-repeat":"repeat","background-position":"center center","background-size":"auto","background-attachment":"scroll","background-type":"","background-media":"","overlay-type":"","overlay-color":"","overlay-gradient":""},"tablet":{"background-color":"","background-image":"","background-repeat":"repeat","background-position":"center center","background-size":"auto","background-attachment":"scroll","background-type":"","background-media":"","overlay-type":"","overlay-color":"","overlay-gradient":""},"mobile":{"background-color":"","background-image":"","background-repeat":"repeat","background-position":"center center","background-size":"auto","background-attachment":"scroll","background-type":"","background-media":"","overlay-type":"","overlay-color":"","overlay-gradient":""}},"ast-content-background-meta":{"desktop":{"background-color":"var(--ast-global-color-5)","background-image":"","background-repeat":"repeat","background-position":"center center","background-size":"auto","background-attachment":"scroll","background-type":"","background-media":"","overlay-type":"","overlay-color":"","overlay-gradient":""},"tablet":{"background-color":"var(--ast-global-color-5)","background-image":"","background-repeat":"repeat","background-position":"center center","background-size":"auto","background-attachment":"scroll","background-type":"","background-media":"","overlay-type":"","overlay-color":"","overlay-gradient":""},"mobile":{"background-color":"var(--ast-global-color-5)","background-image":"","background-repeat":"repeat","background-position":"center center","background-size":"auto","background-attachment":"scroll","background-type":"","background-media":"","overlay-type":"","overlay-color":"","overlay-gradient":""}},"footnotes":""},"categories":[17749],"tags":[74037,1352,74036,32029,41,18339],"class_list":["post-25388","post","type-post","status-publish","format-standard","hentry","category-navarra","tag-ana-almodovar-perez","tag-benigno-elvira-payan","tag-cristina-garcia-fresca-frias","tag-escala-urdapilleta-m-carmen","tag-jacinto-nadal-puigdefabregas","tag-rafael-jordana-butticaz"],"_links":{"self":[{"href":"https:\/\/www.deberes.net\/tesis\/wp-json\/wp\/v2\/posts\/25388","targetHints":{"allow":["GET"]}}],"collection":[{"href":"https:\/\/www.deberes.net\/tesis\/wp-json\/wp\/v2\/posts"}],"about":[{"href":"https:\/\/www.deberes.net\/tesis\/wp-json\/wp\/v2\/types\/post"}],"author":[{"embeddable":true,"href":"https:\/\/www.deberes.net\/tesis\/wp-json\/wp\/v2\/users\/1"}],"replies":[{"embeddable":true,"href":"https:\/\/www.deberes.net\/tesis\/wp-json\/wp\/v2\/comments?post=25388"}],"version-history":[{"count":0,"href":"https:\/\/www.deberes.net\/tesis\/wp-json\/wp\/v2\/posts\/25388\/revisions"}],"wp:attachment":[{"href":"https:\/\/www.deberes.net\/tesis\/wp-json\/wp\/v2\/media?parent=25388"}],"wp:term":[{"taxonomy":"category","embeddable":true,"href":"https:\/\/www.deberes.net\/tesis\/wp-json\/wp\/v2\/categories?post=25388"},{"taxonomy":"post_tag","embeddable":true,"href":"https:\/\/www.deberes.net\/tesis\/wp-json\/wp\/v2\/tags?post=25388"}],"curies":[{"name":"wp","href":"https:\/\/api.w.org\/{rel}","templated":true}]}}