{"id":25435,"date":"2018-03-09T09:16:49","date_gmt":"2018-03-09T09:16:49","guid":{"rendered":"https:\/\/www.deberes.net\/tesis\/sin-categoria\/caracterizacion-de-la-cuerna-de-las-poblaciones-de-cabra-montes-en-andaluca%c2%ada-aplicacion-al-caso-concreto-de-la-serrana%c2%ada-de-ronda\/"},"modified":"2018-03-09T09:16:49","modified_gmt":"2018-03-09T09:16:49","slug":"caracterizacion-de-la-cuerna-de-las-poblaciones-de-cabra-montes-en-andaluca%c2%ada-aplicacion-al-caso-concreto-de-la-serrana%c2%ada-de-ronda","status":"publish","type":"post","link":"https:\/\/www.deberes.net\/tesis\/cordoba\/caracterizacion-de-la-cuerna-de-las-poblaciones-de-cabra-montes-en-andaluca%c2%ada-aplicacion-al-caso-concreto-de-la-serrana%c2%ada-de-ronda\/","title":{"rendered":"Caracterizaci\u00f3n de la cuerna de las poblaciones de cabra mont\u00e9s en andaluc\u00eda. aplicaci\u00f3n al caso concreto de la serran\u00edade ronda"},"content":{"rendered":"<h2>Tesis doctoral de <strong> Ricardo Alfonso Salas De La Vega <\/strong><\/h2>\n<p>Se ha estudiado las caracter\u00edsticas morfom\u00e9tricas de las cornamentas de 388 cabezas de macho mont\u00e9s (capra pyrenaica) de distintas edades procedentes de los cinco n\u00facleos poblacionales m\u00e1s importantes de andaluc\u00eda (sur de espa\u00f1a).  de sierra nevada (granada) se han estudiado 81 cabezas, 132 de la sierra de cazorla (ja\u00e9n), 26 de la sierra de grazalena (c\u00e1diz), 82 de la serran\u00eda de ronda (m\u00e1laga) y 67 de la sierra de tejeda y almijara-axarqu\u00eda (m\u00e1laga). de cada cornamenta se han analizado diferentes medidas de longitud, per\u00edmetro, grosor, anchura y separaci\u00f3n de los medrones o anillos anuales de crecimiento. en total, se han realizado diez medidas por cada medr\u00f3n, en cada cuerno.  el an\u00e1lisis estad\u00edstico (varianza, prueba t para muestras independientes) se\u00f1ala que las menores diferencias de medidas se encuentran en las medidas de longitud del medr\u00f3n, mientras que las m\u00e1ximas diferencias se establecen en el per\u00edmetro del mismo. Las poblaciones que muestran las medias m\u00e1s diferentes son sierra nevada frente a sierra de tejeda y almijara-axarqu\u00eda; entre tanto, las poblaciones de sierra de grazalema y sierra nevada muestran los menores porcentajes de variabilidad en relaci\u00f3n a las caracter\u00edsticas morfom\u00e9tricas del medr\u00f3n. La poblaci\u00f3n de la serran\u00eda de ronda presenta un cuerno con la secci\u00f3n m\u00e1s el\u00edptica que en el resto de las poblaciones.  definida la edad cineg\u00e9tica \u00f3ptima de captura (eoc) como aquella a partir de la cual los crecimientos de longitud y per\u00edmetro del cuerno no se ven incrementados de forma significativa, utilizando pruebas de correlaci\u00f3n se ha comprobado que en las poablaciones de sierra nevada, serran\u00eda de ronda y sierra de tejeda y almijara-axarqu\u00eda se puede situar la eoc en los once a\u00f1os, mientras que para las de sierra de cazorla y sierra de grazalema a los trece a\u00f1os.<\/p>\n<p>&nbsp;<\/p>\n<h3>Datos acad\u00e9micos de la tesis doctoral \u00ab<strong>Caracterizaci\u00f3n de la cuerna de las poblaciones de cabra mont\u00e9s en andaluc\u00eda. aplicaci\u00f3n al caso concreto de la serran\u00edade ronda<\/strong>\u00ab<\/h3>\n<ul>\n<li><strong>T\u00edtulo de la tesis:<\/strong>\u00a0 Caracterizaci\u00f3n de la cuerna de las poblaciones de cabra mont\u00e9s en andaluc\u00eda. aplicaci\u00f3n al caso concreto de la serran\u00edade ronda <\/li>\n<li><strong>Autor:<\/strong>\u00a0 Ricardo Alfonso Salas De La Vega <\/li>\n<li><strong>Universidad:<\/strong>\u00a0 C\u00f3rdoba<\/li>\n<li><strong>Fecha de lectura de la tesis:<\/strong>\u00a0 17\/09\/2003<\/li>\n<\/ul>\n<p>&nbsp;<\/p>\n<h3>Direcci\u00f3n y tribunal<\/h3>\n<ul>\n<li><strong>Director de la tesis<\/strong>\n<ul>\n<li>Antonio  Jose Arenas Casas<\/li>\n<\/ul>\n<\/li>\n<li><strong>Tribunal<\/strong>\n<ul>\n<li>Presidente del tribunal: teodoro Moreno mart\u00e1\u00f1ez <\/li>\n<li>Juan Carranza almansa (vocal)<\/li>\n<li>Miguel Zamora lozano (vocal)<\/li>\n<li>Juan  mario Vargas ya\u00f1ez (vocal)<\/li>\n<\/ul>\n<\/li>\n<\/ul>\n<p>&nbsp;<\/p>\n","protected":false},"excerpt":{"rendered":"<p>Tesis doctoral de Ricardo Alfonso Salas De La Vega Se ha estudiado las caracter\u00edsticas morfom\u00e9tricas de las cornamentas de 388 [&hellip;]<\/p>\n","protected":false},"author":1,"featured_media":0,"comment_status":"open","ping_status":"open","sticky":false,"template":"","format":"standard","meta":{"site-sidebar-layout":"default","site-content-layout":"","ast-site-content-layout":"","site-content-style":"default","site-sidebar-style":"default","ast-global-header-display":"","ast-banner-title-visibility":"","ast-main-header-display":"","ast-hfb-above-header-display":"","ast-hfb-below-header-display":"","ast-hfb-mobile-header-display":"","site-post-title":"","ast-breadcrumbs-content":"","ast-featured-img":"","footer-sml-layout":"","theme-transparent-header-meta":"","adv-header-id-meta":"","stick-header-meta":"","header-above-stick-meta":"","header-main-stick-meta":"","header-below-stick-meta":"","astra-migrate-meta-layouts":"default","ast-page-background-enabled":"default","ast-page-background-meta":{"desktop":{"background-color":"var(--ast-global-color-4)","background-image":"","background-repeat":"repeat","background-position":"center center","background-size":"auto","background-attachment":"scroll","background-type":"","background-media":"","overlay-type":"","overlay-color":"","overlay-gradient":""},"tablet":{"background-color":"","background-image":"","background-repeat":"repeat","background-position":"center center","background-size":"auto","background-attachment":"scroll","background-type":"","background-media":"","overlay-type":"","overlay-color":"","overlay-gradient":""},"mobile":{"background-color":"","background-image":"","background-repeat":"repeat","background-position":"center center","background-size":"auto","background-attachment":"scroll","background-type":"","background-media":"","overlay-type":"","overlay-color":"","overlay-gradient":""}},"ast-content-background-meta":{"desktop":{"background-color":"var(--ast-global-color-5)","background-image":"","background-repeat":"repeat","background-position":"center center","background-size":"auto","background-attachment":"scroll","background-type":"","background-media":"","overlay-type":"","overlay-color":"","overlay-gradient":""},"tablet":{"background-color":"var(--ast-global-color-5)","background-image":"","background-repeat":"repeat","background-position":"center center","background-size":"auto","background-attachment":"scroll","background-type":"","background-media":"","overlay-type":"","overlay-color":"","overlay-gradient":""},"mobile":{"background-color":"var(--ast-global-color-5)","background-image":"","background-repeat":"repeat","background-position":"center center","background-size":"auto","background-attachment":"scroll","background-type":"","background-media":"","overlay-type":"","overlay-color":"","overlay-gradient":""}},"footnotes":""},"categories":[973,2600,60337],"tags":[56988,2353,2415,74139,74137,74138],"class_list":["post-25435","post","type-post","status-publish","format-standard","hentry","category-cordoba","category-peces-y-fauna-silvestre","category-tecnicas-de-caza","tag-antonio-jose-arenas-casas","tag-juan-carranza-almansa","tag-juan-mario-vargas-yanez","tag-miguel-zamora-lozano","tag-ricardo-alfonso-salas-de-la-vega","tag-teodoro-moreno-martanez"],"_links":{"self":[{"href":"https:\/\/www.deberes.net\/tesis\/wp-json\/wp\/v2\/posts\/25435","targetHints":{"allow":["GET"]}}],"collection":[{"href":"https:\/\/www.deberes.net\/tesis\/wp-json\/wp\/v2\/posts"}],"about":[{"href":"https:\/\/www.deberes.net\/tesis\/wp-json\/wp\/v2\/types\/post"}],"author":[{"embeddable":true,"href":"https:\/\/www.deberes.net\/tesis\/wp-json\/wp\/v2\/users\/1"}],"replies":[{"embeddable":true,"href":"https:\/\/www.deberes.net\/tesis\/wp-json\/wp\/v2\/comments?post=25435"}],"version-history":[{"count":0,"href":"https:\/\/www.deberes.net\/tesis\/wp-json\/wp\/v2\/posts\/25435\/revisions"}],"wp:attachment":[{"href":"https:\/\/www.deberes.net\/tesis\/wp-json\/wp\/v2\/media?parent=25435"}],"wp:term":[{"taxonomy":"category","embeddable":true,"href":"https:\/\/www.deberes.net\/tesis\/wp-json\/wp\/v2\/categories?post=25435"},{"taxonomy":"post_tag","embeddable":true,"href":"https:\/\/www.deberes.net\/tesis\/wp-json\/wp\/v2\/tags?post=25435"}],"curies":[{"name":"wp","href":"https:\/\/api.w.org\/{rel}","templated":true}]}}