{"id":25454,"date":"2018-03-09T09:16:51","date_gmt":"2018-03-09T09:16:51","guid":{"rendered":"https:\/\/www.deberes.net\/tesis\/sin-categoria\/migraciones-asilo-y-refugio\/"},"modified":"2018-03-09T09:16:51","modified_gmt":"2018-03-09T09:16:51","slug":"migraciones-asilo-y-refugio","status":"publish","type":"post","link":"https:\/\/www.deberes.net\/tesis\/carlos-iii-de-madrid\/migraciones-asilo-y-refugio\/","title":{"rendered":"Migraciones, asilo y refugio"},"content":{"rendered":"<h2>Tesis doctoral de <strong>  Rodriguez Castro Laura Cecilia <\/strong><\/h2>\n<p>Se  analiza el fen\u00f3meno de las migraciones en general, dentro del que se encuentran los movimientos de la poblaci\u00f3n de refugiados y solicitantes de asilo.  Se analiza la unificaci\u00f3n de las pol\u00edticas de inmigraci\u00f3n asilo y refugio en la uni\u00f3n europea, los or\u00edgenes cristianos del \u00abasilo\u00bb y su evoluci\u00f3n hasta alcanzar la forma del concepto moderno. Asimismo la evoluci\u00f3n hist\u00f3rica de las reglas sobre refugio internacional antes de la convenci\u00f3n de ginebra de 1951 y despu\u00e9s. Se resumen los   conceptos m\u00e1s importantes que nos ayudan a interpretar la definici\u00f3n de \u00abrefugiado\u00bb, presente en el art\u00edculo primero de la convenci\u00f3n de ginebra de 1951. Se analiza el caso de las mujeres y los ni\u00f1os como grupo especialmente vulnerable a la hora de solicitar refugio, as\u00ed como algunas medidas creadas por los pa\u00edses de acogida, que en la pr\u00e1ctica, dificultan a los potenciales solicitantes de asilo, presentar sus peticiones o que las mismas sean resueltas.  Analizamos el asilo territorial y diplom\u00e1tico en am\u00e9rica latina, as\u00ed como el refugio. se incorpora un an\u00e1lisis del asilo y el refugio en costa rica.  Se analizan las posibles responsabilidades internacionales de los estados de origen por la producci\u00f3n de refugiados, el problema de los desplazados internos y las soluciones a los problemas de migraci\u00f3n analizados, bas\u00e1ndonos en los resultados de las m\u00e1s recientes cumbres o conferencias internacionales de inter\u00e9s para el tema.<\/p>\n<p>&nbsp;<\/p>\n<h3>Datos acad\u00e9micos de la tesis doctoral \u00ab<strong>Migraciones, asilo y refugio<\/strong>\u00ab<\/h3>\n<ul>\n<li><strong>T\u00edtulo de la tesis:<\/strong>\u00a0 Migraciones, asilo y refugio <\/li>\n<li><strong>Autor:<\/strong>\u00a0  Rodriguez Castro Laura Cecilia <\/li>\n<li><strong>Universidad:<\/strong>\u00a0 Carlos III de Madrid<\/li>\n<li><strong>Fecha de lectura de la tesis:<\/strong>\u00a0 17\/09\/2003<\/li>\n<\/ul>\n<p>&nbsp;<\/p>\n<h3>Direcci\u00f3n y tribunal<\/h3>\n<ul>\n<li><strong>Director de la tesis<\/strong>\n<ul>\n<li>Fernando Mari\u00f1o Menendez<\/li>\n<\/ul>\n<\/li>\n<li><strong>Tribunal<\/strong>\n<ul>\n<li>Presidente del tribunal: castor D\u00edaz barrado <\/li>\n<li>angel gregorio Chueca sancho (vocal)<\/li>\n<li>cristina Gort\u00e1zar rotaeche (vocal)<\/li>\n<li>anna Badia martin (vocal)<\/li>\n<\/ul>\n<\/li>\n<\/ul>\n<p>&nbsp;<\/p>\n","protected":false},"excerpt":{"rendered":"<p>Tesis doctoral de Rodriguez Castro Laura Cecilia Se analiza el fen\u00f3meno de las migraciones en general, dentro del que se [&hellip;]<\/p>\n","protected":false},"author":1,"featured_media":0,"comment_status":"open","ping_status":"open","sticky":false,"template":"","format":"standard","meta":{"site-sidebar-layout":"default","site-content-layout":"","ast-site-content-layout":"","site-content-style":"default","site-sidebar-style":"default","ast-global-header-display":"","ast-banner-title-visibility":"","ast-main-header-display":"","ast-hfb-above-header-display":"","ast-hfb-below-header-display":"","ast-hfb-mobile-header-display":"","site-post-title":"","ast-breadcrumbs-content":"","ast-featured-img":"","footer-sml-layout":"","theme-transparent-header-meta":"","adv-header-id-meta":"","stick-header-meta":"","header-above-stick-meta":"","header-main-stick-meta":"","header-below-stick-meta":"","astra-migrate-meta-layouts":"default","ast-page-background-enabled":"default","ast-page-background-meta":{"desktop":{"background-color":"var(--ast-global-color-4)","background-image":"","background-repeat":"repeat","background-position":"center center","background-size":"auto","background-attachment":"scroll","background-type":"","background-media":"","overlay-type":"","overlay-color":"","overlay-gradient":""},"tablet":{"background-color":"","background-image":"","background-repeat":"repeat","background-position":"center center","background-size":"auto","background-attachment":"scroll","background-type":"","background-media":"","overlay-type":"","overlay-color":"","overlay-gradient":""},"mobile":{"background-color":"","background-image":"","background-repeat":"repeat","background-position":"center center","background-size":"auto","background-attachment":"scroll","background-type":"","background-media":"","overlay-type":"","overlay-color":"","overlay-gradient":""}},"ast-content-background-meta":{"desktop":{"background-color":"var(--ast-global-color-5)","background-image":"","background-repeat":"repeat","background-position":"center center","background-size":"auto","background-attachment":"scroll","background-type":"","background-media":"","overlay-type":"","overlay-color":"","overlay-gradient":""},"tablet":{"background-color":"var(--ast-global-color-5)","background-image":"","background-repeat":"repeat","background-position":"center center","background-size":"auto","background-attachment":"scroll","background-type":"","background-media":"","overlay-type":"","overlay-color":"","overlay-gradient":""},"mobile":{"background-color":"var(--ast-global-color-5)","background-image":"","background-repeat":"repeat","background-position":"center center","background-size":"auto","background-attachment":"scroll","background-type":"","background-media":"","overlay-type":"","overlay-color":"","overlay-gradient":""}},"footnotes":""},"categories":[18550],"tags":[70460,74178,36438,68682,9015,74177],"class_list":["post-25454","post","type-post","status-publish","format-standard","hentry","category-carlos-iii-de-madrid","tag-angel-gregorio-chueca-sancho","tag-anna-badia-martin","tag-castor-diaz-barrado","tag-cristina-gortazar-rotaeche","tag-fernando-marino-menendez","tag-rodriguez-castro-laura-cecilia"],"_links":{"self":[{"href":"https:\/\/www.deberes.net\/tesis\/wp-json\/wp\/v2\/posts\/25454","targetHints":{"allow":["GET"]}}],"collection":[{"href":"https:\/\/www.deberes.net\/tesis\/wp-json\/wp\/v2\/posts"}],"about":[{"href":"https:\/\/www.deberes.net\/tesis\/wp-json\/wp\/v2\/types\/post"}],"author":[{"embeddable":true,"href":"https:\/\/www.deberes.net\/tesis\/wp-json\/wp\/v2\/users\/1"}],"replies":[{"embeddable":true,"href":"https:\/\/www.deberes.net\/tesis\/wp-json\/wp\/v2\/comments?post=25454"}],"version-history":[{"count":0,"href":"https:\/\/www.deberes.net\/tesis\/wp-json\/wp\/v2\/posts\/25454\/revisions"}],"wp:attachment":[{"href":"https:\/\/www.deberes.net\/tesis\/wp-json\/wp\/v2\/media?parent=25454"}],"wp:term":[{"taxonomy":"category","embeddable":true,"href":"https:\/\/www.deberes.net\/tesis\/wp-json\/wp\/v2\/categories?post=25454"},{"taxonomy":"post_tag","embeddable":true,"href":"https:\/\/www.deberes.net\/tesis\/wp-json\/wp\/v2\/tags?post=25454"}],"curies":[{"name":"wp","href":"https:\/\/api.w.org\/{rel}","templated":true}]}}