{"id":25472,"date":"2018-03-09T09:16:53","date_gmt":"2018-03-09T09:16:53","guid":{"rendered":"https:\/\/www.deberes.net\/tesis\/sin-categoria\/cambios-neuromusculares-kinesiograficos-y-en-la-posicion-condilar-tras-la-correccion-de-una-mordida-cruzada-unilateral\/"},"modified":"2018-03-09T09:16:53","modified_gmt":"2018-03-09T09:16:53","slug":"cambios-neuromusculares-kinesiograficos-y-en-la-posicion-condilar-tras-la-correccion-de-una-mordida-cruzada-unilateral","status":"publish","type":"post","link":"https:\/\/www.deberes.net\/tesis\/sin-categoria\/cambios-neuromusculares-kinesiograficos-y-en-la-posicion-condilar-tras-la-correccion-de-una-mordida-cruzada-unilateral\/","title":{"rendered":"Cambios neuromusculares, kinesiogr\u00e1ficos y en la posici\u00f3n condilar tras la correcci\u00f3n de una mordida cruzada unilateral"},"content":{"rendered":"<h2>Tesis doctoral de <strong>  Alam\u00e1n Fern\u00e1ndez Jos\u00e9 M. <\/strong><\/h2>\n<p>Existen muy pocos estudios acerca de los efectos del tratamiento de ortodoncia de la mordida cruzada posterior unilateral sobre la correcci\u00f3n o no de sus alteraciones neurofuncionales y morfol\u00f3gicas. El prop\u00f3sito de este estudio fue analizar  los cambios electromiogr\u00e1ficos, kinesiogr\u00e1ficos y en la posici\u00f3n condilar que se producen tras la correcci\u00f3n ortod\u00f3ncica de la mordida cruzada unilateral en una muestra de 25 pacientes de 10 a 15 a\u00f1os de edad. Todos ellos con clase i esquel\u00e9tica y un patr\u00f3n de crecimiento mesofacial. Empleamos la electromiograf\u00eda de superficie, un kinesi\u00f3grafo mandibular y las radiograf\u00edas de hirtz y tomograf\u00edas de la articulaci\u00f3n temporomandibular. Seg\u00fan las variables estudiadas comparamos el lado de la mordida cruzada frente al otro, en el momento inicial y final, as\u00ed como entre grupos, antes y despu\u00e9s del tratamiento. Los resultados electromiogr\u00e1ficos indican que desaparece la simetr\u00eda muscular que exist\u00eda durante el reposo y el m\u00e1ximo apretamiento de los m\u00fasculos masticatorios. Durante el proceso final se mantiene elevada la actividad de los temporales posteriores, y en el aprentamiento final se aproxima la actividad de los maseteros a la de los temporales anteriores que predominaba al inicio. En la kinesiograf\u00eda disminuy\u00f3 el espacio libre vertical, se mantuvo la desviaci\u00f3n mandibular al abrir hacia el lado sin mordida cruzada, aumentaron las amplitudes de los movimientos mandibulares, y el movimiento de latealidad result\u00f3 mayor hacia el lado de mordida cruzada.  en la posici\u00f3n condilar respecto a la base del cr\u00e1neo, el c\u00e1ndilo del lado normal se situ\u00f3 m\u00e1s posterior que el contralateral, al contrario que al principio.  los espacios articulares entre el c\u00f3ndilo y la fosa glenoidea disminuyeron en el lado sin mordida cruzada, y ambos c\u00f3ndilos se situaron en una posici\u00f3n m\u00e1s centrada en la fosa.<\/p>\n<p>&nbsp;<\/p>\n<h3>Datos acad\u00e9micos de la tesis doctoral \u00ab<strong>Cambios neuromusculares, kinesiogr\u00e1ficos y en la posici\u00f3n condilar tras la correcci\u00f3n de una mordida cruzada unilateral<\/strong>\u00ab<\/h3>\n<ul>\n<li><strong>T\u00edtulo de la tesis:<\/strong>\u00a0 Cambios neuromusculares, kinesiogr\u00e1ficos y en la posici\u00f3n condilar tras la correcci\u00f3n de una mordida cruzada unilateral <\/li>\n<li><strong>Autor:<\/strong>\u00a0  Alam\u00e1n Fern\u00e1ndez Jos\u00e9 M. <\/li>\n<li><strong>Universidad:<\/strong>\u00a0 Complutense de Madrid<\/li>\n<li><strong>Fecha de lectura de la tesis:<\/strong>\u00a0 18\/09\/2003<\/li>\n<\/ul>\n<p>&nbsp;<\/p>\n<h3>Direcci\u00f3n y tribunal<\/h3>\n<ul>\n<li><strong>Director de la tesis<\/strong>\n<ul>\n<li>Juan  Carlos Palma Fernandez<\/li>\n<\/ul>\n<\/li>\n<li><strong>Tribunal<\/strong>\n<ul>\n<li>Presidente del tribunal: rafael Rioboo garcia <\/li>\n<li>mario Menendez nu\u00f1ez (vocal)<\/li>\n<li>leonor Muelas fern\u00e1ndez (vocal)<\/li>\n<li> Gand\u00eda franco Jos\u00e9 Luis (vocal)<\/li>\n<\/ul>\n<\/li>\n<\/ul>\n<p>&nbsp;<\/p>\n","protected":false},"excerpt":{"rendered":"<p>Tesis doctoral de Alam\u00e1n Fern\u00e1ndez Jos\u00e9 M. Existen muy pocos estudios acerca de los efectos del tratamiento de ortodoncia de [&hellip;]<\/p>\n","protected":false},"author":1,"featured_media":0,"comment_status":"open","ping_status":"open","sticky":false,"template":"","format":"standard","meta":{"site-sidebar-layout":"default","site-content-layout":"","ast-site-content-layout":"","site-content-style":"default","site-sidebar-style":"default","ast-global-header-display":"","ast-banner-title-visibility":"","ast-main-header-display":"","ast-hfb-above-header-display":"","ast-hfb-below-header-display":"","ast-hfb-mobile-header-display":"","site-post-title":"","ast-breadcrumbs-content":"","ast-featured-img":"","footer-sml-layout":"","theme-transparent-header-meta":"","adv-header-id-meta":"","stick-header-meta":"","header-above-stick-meta":"","header-main-stick-meta":"","header-below-stick-meta":"","astra-migrate-meta-layouts":"default","ast-page-background-enabled":"default","ast-page-background-meta":{"desktop":{"background-color":"var(--ast-global-color-4)","background-image":"","background-repeat":"repeat","background-position":"center center","background-size":"auto","background-attachment":"scroll","background-type":"","background-media":"","overlay-type":"","overlay-color":"","overlay-gradient":""},"tablet":{"background-color":"","background-image":"","background-repeat":"repeat","background-position":"center center","background-size":"auto","background-attachment":"scroll","background-type":"","background-media":"","overlay-type":"","overlay-color":"","overlay-gradient":""},"mobile":{"background-color":"","background-image":"","background-repeat":"repeat","background-position":"center center","background-size":"auto","background-attachment":"scroll","background-type":"","background-media":"","overlay-type":"","overlay-color":"","overlay-gradient":""}},"ast-content-background-meta":{"desktop":{"background-color":"var(--ast-global-color-5)","background-image":"","background-repeat":"repeat","background-position":"center center","background-size":"auto","background-attachment":"scroll","background-type":"","background-media":"","overlay-type":"","overlay-color":"","overlay-gradient":""},"tablet":{"background-color":"var(--ast-global-color-5)","background-image":"","background-repeat":"repeat","background-position":"center center","background-size":"auto","background-attachment":"scroll","background-type":"","background-media":"","overlay-type":"","overlay-color":"","overlay-gradient":""},"mobile":{"background-color":"var(--ast-global-color-5)","background-image":"","background-repeat":"repeat","background-position":"center center","background-size":"auto","background-attachment":"scroll","background-type":"","background-media":"","overlay-type":"","overlay-color":"","overlay-gradient":""}},"footnotes":""},"categories":[1],"tags":[74213,3947,21769,74214,21766,23399],"class_list":["post-25472","post","type-post","status-publish","format-standard","hentry","category-sin-categoria","tag-alaman-fernandez-jose-m","tag-gandia-franco-jose-luis","tag-juan-carlos-palma-fernandez","tag-leonor-muelas-fernandez","tag-mario-menendez-nunez","tag-rafael-rioboo-garcia"],"_links":{"self":[{"href":"https:\/\/www.deberes.net\/tesis\/wp-json\/wp\/v2\/posts\/25472","targetHints":{"allow":["GET"]}}],"collection":[{"href":"https:\/\/www.deberes.net\/tesis\/wp-json\/wp\/v2\/posts"}],"about":[{"href":"https:\/\/www.deberes.net\/tesis\/wp-json\/wp\/v2\/types\/post"}],"author":[{"embeddable":true,"href":"https:\/\/www.deberes.net\/tesis\/wp-json\/wp\/v2\/users\/1"}],"replies":[{"embeddable":true,"href":"https:\/\/www.deberes.net\/tesis\/wp-json\/wp\/v2\/comments?post=25472"}],"version-history":[{"count":0,"href":"https:\/\/www.deberes.net\/tesis\/wp-json\/wp\/v2\/posts\/25472\/revisions"}],"wp:attachment":[{"href":"https:\/\/www.deberes.net\/tesis\/wp-json\/wp\/v2\/media?parent=25472"}],"wp:term":[{"taxonomy":"category","embeddable":true,"href":"https:\/\/www.deberes.net\/tesis\/wp-json\/wp\/v2\/categories?post=25472"},{"taxonomy":"post_tag","embeddable":true,"href":"https:\/\/www.deberes.net\/tesis\/wp-json\/wp\/v2\/tags?post=25472"}],"curies":[{"name":"wp","href":"https:\/\/api.w.org\/{rel}","templated":true}]}}