{"id":25475,"date":"2018-03-09T09:16:53","date_gmt":"2018-03-09T09:16:53","guid":{"rendered":"https:\/\/www.deberes.net\/tesis\/sin-categoria\/la-proteccion-ambiental-del-territorio-y-su-impacto-en-las-transformaciones-recientes-de-los-paisajes-rurales-de-canarias\/"},"modified":"2018-03-09T09:16:53","modified_gmt":"2018-03-09T09:16:53","slug":"la-proteccion-ambiental-del-territorio-y-su-impacto-en-las-transformaciones-recientes-de-los-paisajes-rurales-de-canarias","status":"publish","type":"post","link":"https:\/\/www.deberes.net\/tesis\/la-laguna\/la-proteccion-ambiental-del-territorio-y-su-impacto-en-las-transformaciones-recientes-de-los-paisajes-rurales-de-canarias\/","title":{"rendered":"La protecci\u00f3n ambiental del territorio y su impacto en las transformaciones recientes de los paisajes rurales de canarias"},"content":{"rendered":"<h2>Tesis doctoral de <strong> Moises R. Simancas Cruz <\/strong><\/h2>\n<p>La pol\u00edtica de protecci\u00f3n ambiental del territorio se ha convertido progresivamente en un mecanismo e instrumento de ordenaci\u00f3n del territorio. As\u00ed, una de sus materializaciones territoriales, las \u00e1reas protegidas, se han transformado en piezas estables que determinan e inciden sobre los esquemas y modos de organizaci\u00f3n y ordenaci\u00f3n territorial.  el prop\u00f3sito general de esta investigaci\u00f3n es analizar, caracterizar y valorar las m\u00faltiples y diversas formas adquiridas por los conjuntos de \u00e1reas protegidas, entendidos como una de materializaciones territoriales de la pol\u00edtica de protecci\u00f3n ambiental del territorio, as\u00ed como el impacto de los cambios derivados de su evoluci\u00f3n cronol\u00f3gica y espacial. El trabajo se ha centrado en dos aspectos b\u00e1sicos. Por una parte, la definici\u00f3n y estudio de las causas que han inducido a la implementaci\u00f3n territorial de dicha pol\u00edtica y, en concreto, a la dimensi\u00f3n territorial y conceptual de las \u00e1reas protegidas, mediante la agrupaci\u00f3n y consideraci\u00f3n de sus regularidades. Por otra, la identificaci\u00f3n y an\u00e1lisis  de las consecuencias e implicaciones estructurales de la composici\u00f3n y configuraci\u00f3n estructural de los productos resultantes -la redes o sistemas de \u00e1reas protegidas- sobre los esquemas y modos de organizaci\u00f3n y ordenaci\u00f3n territorial de los espacios insulares canarios. Asimismo, se pretende contextualizar y explicar de manera sistem\u00e1tica, diacr\u00f3nica y multiescalar los diferentes elementos que la componen, mediante el an\u00e1lisis de las formas de adaptaci\u00f3n (aplicaci\u00f3n) de las estrategias internacionales, europeas, y nacionales en esta memoria.  para ello se ha procedido a reunir, organizar, sistematizar e interpretar un conjunto de conocimientos aislados, cuya integraci\u00f3n nos ha permitido reconstruir y modelizar la \u00abhistoria\u00bb de la pol\u00edtica de protecci\u00f3n ambiental del territorio en canarias. El resultado final ha sido la identificaci\u00f3n de cuatro modelos de prote<\/p>\n<p>&nbsp;<\/p>\n<h3>Datos acad\u00e9micos de la tesis doctoral \u00ab<strong>La protecci\u00f3n ambiental del territorio y su impacto en las transformaciones recientes de los paisajes rurales de canarias<\/strong>\u00ab<\/h3>\n<ul>\n<li><strong>T\u00edtulo de la tesis:<\/strong>\u00a0 La protecci\u00f3n ambiental del territorio y su impacto en las transformaciones recientes de los paisajes rurales de canarias <\/li>\n<li><strong>Autor:<\/strong>\u00a0 Moises R. Simancas Cruz <\/li>\n<li><strong>Universidad:<\/strong>\u00a0 La laguna<\/li>\n<li><strong>Fecha de lectura de la tesis:<\/strong>\u00a0 18\/09\/2003<\/li>\n<\/ul>\n<p>&nbsp;<\/p>\n<h3>Direcci\u00f3n y tribunal<\/h3>\n<ul>\n<li><strong>Director de la tesis<\/strong>\n<ul>\n<li>Antonio \u00e1lvarez Alonso<\/li>\n<\/ul>\n<\/li>\n<li><strong>Tribunal<\/strong>\n<ul>\n<li>Presidente del tribunal:  Burriel de orieta eugenio <\/li>\n<li>bartolom\u00e9 Valle buenestado (vocal)<\/li>\n<li>Miguel angel Troiti\u00f1o vinuesa (vocal)<\/li>\n<li> Ruiz mart\u00edn Juan  Francisco (vocal)<\/li>\n<\/ul>\n<\/li>\n<\/ul>\n<p>&nbsp;<\/p>\n","protected":false},"excerpt":{"rendered":"<p>Tesis doctoral de Moises R. Simancas Cruz La pol\u00edtica de protecci\u00f3n ambiental del territorio se ha convertido progresivamente en un [&hellip;]<\/p>\n","protected":false},"author":1,"featured_media":0,"comment_status":"open","ping_status":"open","sticky":false,"template":"","format":"standard","meta":{"site-sidebar-layout":"default","site-content-layout":"","ast-site-content-layout":"","site-content-style":"default","site-sidebar-style":"default","ast-global-header-display":"","ast-banner-title-visibility":"","ast-main-header-display":"","ast-hfb-above-header-display":"","ast-hfb-below-header-display":"","ast-hfb-mobile-header-display":"","site-post-title":"","ast-breadcrumbs-content":"","ast-featured-img":"","footer-sml-layout":"","theme-transparent-header-meta":"","adv-header-id-meta":"","stick-header-meta":"","header-above-stick-meta":"","header-main-stick-meta":"","header-below-stick-meta":"","astra-migrate-meta-layouts":"default","ast-page-background-enabled":"default","ast-page-background-meta":{"desktop":{"background-color":"var(--ast-global-color-4)","background-image":"","background-repeat":"repeat","background-position":"center center","background-size":"auto","background-attachment":"scroll","background-type":"","background-media":"","overlay-type":"","overlay-color":"","overlay-gradient":""},"tablet":{"background-color":"","background-image":"","background-repeat":"repeat","background-position":"center center","background-size":"auto","background-attachment":"scroll","background-type":"","background-media":"","overlay-type":"","overlay-color":"","overlay-gradient":""},"mobile":{"background-color":"","background-image":"","background-repeat":"repeat","background-position":"center center","background-size":"auto","background-attachment":"scroll","background-type":"","background-media":"","overlay-type":"","overlay-color":"","overlay-gradient":""}},"ast-content-background-meta":{"desktop":{"background-color":"var(--ast-global-color-5)","background-image":"","background-repeat":"repeat","background-position":"center center","background-size":"auto","background-attachment":"scroll","background-type":"","background-media":"","overlay-type":"","overlay-color":"","overlay-gradient":""},"tablet":{"background-color":"var(--ast-global-color-5)","background-image":"","background-repeat":"repeat","background-position":"center center","background-size":"auto","background-attachment":"scroll","background-type":"","background-media":"","overlay-type":"","overlay-color":"","overlay-gradient":""},"mobile":{"background-color":"var(--ast-global-color-5)","background-image":"","background-repeat":"repeat","background-position":"center center","background-size":"auto","background-attachment":"scroll","background-type":"","background-media":"","overlay-type":"","overlay-color":"","overlay-gradient":""}},"footnotes":""},"categories":[9915],"tags":[2455,11300,74220,4466,74219,74221],"class_list":["post-25475","post","type-post","status-publish","format-standard","hentry","category-la-laguna","tag-antonio-alvarez-alonso","tag-bartolome-valle-buenestado","tag-burriel-de-orieta-eugenio","tag-miguel-angel-troitino-vinuesa","tag-moises-r-simancas-cruz","tag-ruiz-martin-juan-francisco"],"_links":{"self":[{"href":"https:\/\/www.deberes.net\/tesis\/wp-json\/wp\/v2\/posts\/25475","targetHints":{"allow":["GET"]}}],"collection":[{"href":"https:\/\/www.deberes.net\/tesis\/wp-json\/wp\/v2\/posts"}],"about":[{"href":"https:\/\/www.deberes.net\/tesis\/wp-json\/wp\/v2\/types\/post"}],"author":[{"embeddable":true,"href":"https:\/\/www.deberes.net\/tesis\/wp-json\/wp\/v2\/users\/1"}],"replies":[{"embeddable":true,"href":"https:\/\/www.deberes.net\/tesis\/wp-json\/wp\/v2\/comments?post=25475"}],"version-history":[{"count":0,"href":"https:\/\/www.deberes.net\/tesis\/wp-json\/wp\/v2\/posts\/25475\/revisions"}],"wp:attachment":[{"href":"https:\/\/www.deberes.net\/tesis\/wp-json\/wp\/v2\/media?parent=25475"}],"wp:term":[{"taxonomy":"category","embeddable":true,"href":"https:\/\/www.deberes.net\/tesis\/wp-json\/wp\/v2\/categories?post=25475"},{"taxonomy":"post_tag","embeddable":true,"href":"https:\/\/www.deberes.net\/tesis\/wp-json\/wp\/v2\/tags?post=25475"}],"curies":[{"name":"wp","href":"https:\/\/api.w.org\/{rel}","templated":true}]}}