{"id":25476,"date":"2018-03-09T09:16:53","date_gmt":"2018-03-09T09:16:53","guid":{"rendered":"https:\/\/www.deberes.net\/tesis\/sin-categoria\/melancolia-y-proceso-creativo\/"},"modified":"2018-03-09T09:16:53","modified_gmt":"2018-03-09T09:16:53","slug":"melancolia-y-proceso-creativo","status":"publish","type":"post","link":"https:\/\/www.deberes.net\/tesis\/la-laguna\/melancolia-y-proceso-creativo\/","title":{"rendered":"Melancolia y proceso creativo"},"content":{"rendered":"<h2>Tesis doctoral de <strong>  Mart\u00edn Fierro Emilia Mercedes <\/strong><\/h2>\n<p>La tesis propone la creaci\u00f3n de un modo de proceder durante el proceso creativo en el que la \u00abmelancol\u00eda\u00bb desempe\u00f1a una funci\u00f3n que se concreta y se argumenta como pertinente en el \u00e1mbito del arte contempor\u00e1neo. Para ello se analiza la vinculaci\u00f3n hist\u00f3rica que la melancol\u00eda ha mantenido con el arte, desde arist\u00f3leles hasta la actualidad; la vigencia de esta asociaci\u00f3n en la actualidad y dos tipos de obra art\u00edstica, en medio de las cuales se sit\u00faa la propuesta en la que se concluye.<\/p>\n<p>&nbsp;<\/p>\n<h3>Datos acad\u00e9micos de la tesis doctoral \u00ab<strong>Melancolia y proceso creativo<\/strong>\u00ab<\/h3>\n<ul>\n<li><strong>T\u00edtulo de la tesis:<\/strong>\u00a0 Melancolia y proceso creativo <\/li>\n<li><strong>Autor:<\/strong>\u00a0  Mart\u00edn Fierro Emilia Mercedes <\/li>\n<li><strong>Universidad:<\/strong>\u00a0 La laguna<\/li>\n<li><strong>Fecha de lectura de la tesis:<\/strong>\u00a0 18\/09\/2003<\/li>\n<\/ul>\n<p>&nbsp;<\/p>\n<h3>Direcci\u00f3n y tribunal<\/h3>\n<ul>\n<li><strong>Director de la tesis<\/strong>\n<ul>\n<li>Ramon Salas Lamamie De Clairac<\/li>\n<\/ul>\n<\/li>\n<li><strong>Tribunal<\/strong>\n<ul>\n<li>Presidente del tribunal: javier Pereda piquer <\/li>\n<li> Nazco hern\u00e1ndez Mar\u00eda  isabel (vocal)<\/li>\n<li> Casas g\u00f3mez Jos\u00e9 de las (vocal)<\/li>\n<li>Miguel angel Fern\u00e1ndez-lomana escobar (vocal)<\/li>\n<\/ul>\n<\/li>\n<\/ul>\n<p>&nbsp;<\/p>\n","protected":false},"excerpt":{"rendered":"<p>Tesis doctoral de Mart\u00edn Fierro Emilia Mercedes La tesis propone la creaci\u00f3n de un modo de proceder durante el proceso [&hellip;]<\/p>\n","protected":false},"author":1,"featured_media":0,"comment_status":"open","ping_status":"open","sticky":false,"template":"","format":"standard","meta":{"site-sidebar-layout":"default","site-content-layout":"","ast-site-content-layout":"","site-content-style":"default","site-sidebar-style":"default","ast-global-header-display":"","ast-banner-title-visibility":"","ast-main-header-display":"","ast-hfb-above-header-display":"","ast-hfb-below-header-display":"","ast-hfb-mobile-header-display":"","site-post-title":"","ast-breadcrumbs-content":"","ast-featured-img":"","footer-sml-layout":"","theme-transparent-header-meta":"","adv-header-id-meta":"","stick-header-meta":"","header-above-stick-meta":"","header-main-stick-meta":"","header-below-stick-meta":"","astra-migrate-meta-layouts":"default","ast-page-background-enabled":"default","ast-page-background-meta":{"desktop":{"background-color":"var(--ast-global-color-4)","background-image":"","background-repeat":"repeat","background-position":"center center","background-size":"auto","background-attachment":"scroll","background-type":"","background-media":"","overlay-type":"","overlay-color":"","overlay-gradient":""},"tablet":{"background-color":"","background-image":"","background-repeat":"repeat","background-position":"center center","background-size":"auto","background-attachment":"scroll","background-type":"","background-media":"","overlay-type":"","overlay-color":"","overlay-gradient":""},"mobile":{"background-color":"","background-image":"","background-repeat":"repeat","background-position":"center center","background-size":"auto","background-attachment":"scroll","background-type":"","background-media":"","overlay-type":"","overlay-color":"","overlay-gradient":""}},"ast-content-background-meta":{"desktop":{"background-color":"var(--ast-global-color-5)","background-image":"","background-repeat":"repeat","background-position":"center center","background-size":"auto","background-attachment":"scroll","background-type":"","background-media":"","overlay-type":"","overlay-color":"","overlay-gradient":""},"tablet":{"background-color":"var(--ast-global-color-5)","background-image":"","background-repeat":"repeat","background-position":"center center","background-size":"auto","background-attachment":"scroll","background-type":"","background-media":"","overlay-type":"","overlay-color":"","overlay-gradient":""},"mobile":{"background-color":"var(--ast-global-color-5)","background-image":"","background-repeat":"repeat","background-position":"center center","background-size":"auto","background-attachment":"scroll","background-type":"","background-media":"","overlay-type":"","overlay-color":"","overlay-gradient":""}},"footnotes":""},"categories":[9915],"tags":[59955,18457,74222,10168,26128,10453],"class_list":["post-25476","post","type-post","status-publish","format-standard","hentry","category-la-laguna","tag-casas-gomez-jose-de-las","tag-javier-pereda-piquer","tag-martin-fierro-emilia-mercedes","tag-miguel-angel-fernandez-lomana-escobar","tag-nazco-hernandez-maria-isabel","tag-ramon-salas-lamamie-de-clairac"],"_links":{"self":[{"href":"https:\/\/www.deberes.net\/tesis\/wp-json\/wp\/v2\/posts\/25476","targetHints":{"allow":["GET"]}}],"collection":[{"href":"https:\/\/www.deberes.net\/tesis\/wp-json\/wp\/v2\/posts"}],"about":[{"href":"https:\/\/www.deberes.net\/tesis\/wp-json\/wp\/v2\/types\/post"}],"author":[{"embeddable":true,"href":"https:\/\/www.deberes.net\/tesis\/wp-json\/wp\/v2\/users\/1"}],"replies":[{"embeddable":true,"href":"https:\/\/www.deberes.net\/tesis\/wp-json\/wp\/v2\/comments?post=25476"}],"version-history":[{"count":0,"href":"https:\/\/www.deberes.net\/tesis\/wp-json\/wp\/v2\/posts\/25476\/revisions"}],"wp:attachment":[{"href":"https:\/\/www.deberes.net\/tesis\/wp-json\/wp\/v2\/media?parent=25476"}],"wp:term":[{"taxonomy":"category","embeddable":true,"href":"https:\/\/www.deberes.net\/tesis\/wp-json\/wp\/v2\/categories?post=25476"},{"taxonomy":"post_tag","embeddable":true,"href":"https:\/\/www.deberes.net\/tesis\/wp-json\/wp\/v2\/tags?post=25476"}],"curies":[{"name":"wp","href":"https:\/\/api.w.org\/{rel}","templated":true}]}}