{"id":25493,"date":"2018-03-09T09:16:54","date_gmt":"2018-03-09T09:16:54","guid":{"rendered":"https:\/\/www.deberes.net\/tesis\/sin-categoria\/del-atentado-contra-carrero-al-golpe-de-tejero-el-acontecimiento-historico-en-los-medios-de-comunicacion\/"},"modified":"2018-03-09T09:16:54","modified_gmt":"2018-03-09T09:16:54","slug":"del-atentado-contra-carrero-al-golpe-de-tejero-el-acontecimiento-historico-en-los-medios-de-comunicacion","status":"publish","type":"post","link":"https:\/\/www.deberes.net\/tesis\/historia\/del-atentado-contra-carrero-al-golpe-de-tejero-el-acontecimiento-historico-en-los-medios-de-comunicacion\/","title":{"rendered":"Del atentado contra carrero al golpe de tejero. el acontecimiento hist\u00f3rico en los medios de comunicaci\u00f3n."},"content":{"rendered":"<h2>Tesis doctoral de <strong> Alfonso Pinilla Garc\u00eda <\/strong><\/h2>\n<p>La tesis doctoral presentada ofrece un estudio de la transici\u00f3n pol\u00edtica a la democracia a trav\u00e9s del an\u00e1lisis del acontecimiento hist\u00f3rico en los medios de comunicaci\u00f3n, atendiendo fundamentalmente a la prensa.  desde una perspectiva transdiciplinar, y desarrollando metodolog\u00edas novedosas, hemos analizado la forma en que la prensa percibi\u00f3, y en buena parte influy\u00f3, en el proceso de cambio pero tuvo lugar en espa\u00f1a entre los a\u00f1os 1973-1981. La interpretaci\u00f3n de ese proceso ha merecido en esta tesis un enfoque espa\u00f1ol, en el que hemos querido incorporar &#8211; y adaptar- a la historia, conceptos procedentes de otras disciplinas como teor\u00eda de sistemas o teor\u00eda de la informaci\u00f3n, entre otras.<\/p>\n<p>&nbsp;<\/p>\n<h3>Datos acad\u00e9micos de la tesis doctoral \u00ab<strong>Del atentado contra carrero al golpe de tejero. el acontecimiento hist\u00f3rico en los medios de comunicaci\u00f3n.<\/strong>\u00ab<\/h3>\n<ul>\n<li><strong>T\u00edtulo de la tesis:<\/strong>\u00a0 Del atentado contra carrero al golpe de tejero. el acontecimiento hist\u00f3rico en los medios de comunicaci\u00f3n. <\/li>\n<li><strong>Autor:<\/strong>\u00a0 Alfonso Pinilla Garc\u00eda <\/li>\n<li><strong>Universidad:<\/strong>\u00a0 Extremadura<\/li>\n<li><strong>Fecha de lectura de la tesis:<\/strong>\u00a0 19\/09\/2003<\/li>\n<\/ul>\n<p>&nbsp;<\/p>\n<h3>Direcci\u00f3n y tribunal<\/h3>\n<ul>\n<li><strong>Director de la tesis<\/strong>\n<ul>\n<li>Juan S\u00e1nchez Gonz\u00e1lez<\/li>\n<\/ul>\n<\/li>\n<li><strong>Tribunal<\/strong>\n<ul>\n<li>Presidente del tribunal: julio Arostegui sanchez <\/li>\n<li>Fernando S\u00e1nchez marroyo (vocal)<\/li>\n<li>Antonio Rodriguez de las heras p\u00e9rez (vocal)<\/li>\n<li>mario pedro Diaz barrado (vocal)<\/li>\n<\/ul>\n<\/li>\n<\/ul>\n<p>&nbsp;<\/p>\n","protected":false},"excerpt":{"rendered":"<p>Tesis doctoral de Alfonso Pinilla Garc\u00eda La tesis doctoral presentada ofrece un estudio de la transici\u00f3n pol\u00edtica a la democracia [&hellip;]<\/p>\n","protected":false},"author":1,"featured_media":0,"comment_status":"open","ping_status":"open","sticky":false,"template":"","format":"standard","meta":{"site-sidebar-layout":"default","site-content-layout":"","ast-site-content-layout":"","site-content-style":"default","site-sidebar-style":"default","ast-global-header-display":"","ast-banner-title-visibility":"","ast-main-header-display":"","ast-hfb-above-header-display":"","ast-hfb-below-header-display":"","ast-hfb-mobile-header-display":"","site-post-title":"","ast-breadcrumbs-content":"","ast-featured-img":"","footer-sml-layout":"","theme-transparent-header-meta":"","adv-header-id-meta":"","stick-header-meta":"","header-above-stick-meta":"","header-main-stick-meta":"","header-below-stick-meta":"","astra-migrate-meta-layouts":"default","ast-page-background-enabled":"default","ast-page-background-meta":{"desktop":{"background-color":"var(--ast-global-color-4)","background-image":"","background-repeat":"repeat","background-position":"center center","background-size":"auto","background-attachment":"scroll","background-type":"","background-media":"","overlay-type":"","overlay-color":"","overlay-gradient":""},"tablet":{"background-color":"","background-image":"","background-repeat":"repeat","background-position":"center center","background-size":"auto","background-attachment":"scroll","background-type":"","background-media":"","overlay-type":"","overlay-color":"","overlay-gradient":""},"mobile":{"background-color":"","background-image":"","background-repeat":"repeat","background-position":"center center","background-size":"auto","background-attachment":"scroll","background-type":"","background-media":"","overlay-type":"","overlay-color":"","overlay-gradient":""}},"ast-content-background-meta":{"desktop":{"background-color":"var(--ast-global-color-5)","background-image":"","background-repeat":"repeat","background-position":"center center","background-size":"auto","background-attachment":"scroll","background-type":"","background-media":"","overlay-type":"","overlay-color":"","overlay-gradient":""},"tablet":{"background-color":"var(--ast-global-color-5)","background-image":"","background-repeat":"repeat","background-position":"center center","background-size":"auto","background-attachment":"scroll","background-type":"","background-media":"","overlay-type":"","overlay-color":"","overlay-gradient":""},"mobile":{"background-color":"var(--ast-global-color-5)","background-image":"","background-repeat":"repeat","background-position":"center center","background-size":"auto","background-attachment":"scroll","background-type":"","background-media":"","overlay-type":"","overlay-color":"","overlay-gradient":""}},"footnotes":""},"categories":[838,949,104,1816,220,5051,4840],"tags":[74252,25270,36792,63614,4198,51076],"class_list":["post-25493","post","type-post","status-publish","format-standard","hentry","category-ciencia-politica","category-extremadura","category-historia","category-historia-contemporanea","category-historia-por-epocas","category-medios-de-comunicacion-de-masas","category-opinion-publica","tag-alfonso-pinilla-garcia","tag-antonio-rodriguez-de-las-heras-perez","tag-fernando-sanchez-marroyo","tag-juan-sanchez-gonzalez","tag-julio-arostegui-sanchez","tag-mario-pedro-diaz-barrado"],"_links":{"self":[{"href":"https:\/\/www.deberes.net\/tesis\/wp-json\/wp\/v2\/posts\/25493","targetHints":{"allow":["GET"]}}],"collection":[{"href":"https:\/\/www.deberes.net\/tesis\/wp-json\/wp\/v2\/posts"}],"about":[{"href":"https:\/\/www.deberes.net\/tesis\/wp-json\/wp\/v2\/types\/post"}],"author":[{"embeddable":true,"href":"https:\/\/www.deberes.net\/tesis\/wp-json\/wp\/v2\/users\/1"}],"replies":[{"embeddable":true,"href":"https:\/\/www.deberes.net\/tesis\/wp-json\/wp\/v2\/comments?post=25493"}],"version-history":[{"count":0,"href":"https:\/\/www.deberes.net\/tesis\/wp-json\/wp\/v2\/posts\/25493\/revisions"}],"wp:attachment":[{"href":"https:\/\/www.deberes.net\/tesis\/wp-json\/wp\/v2\/media?parent=25493"}],"wp:term":[{"taxonomy":"category","embeddable":true,"href":"https:\/\/www.deberes.net\/tesis\/wp-json\/wp\/v2\/categories?post=25493"},{"taxonomy":"post_tag","embeddable":true,"href":"https:\/\/www.deberes.net\/tesis\/wp-json\/wp\/v2\/tags?post=25493"}],"curies":[{"name":"wp","href":"https:\/\/api.w.org\/{rel}","templated":true}]}}