{"id":25520,"date":"2018-03-09T09:16:57","date_gmt":"2018-03-09T09:16:57","guid":{"rendered":"https:\/\/www.deberes.net\/tesis\/sin-categoria\/el-federalismo-fiscal-canadiense-comparacion-con-el-estado-de-las-autonoma%c2%adas-y-posibles-aplicaciones-al-mismo\/"},"modified":"2018-03-09T09:16:57","modified_gmt":"2018-03-09T09:16:57","slug":"el-federalismo-fiscal-canadiense-comparacion-con-el-estado-de-las-autonoma%c2%adas-y-posibles-aplicaciones-al-mismo","status":"publish","type":"post","link":"https:\/\/www.deberes.net\/tesis\/malaga\/el-federalismo-fiscal-canadiense-comparacion-con-el-estado-de-las-autonoma%c2%adas-y-posibles-aplicaciones-al-mismo\/","title":{"rendered":"El federalismo fiscal canadiense: comparaci\u00f3n con el estado de las autonom\u00edas y posibles aplicaciones al mismo"},"content":{"rendered":"<h2>Tesis doctoral de <strong> Pedro Atienza Montero <\/strong><\/h2>\n<p>Esta tesis trata sobre un estudio comparado canad\u00e1-espa\u00f1a sobre el federalismo fiscal existente en ambos. Sin embargo, previamente, en los cap\u00edtulos i y ii se realiza una comparaci\u00f3n tanto de la formaci\u00f3n hist\u00f3rica, la estructura territorial del estado y su efectivo funcionamiento desde el punto de vista intergubernamental (capit. I), como de la realidad de la distribuci\u00f3n del gasto (capit. Ii). En una segunda parte, el an\u00e1lisis compardo se centra en la financiaci\u00f3n regional. Primero, cap\u00edtulo iii, desde un punt de vista evolutivo y, posteriormente, desde un punto de vista est\u00e1tico y cuantitativo. as\u00ed en el cap\u00edtulo iv ese estudio se refiere a los sistemas tributarios regionales ya la problem\u00e1tica de la corresponsabilidad fiscal y el cap\u00edtulo v al sistema de transferencias y deuda p\u00fablica. Por \u00faltimo en el cap\u00edtulo vi se hace propuesta de reforma de la financiaci\u00f3n auton\u00f3mica que la aproxime al modelo canadiense, presentando los resultados derivados de las pertinentes simulaciones.<\/p>\n<p>&nbsp;<\/p>\n<h3>Datos acad\u00e9micos de la tesis doctoral \u00ab<strong>El federalismo fiscal canadiense: comparaci\u00f3n con el estado de las autonom\u00edas y posibles aplicaciones al mismo<\/strong>\u00ab<\/h3>\n<ul>\n<li><strong>T\u00edtulo de la tesis:<\/strong>\u00a0 El federalismo fiscal canadiense: comparaci\u00f3n con el estado de las autonom\u00edas y posibles aplicaciones al mismo <\/li>\n<li><strong>Autor:<\/strong>\u00a0 Pedro Atienza Montero <\/li>\n<li><strong>Universidad:<\/strong>\u00a0 M\u00e1laga<\/li>\n<li><strong>Fecha de lectura de la tesis:<\/strong>\u00a0 19\/09\/2003<\/li>\n<\/ul>\n<p>&nbsp;<\/p>\n<h3>Direcci\u00f3n y tribunal<\/h3>\n<ul>\n<li><strong>Director de la tesis<\/strong>\n<ul>\n<li> Hierro Recio Luis Angel<\/li>\n<\/ul>\n<\/li>\n<li><strong>Tribunal<\/strong>\n<ul>\n<li>Presidente del tribunal: Ana Mar\u00eda S\u00e1nchez tejeda <\/li>\n<li>rosario G\u00f3mez-alvarez d\u00edaz (vocal)<\/li>\n<li>Jos\u00e9 Valles ferrer (vocal)<\/li>\n<li>Javier Suarez pandiello (vocal)<\/li>\n<\/ul>\n<\/li>\n<\/ul>\n<p>&nbsp;<\/p>\n","protected":false},"excerpt":{"rendered":"<p>Tesis doctoral de Pedro Atienza Montero Esta tesis trata sobre un estudio comparado canad\u00e1-espa\u00f1a sobre el federalismo fiscal existente en [&hellip;]<\/p>\n","protected":false},"author":1,"featured_media":0,"comment_status":"open","ping_status":"open","sticky":false,"template":"","format":"standard","meta":{"site-sidebar-layout":"default","site-content-layout":"","ast-site-content-layout":"","site-content-style":"default","site-sidebar-style":"default","ast-global-header-display":"","ast-banner-title-visibility":"","ast-main-header-display":"","ast-hfb-above-header-display":"","ast-hfb-below-header-display":"","ast-hfb-mobile-header-display":"","site-post-title":"","ast-breadcrumbs-content":"","ast-featured-img":"","footer-sml-layout":"","theme-transparent-header-meta":"","adv-header-id-meta":"","stick-header-meta":"","header-above-stick-meta":"","header-main-stick-meta":"","header-below-stick-meta":"","astra-migrate-meta-layouts":"default","ast-page-background-enabled":"default","ast-page-background-meta":{"desktop":{"background-color":"var(--ast-global-color-4)","background-image":"","background-repeat":"repeat","background-position":"center center","background-size":"auto","background-attachment":"scroll","background-type":"","background-media":"","overlay-type":"","overlay-color":"","overlay-gradient":""},"tablet":{"background-color":"","background-image":"","background-repeat":"repeat","background-position":"center center","background-size":"auto","background-attachment":"scroll","background-type":"","background-media":"","overlay-type":"","overlay-color":"","overlay-gradient":""},"mobile":{"background-color":"","background-image":"","background-repeat":"repeat","background-position":"center center","background-size":"auto","background-attachment":"scroll","background-type":"","background-media":"","overlay-type":"","overlay-color":"","overlay-gradient":""}},"ast-content-background-meta":{"desktop":{"background-color":"var(--ast-global-color-5)","background-image":"","background-repeat":"repeat","background-position":"center center","background-size":"auto","background-attachment":"scroll","background-type":"","background-media":"","overlay-type":"","overlay-color":"","overlay-gradient":""},"tablet":{"background-color":"var(--ast-global-color-5)","background-image":"","background-repeat":"repeat","background-position":"center center","background-size":"auto","background-attachment":"scroll","background-type":"","background-media":"","overlay-type":"","overlay-color":"","overlay-gradient":""},"mobile":{"background-color":"var(--ast-global-color-5)","background-image":"","background-repeat":"repeat","background-position":"center center","background-size":"auto","background-attachment":"scroll","background-type":"","background-media":"","overlay-type":"","overlay-color":"","overlay-gradient":""}},"footnotes":""},"categories":[7834],"tags":[47418,58748,8782,38406,74315,58747],"class_list":["post-25520","post","type-post","status-publish","format-standard","hentry","category-malaga","tag-ana-maria-sanchez-tejeda","tag-hierro-recio-luis-angel","tag-javier-suarez-pandiello","tag-jose-valles-ferrer","tag-pedro-atienza-montero","tag-rosario-gomez-alvarez-diaz"],"_links":{"self":[{"href":"https:\/\/www.deberes.net\/tesis\/wp-json\/wp\/v2\/posts\/25520","targetHints":{"allow":["GET"]}}],"collection":[{"href":"https:\/\/www.deberes.net\/tesis\/wp-json\/wp\/v2\/posts"}],"about":[{"href":"https:\/\/www.deberes.net\/tesis\/wp-json\/wp\/v2\/types\/post"}],"author":[{"embeddable":true,"href":"https:\/\/www.deberes.net\/tesis\/wp-json\/wp\/v2\/users\/1"}],"replies":[{"embeddable":true,"href":"https:\/\/www.deberes.net\/tesis\/wp-json\/wp\/v2\/comments?post=25520"}],"version-history":[{"count":0,"href":"https:\/\/www.deberes.net\/tesis\/wp-json\/wp\/v2\/posts\/25520\/revisions"}],"wp:attachment":[{"href":"https:\/\/www.deberes.net\/tesis\/wp-json\/wp\/v2\/media?parent=25520"}],"wp:term":[{"taxonomy":"category","embeddable":true,"href":"https:\/\/www.deberes.net\/tesis\/wp-json\/wp\/v2\/categories?post=25520"},{"taxonomy":"post_tag","embeddable":true,"href":"https:\/\/www.deberes.net\/tesis\/wp-json\/wp\/v2\/tags?post=25520"}],"curies":[{"name":"wp","href":"https:\/\/api.w.org\/{rel}","templated":true}]}}