{"id":25532,"date":"2018-03-09T09:16:58","date_gmt":"2018-03-09T09:16:58","guid":{"rendered":"https:\/\/www.deberes.net\/tesis\/sin-categoria\/lenguaje-y-sociedad-la-alternancia-tu-usted-en-san-sebastian-de-la-gomera\/"},"modified":"2018-03-09T09:16:58","modified_gmt":"2018-03-09T09:16:58","slug":"lenguaje-y-sociedad-la-alternancia-tu-usted-en-san-sebastian-de-la-gomera","status":"publish","type":"post","link":"https:\/\/www.deberes.net\/tesis\/la-laguna\/lenguaje-y-sociedad-la-alternancia-tu-usted-en-san-sebastian-de-la-gomera\/","title":{"rendered":"Lenguaje y sociedad: la alternancia t\u00fa\/usted en san sebasti\u00e1n de la gomera"},"content":{"rendered":"<h2>Tesis doctoral de <strong>  Rodr\u00edguez Mendoza Juan a Pilar <\/strong><\/h2>\n<p>Esta investigaci\u00f3n analiza, desde una perspectiva socioling\u00ed\u00bc\u00edstica, la alternancia de los pronombres de trato (t\u00fa\/usted) en una comunidad de corte semi-rural, san sebasti\u00e1n de la gomera, con el prop\u00f3sito de comprobar c\u00f3mo las transformaciones sociales experimentadas por esta localidad en las \u00faltimas d\u00e9cadas pudieran estar influyendo en el cambio de los patrones de uso de estas formas de trato.  para este estudio se ha seleccionado una muestra de 25 informantes mayores de 25 a\u00f1os, distribuida atendiendo a las variables \u00abedad\u00bb, \u00abnivel socioecon\u00f3mico\u00bb y \u00abg\u00e9nero\u00bb. La recogida de datos se realiz\u00f3 empleando la t\u00e9cnica de la encuesta directa mediante un cuestionario cerrado, en el que se preguntaba a los informantes por el pronombre empleado en distintos contextos situacionales: \u00e1mbito familiar, laboral, social y de solidaridad. Como variables indpendientes se tomaron en cuenta tanto las caracter\u00edsticas sociales del emisor (edad, nivel socioecon\u00f3mico y g\u00e9nero) como los del receptor (edad, g\u00e9nero, estatus y relaci\u00f3n con el emisor). Los datos obtenidos de la encuesta fueron analizados con el programa estad\u00edstico varbrul 2s.  en l\u00edneas generales, los resultados reflejan claramente que la forma m\u00e1s utilizada es t\u00fa. No obstantes, la forma usted no ha perdido vigencia y sigue siendo empleada en los contextos de situaci\u00f3n revestidos de mayor formalidad: \u00e1mbitos social y laboral. Por el contrario, los porcentajes y probabilidades m\u00e1s altos de la variante t\u00fa se registraron en los \u00e1mbitos caracterizados por un mayor uso de los valores sociales ligados a la solidaridad: el familiar y el de solidaridad. En lo que se refiere a las caracter\u00edsticas sociales de los interlocutores, las variables sociales que m\u00e1s peso tienen en la selecci\u00f3n de usted son las del receptor, especialmente el estatus y la relaci\u00f3n con el emisor. De entre los factores del emisor, la variable \u00abedad\u00bb refleja un cambio en las normas y patrones culturale<\/p>\n<p>&nbsp;<\/p>\n<h3>Datos acad\u00e9micos de la tesis doctoral \u00ab<strong>Lenguaje y sociedad: la alternancia t\u00fa\/usted en san sebasti\u00e1n de la gomera<\/strong>\u00ab<\/h3>\n<ul>\n<li><strong>T\u00edtulo de la tesis:<\/strong>\u00a0 Lenguaje y sociedad: la alternancia t\u00fa\/usted en san sebasti\u00e1n de la gomera <\/li>\n<li><strong>Autor:<\/strong>\u00a0  Rodr\u00edguez Mendoza Juan a Pilar <\/li>\n<li><strong>Universidad:<\/strong>\u00a0 La laguna<\/li>\n<li><strong>Fecha de lectura de la tesis:<\/strong>\u00a0 19\/09\/2003<\/li>\n<\/ul>\n<p>&nbsp;<\/p>\n<h3>Direcci\u00f3n y tribunal<\/h3>\n<ul>\n<li><strong>Director de la tesis<\/strong>\n<ul>\n<li>Manuel Almeida Su\u00e1rez<\/li>\n<\/ul>\n<\/li>\n<li><strong>Tribunal<\/strong>\n<ul>\n<li>Presidente del tribunal: gonzalo Ortega ojeda <\/li>\n<li>\u00e1ngela Castellano alem\u00e1n (vocal)<\/li>\n<li>adela Mor\u00edn rodr\u00edguez (vocal)<\/li>\n<li>agust\u00edn Santana talavera (vocal)<\/li>\n<\/ul>\n<\/li>\n<\/ul>\n<p>&nbsp;<\/p>\n","protected":false},"excerpt":{"rendered":"<p>Tesis doctoral de Rodr\u00edguez Mendoza Juan a Pilar Esta investigaci\u00f3n analiza, desde una perspectiva socioling\u00ed\u00bc\u00edstica, la alternancia de los pronombres [&hellip;]<\/p>\n","protected":false},"author":1,"featured_media":0,"comment_status":"open","ping_status":"open","sticky":false,"template":"","format":"standard","meta":{"site-sidebar-layout":"default","site-content-layout":"","ast-site-content-layout":"","site-content-style":"default","site-sidebar-style":"default","ast-global-header-display":"","ast-banner-title-visibility":"","ast-main-header-display":"","ast-hfb-above-header-display":"","ast-hfb-below-header-display":"","ast-hfb-mobile-header-display":"","site-post-title":"","ast-breadcrumbs-content":"","ast-featured-img":"","footer-sml-layout":"","theme-transparent-header-meta":"","adv-header-id-meta":"","stick-header-meta":"","header-above-stick-meta":"","header-main-stick-meta":"","header-below-stick-meta":"","astra-migrate-meta-layouts":"default","ast-page-background-enabled":"default","ast-page-background-meta":{"desktop":{"background-color":"var(--ast-global-color-4)","background-image":"","background-repeat":"repeat","background-position":"center center","background-size":"auto","background-attachment":"scroll","background-type":"","background-media":"","overlay-type":"","overlay-color":"","overlay-gradient":""},"tablet":{"background-color":"","background-image":"","background-repeat":"repeat","background-position":"center center","background-size":"auto","background-attachment":"scroll","background-type":"","background-media":"","overlay-type":"","overlay-color":"","overlay-gradient":""},"mobile":{"background-color":"","background-image":"","background-repeat":"repeat","background-position":"center center","background-size":"auto","background-attachment":"scroll","background-type":"","background-media":"","overlay-type":"","overlay-color":"","overlay-gradient":""}},"ast-content-background-meta":{"desktop":{"background-color":"var(--ast-global-color-5)","background-image":"","background-repeat":"repeat","background-position":"center center","background-size":"auto","background-attachment":"scroll","background-type":"","background-media":"","overlay-type":"","overlay-color":"","overlay-gradient":""},"tablet":{"background-color":"var(--ast-global-color-5)","background-image":"","background-repeat":"repeat","background-position":"center center","background-size":"auto","background-attachment":"scroll","background-type":"","background-media":"","overlay-type":"","overlay-color":"","overlay-gradient":""},"mobile":{"background-color":"var(--ast-global-color-5)","background-image":"","background-repeat":"repeat","background-position":"center center","background-size":"auto","background-attachment":"scroll","background-type":"","background-media":"","overlay-type":"","overlay-color":"","overlay-gradient":""}},"footnotes":""},"categories":[9915],"tags":[66378,2726,67689,60987,23242,74342],"class_list":["post-25532","post","type-post","status-publish","format-standard","hentry","category-la-laguna","tag-adela-morin-rodriguez","tag-agustin-santana-talavera","tag-angela-castellano-aleman","tag-gonzalo-ortega-ojeda","tag-manuel-almeida-suarez","tag-rodriguez-mendoza-juan-a-pilar"],"_links":{"self":[{"href":"https:\/\/www.deberes.net\/tesis\/wp-json\/wp\/v2\/posts\/25532","targetHints":{"allow":["GET"]}}],"collection":[{"href":"https:\/\/www.deberes.net\/tesis\/wp-json\/wp\/v2\/posts"}],"about":[{"href":"https:\/\/www.deberes.net\/tesis\/wp-json\/wp\/v2\/types\/post"}],"author":[{"embeddable":true,"href":"https:\/\/www.deberes.net\/tesis\/wp-json\/wp\/v2\/users\/1"}],"replies":[{"embeddable":true,"href":"https:\/\/www.deberes.net\/tesis\/wp-json\/wp\/v2\/comments?post=25532"}],"version-history":[{"count":0,"href":"https:\/\/www.deberes.net\/tesis\/wp-json\/wp\/v2\/posts\/25532\/revisions"}],"wp:attachment":[{"href":"https:\/\/www.deberes.net\/tesis\/wp-json\/wp\/v2\/media?parent=25532"}],"wp:term":[{"taxonomy":"category","embeddable":true,"href":"https:\/\/www.deberes.net\/tesis\/wp-json\/wp\/v2\/categories?post=25532"},{"taxonomy":"post_tag","embeddable":true,"href":"https:\/\/www.deberes.net\/tesis\/wp-json\/wp\/v2\/tags?post=25532"}],"curies":[{"name":"wp","href":"https:\/\/api.w.org\/{rel}","templated":true}]}}