{"id":25542,"date":"2018-03-09T09:16:58","date_gmt":"2018-03-09T09:16:58","guid":{"rendered":"https:\/\/www.deberes.net\/tesis\/sin-categoria\/prevalencia-de-los-trastornos-del-comportamiento-alimentario-en-la-poblacion-universitaria\/"},"modified":"2018-03-09T09:16:58","modified_gmt":"2018-03-09T09:16:58","slug":"prevalencia-de-los-trastornos-del-comportamiento-alimentario-en-la-poblacion-universitaria","status":"publish","type":"post","link":"https:\/\/www.deberes.net\/tesis\/sin-categoria\/prevalencia-de-los-trastornos-del-comportamiento-alimentario-en-la-poblacion-universitaria\/","title":{"rendered":"PreValencia de los trastornos del comportamiento alimentario en la poblaci\u00f3n universitaria"},"content":{"rendered":"<h2>Tesis doctoral de <strong> Ana Rosa Sep\u00falveda Garc\u00eda <\/strong><\/h2>\n<p>Antecedentes y objetivos  en la actualidad existen en nuestro pa\u00eds, rigurosos estudios de preValencia de trastornos del comportamiento alimentario (tca) en adolescentes de 12 a los 18 a\u00f1os (p\u00e9rez-gaspar et al., 1997). El objetivo principal de nuestra investigaci\u00f3n ha sido estimar la preValencia de poblaci\u00f3n de riesgo de tca entre los estudiantes universitarios de 18 a 30 de la universidad aut\u00f3noma de Madrid.  metodolog\u00eda  se ha realizado un estudio trasversal basado en la aplicaci\u00f3n de una encuesta an\u00f3nima autoadministrada en las aulas de varias facultades (13 en total) de la universidad aut\u00f3noma de Madrid (uam), qu\u00e9 incluy\u00f3 un cuesitonario espec\u00edfico de tca, el inventario de trastornos alimentarios (edi-2; garner, 1998), el cuestionario de la figura corporal (bsq; cooper et al., 1987) symptom check list 90 (scl-90; derogatis, 1973) y la escala de autoestima (rse; rosenberg, 1965). La muestra representa la poblaci\u00f3n universitaria de la uam, con una edad entre 18 y 30 a\u00f1os, adscritos durante el a\u00f1o acad\u00e9mico 2000 y 2001. El dise\u00f1o muestral fue de error fijo, estratificado seg\u00fan curso y facultad no proporcionado, con ponderaci\u00f3n en los an\u00e1lisis estad\u00edsticos. la poblaci\u00f3n muestral de primer curso de carrera corresponde al 62,7% de los universitarios y el 37,3% son de cuarto curso de carrera. Un total de 2.551 alumnos de 1\u00c2\u00ba y 4\u00c2\u00ba curso que supone una tasa de respuesta del 54,5%, de los cu\u00e1les 67,3% fueron mujeres y 31,3% varones. La poblaci\u00f3n de riesgo para un tca qued\u00f3 definida seg\u00fan el siguiente criterio, obtener una puntuaci\u00f3n igual o superior a 40 en el cuestionario edi-2 (sumando las 8 subescalas). Se presentan los resultados estad\u00edsticos basados en medidas, porcentajes y an\u00e1lisis de regresi\u00f3n log\u00edstica lineal y m\u00faltiple.  resultados  la preValencia de la poblaci\u00f3n universitaria con alto riesgo de desarrollar un tca es de 14,9% (11,6-18) en varones y un 20,8% (18,7-22,8) en mujeres. la realizaci\u00f3<\/p>\n<p>&nbsp;<\/p>\n<h3>Datos acad\u00e9micos de la tesis doctoral \u00ab<strong>PreValencia de los trastornos del comportamiento alimentario en la poblaci\u00f3n universitaria<\/strong>\u00ab<\/h3>\n<ul>\n<li><strong>T\u00edtulo de la tesis:<\/strong>\u00a0 PreValencia de los trastornos del comportamiento alimentario en la poblaci\u00f3n universitaria <\/li>\n<li><strong>Autor:<\/strong>\u00a0 Ana Rosa Sep\u00falveda Garc\u00eda <\/li>\n<li><strong>Universidad:<\/strong>\u00a0 Aut\u00f3noma de Madrid<\/li>\n<li><strong>Fecha de lectura de la tesis:<\/strong>\u00a0 19\/09\/2003<\/li>\n<\/ul>\n<p>&nbsp;<\/p>\n<h3>Direcci\u00f3n y tribunal<\/h3>\n<ul>\n<li><strong>Director de la tesis<\/strong>\n<ul>\n<li>Jos\u00e9 Antonio Carrobles Isabel<\/li>\n<\/ul>\n<\/li>\n<li><strong>Tribunal<\/strong>\n<ul>\n<li>Presidente del tribunal: josep Toro trallero <\/li>\n<li>concepci\u00f3n Perpi\u00f1\u00e1 tordera (vocal)<\/li>\n<li> Ru\u00edz l\u00e1zaro pedro Manuel (vocal)<\/li>\n<li>Juan Botella ausina (vocal)<\/li>\n<\/ul>\n<\/li>\n<\/ul>\n<p>&nbsp;<\/p>\n","protected":false},"excerpt":{"rendered":"<p>Tesis doctoral de Ana Rosa Sep\u00falveda Garc\u00eda Antecedentes y objetivos en la actualidad existen en nuestro pa\u00eds, rigurosos estudios de [&hellip;]<\/p>\n","protected":false},"author":1,"featured_media":0,"comment_status":"open","ping_status":"open","sticky":false,"template":"","format":"standard","meta":{"site-sidebar-layout":"default","site-content-layout":"","ast-site-content-layout":"","site-content-style":"default","site-sidebar-style":"default","ast-global-header-display":"","ast-banner-title-visibility":"","ast-main-header-display":"","ast-hfb-above-header-display":"","ast-hfb-below-header-display":"","ast-hfb-mobile-header-display":"","site-post-title":"","ast-breadcrumbs-content":"","ast-featured-img":"","footer-sml-layout":"","theme-transparent-header-meta":"","adv-header-id-meta":"","stick-header-meta":"","header-above-stick-meta":"","header-main-stick-meta":"","header-below-stick-meta":"","astra-migrate-meta-layouts":"default","ast-page-background-enabled":"default","ast-page-background-meta":{"desktop":{"background-color":"var(--ast-global-color-4)","background-image":"","background-repeat":"repeat","background-position":"center center","background-size":"auto","background-attachment":"scroll","background-type":"","background-media":"","overlay-type":"","overlay-color":"","overlay-gradient":""},"tablet":{"background-color":"","background-image":"","background-repeat":"repeat","background-position":"center center","background-size":"auto","background-attachment":"scroll","background-type":"","background-media":"","overlay-type":"","overlay-color":"","overlay-gradient":""},"mobile":{"background-color":"","background-image":"","background-repeat":"repeat","background-position":"center center","background-size":"auto","background-attachment":"scroll","background-type":"","background-media":"","overlay-type":"","overlay-color":"","overlay-gradient":""}},"ast-content-background-meta":{"desktop":{"background-color":"var(--ast-global-color-5)","background-image":"","background-repeat":"repeat","background-position":"center center","background-size":"auto","background-attachment":"scroll","background-type":"","background-media":"","overlay-type":"","overlay-color":"","overlay-gradient":""},"tablet":{"background-color":"var(--ast-global-color-5)","background-image":"","background-repeat":"repeat","background-position":"center center","background-size":"auto","background-attachment":"scroll","background-type":"","background-media":"","overlay-type":"","overlay-color":"","overlay-gradient":""},"mobile":{"background-color":"var(--ast-global-color-5)","background-image":"","background-repeat":"repeat","background-position":"center center","background-size":"auto","background-attachment":"scroll","background-type":"","background-media":"","overlay-type":"","overlay-color":"","overlay-gradient":""}},"footnotes":""},"categories":[1],"tags":[74364,74365,6689,462,29585,74366],"class_list":["post-25542","post","type-post","status-publish","format-standard","hentry","category-sin-categoria","tag-ana-rosa-sepulveda-garcia","tag-concepcion-perpina-tordera","tag-jose-antonio-carrobles-isabel","tag-josep-toro-trallero","tag-juan-botella-ausina","tag-ruiz-lazaro-pedro-manuel"],"_links":{"self":[{"href":"https:\/\/www.deberes.net\/tesis\/wp-json\/wp\/v2\/posts\/25542","targetHints":{"allow":["GET"]}}],"collection":[{"href":"https:\/\/www.deberes.net\/tesis\/wp-json\/wp\/v2\/posts"}],"about":[{"href":"https:\/\/www.deberes.net\/tesis\/wp-json\/wp\/v2\/types\/post"}],"author":[{"embeddable":true,"href":"https:\/\/www.deberes.net\/tesis\/wp-json\/wp\/v2\/users\/1"}],"replies":[{"embeddable":true,"href":"https:\/\/www.deberes.net\/tesis\/wp-json\/wp\/v2\/comments?post=25542"}],"version-history":[{"count":0,"href":"https:\/\/www.deberes.net\/tesis\/wp-json\/wp\/v2\/posts\/25542\/revisions"}],"wp:attachment":[{"href":"https:\/\/www.deberes.net\/tesis\/wp-json\/wp\/v2\/media?parent=25542"}],"wp:term":[{"taxonomy":"category","embeddable":true,"href":"https:\/\/www.deberes.net\/tesis\/wp-json\/wp\/v2\/categories?post=25542"},{"taxonomy":"post_tag","embeddable":true,"href":"https:\/\/www.deberes.net\/tesis\/wp-json\/wp\/v2\/tags?post=25542"}],"curies":[{"name":"wp","href":"https:\/\/api.w.org\/{rel}","templated":true}]}}