{"id":25557,"date":"2018-03-09T09:16:59","date_gmt":"2018-03-09T09:16:59","guid":{"rendered":"https:\/\/www.deberes.net\/tesis\/sin-categoria\/el-teletrabajo-de-los-profesionales-la-flexibilizacion-de-la-flexibilidad\/"},"modified":"2018-03-09T09:16:59","modified_gmt":"2018-03-09T09:16:59","slug":"el-teletrabajo-de-los-profesionales-la-flexibilizacion-de-la-flexibilidad","status":"publish","type":"post","link":"https:\/\/www.deberes.net\/tesis\/jaume-i-de-castellon\/el-teletrabajo-de-los-profesionales-la-flexibilizacion-de-la-flexibilidad\/","title":{"rendered":"El teletrabajo de los profesionales. la flexibilizaci\u00f3n de la flexibilidad"},"content":{"rendered":"<h2>Tesis doctoral de <strong> Emilio S\u00e1ez Soro <\/strong><\/h2>\n<p>Esta tesis aborda las implicaciones de la introducci\u00f3n del teletrabajo en el mundo laboral en general y profesional en particular. Desde un an\u00e1lisis de la formaci\u00f3n organizativa e ideol\u00f3gica del teletrabajo se abordan las implicaciones que ha tenido este fen\u00f3meno en la situaci\u00f3n sociolaboral de los profesionales.  los resultados del trabajo muestran como el teletrabajo genera un mayor control del sistema productivo de este tipo de trabajadores que por otra parte ven como disminuye su capacidad de influencia en sus organizaciones y como pierden control en la organizaci\u00f3n de su tiempo de trabajo y vida privada.<\/p>\n<p>&nbsp;<\/p>\n<h3>Datos acad\u00e9micos de la tesis doctoral \u00ab<strong>El teletrabajo de los profesionales. la flexibilizaci\u00f3n de la flexibilidad<\/strong>\u00ab<\/h3>\n<ul>\n<li><strong>T\u00edtulo de la tesis:<\/strong>\u00a0 El teletrabajo de los profesionales. la flexibilizaci\u00f3n de la flexibilidad <\/li>\n<li><strong>Autor:<\/strong>\u00a0 Emilio S\u00e1ez Soro <\/li>\n<li><strong>Universidad:<\/strong>\u00a0 Jaume i de castell\u00f3n<\/li>\n<li><strong>Fecha de lectura de la tesis:<\/strong>\u00a0 19\/09\/2003<\/li>\n<\/ul>\n<p>&nbsp;<\/p>\n<h3>Direcci\u00f3n y tribunal<\/h3>\n<ul>\n<li><strong>Director de la tesis<\/strong>\n<ul>\n<li>Rafael L\u00f3pez Lita<\/li>\n<\/ul>\n<\/li>\n<li><strong>Tribunal<\/strong>\n<ul>\n<li>Presidente del tribunal: Francisco Garc\u00eda Garc\u00eda <\/li>\n<li>Juan  Jos\u00e9 Perona p\u00e1ez (vocal)<\/li>\n<li> Castillo alonso Juan  Jos\u00e9 (vocal)<\/li>\n<li>Andr\u00e9s Pedre\u00f1o c\u00e1novas (vocal)<\/li>\n<\/ul>\n<\/li>\n<\/ul>\n<p>&nbsp;<\/p>\n","protected":false},"excerpt":{"rendered":"<p>Tesis doctoral de Emilio S\u00e1ez Soro Esta tesis aborda las implicaciones de la introducci\u00f3n del teletrabajo en el mundo laboral [&hellip;]<\/p>\n","protected":false},"author":1,"featured_media":0,"comment_status":"open","ping_status":"open","sticky":false,"template":"","format":"standard","meta":{"site-sidebar-layout":"default","site-content-layout":"","ast-site-content-layout":"","site-content-style":"default","site-sidebar-style":"default","ast-global-header-display":"","ast-banner-title-visibility":"","ast-main-header-display":"","ast-hfb-above-header-display":"","ast-hfb-below-header-display":"","ast-hfb-mobile-header-display":"","site-post-title":"","ast-breadcrumbs-content":"","ast-featured-img":"","footer-sml-layout":"","theme-transparent-header-meta":"","adv-header-id-meta":"","stick-header-meta":"","header-above-stick-meta":"","header-main-stick-meta":"","header-below-stick-meta":"","astra-migrate-meta-layouts":"default","ast-page-background-enabled":"default","ast-page-background-meta":{"desktop":{"background-color":"var(--ast-global-color-4)","background-image":"","background-repeat":"repeat","background-position":"center center","background-size":"auto","background-attachment":"scroll","background-type":"","background-media":"","overlay-type":"","overlay-color":"","overlay-gradient":""},"tablet":{"background-color":"","background-image":"","background-repeat":"repeat","background-position":"center center","background-size":"auto","background-attachment":"scroll","background-type":"","background-media":"","overlay-type":"","overlay-color":"","overlay-gradient":""},"mobile":{"background-color":"","background-image":"","background-repeat":"repeat","background-position":"center center","background-size":"auto","background-attachment":"scroll","background-type":"","background-media":"","overlay-type":"","overlay-color":"","overlay-gradient":""}},"ast-content-background-meta":{"desktop":{"background-color":"var(--ast-global-color-5)","background-image":"","background-repeat":"repeat","background-position":"center center","background-size":"auto","background-attachment":"scroll","background-type":"","background-media":"","overlay-type":"","overlay-color":"","overlay-gradient":""},"tablet":{"background-color":"var(--ast-global-color-5)","background-image":"","background-repeat":"repeat","background-position":"center center","background-size":"auto","background-attachment":"scroll","background-type":"","background-media":"","overlay-type":"","overlay-color":"","overlay-gradient":""},"mobile":{"background-color":"var(--ast-global-color-5)","background-image":"","background-repeat":"repeat","background-position":"center center","background-size":"auto","background-attachment":"scroll","background-type":"","background-media":"","overlay-type":"","overlay-color":"","overlay-gradient":""}},"footnotes":""},"categories":[18725],"tags":[46086,4644,74399,7470,48806,24150],"class_list":["post-25557","post","type-post","status-publish","format-standard","hentry","category-jaume-i-de-castellon","tag-andres-pedreno-canovas","tag-castillo-alonso-juan-jose","tag-emilio-saez-soro","tag-francisco-garcia-garcia","tag-juan-jose-perona-paez","tag-rafael-lopez-lita"],"_links":{"self":[{"href":"https:\/\/www.deberes.net\/tesis\/wp-json\/wp\/v2\/posts\/25557","targetHints":{"allow":["GET"]}}],"collection":[{"href":"https:\/\/www.deberes.net\/tesis\/wp-json\/wp\/v2\/posts"}],"about":[{"href":"https:\/\/www.deberes.net\/tesis\/wp-json\/wp\/v2\/types\/post"}],"author":[{"embeddable":true,"href":"https:\/\/www.deberes.net\/tesis\/wp-json\/wp\/v2\/users\/1"}],"replies":[{"embeddable":true,"href":"https:\/\/www.deberes.net\/tesis\/wp-json\/wp\/v2\/comments?post=25557"}],"version-history":[{"count":0,"href":"https:\/\/www.deberes.net\/tesis\/wp-json\/wp\/v2\/posts\/25557\/revisions"}],"wp:attachment":[{"href":"https:\/\/www.deberes.net\/tesis\/wp-json\/wp\/v2\/media?parent=25557"}],"wp:term":[{"taxonomy":"category","embeddable":true,"href":"https:\/\/www.deberes.net\/tesis\/wp-json\/wp\/v2\/categories?post=25557"},{"taxonomy":"post_tag","embeddable":true,"href":"https:\/\/www.deberes.net\/tesis\/wp-json\/wp\/v2\/tags?post=25557"}],"curies":[{"name":"wp","href":"https:\/\/api.w.org\/{rel}","templated":true}]}}