{"id":25575,"date":"2018-03-09T09:17:01","date_gmt":"2018-03-09T09:17:01","guid":{"rendered":"https:\/\/www.deberes.net\/tesis\/sin-categoria\/arqueologa%c2%ada-de-las-primeras-sociedades-productoras-en-la-cuenca-extremena-del-ra%c2%ado-tajo\/"},"modified":"2018-03-09T09:17:01","modified_gmt":"2018-03-09T09:17:01","slug":"arqueologa%c2%ada-de-las-primeras-sociedades-productoras-en-la-cuenca-extremena-del-ra%c2%ado-tajo","status":"publish","type":"post","link":"https:\/\/www.deberes.net\/tesis\/historia\/arqueologa%c2%ada-de-las-primeras-sociedades-productoras-en-la-cuenca-extremena-del-ra%c2%ado-tajo\/","title":{"rendered":"Arqueolog\u00eda de las primeras sociedades productoras en la cuenca extreme\u00f1a del r\u00edo tajo"},"content":{"rendered":"<h2>Tesis doctoral de <strong> Enrique Cerrillo Cuenca <\/strong><\/h2>\n<p>El trabajo se centra en el estudio de la neolitizar\u00e9, de la cuenca extreme\u00f1a del tajo, abarcando un an\u00e1lisis arqueol\u00f3gico de los grupos humanos que poblaron esta \u00e1rea desde el vi hasta el iv milenio cal bc.  se inicia la tesis en un recorrido historiogr\u00e1fico por los modelos empleados para explicar la neolitizaci\u00f3n peninsular, prestando especial inter\u00e9s a la zona interior, y la formulaci\u00f3n de un modelo te\u00f3rico para entender la aparici\u00f3n de la agricultura entre los primeros grupos humanos del tajo interior. El desarrollo de planteamientos netodol\u00f3gico ocupa el segundo lugar en el orden de exposici\u00f3n.  en el aspecto pr\u00e1ctico, el autor ha podido  obtener datos en m\u00faltiples yacimientos de la regi\u00f3n y con la revisi\u00f3n de otros ya excavados, si bien el volumen de informaci\u00f3n m\u00e1s notable procede de la excavaci\u00f3n realizada en los \u00faltimos a\u00f1os en los barruecos.<\/p>\n<p>&nbsp;<\/p>\n<h3>Datos acad\u00e9micos de la tesis doctoral \u00ab<strong>Arqueolog\u00eda de las primeras sociedades productoras en la cuenca extreme\u00f1a del r\u00edo tajo<\/strong>\u00ab<\/h3>\n<ul>\n<li><strong>T\u00edtulo de la tesis:<\/strong>\u00a0 Arqueolog\u00eda de las primeras sociedades productoras en la cuenca extreme\u00f1a del r\u00edo tajo <\/li>\n<li><strong>Autor:<\/strong>\u00a0 Enrique Cerrillo Cuenca <\/li>\n<li><strong>Universidad:<\/strong>\u00a0 Extremadura<\/li>\n<li><strong>Fecha de lectura de la tesis:<\/strong>\u00a0 22\/09\/2003<\/li>\n<\/ul>\n<p>&nbsp;<\/p>\n<h3>Direcci\u00f3n y tribunal<\/h3>\n<ul>\n<li><strong>Director de la tesis<\/strong>\n<ul>\n<li>Primitiva Bueno Ram\u00edrez<\/li>\n<\/ul>\n<\/li>\n<li><strong>Tribunal<\/strong>\n<ul>\n<li>Presidente del tribunal: rodrigo Balbin berhmann <\/li>\n<li>carmen Olaria puyoles (vocal)<\/li>\n<li>german Delibes de castro (vocal)<\/li>\n<li>pablo Arias cabal (vocal)<\/li>\n<\/ul>\n<\/li>\n<\/ul>\n<p>&nbsp;<\/p>\n","protected":false},"excerpt":{"rendered":"<p>Tesis doctoral de Enrique Cerrillo Cuenca El trabajo se centra en el estudio de la neolitizar\u00e9, de la cuenca extreme\u00f1a [&hellip;]<\/p>\n","protected":false},"author":1,"featured_media":0,"comment_status":"open","ping_status":"open","sticky":false,"template":"","format":"standard","meta":{"site-sidebar-layout":"default","site-content-layout":"","ast-site-content-layout":"","site-content-style":"default","site-sidebar-style":"default","ast-global-header-display":"","ast-banner-title-visibility":"","ast-main-header-display":"","ast-hfb-above-header-display":"","ast-hfb-below-header-display":"","ast-hfb-mobile-header-display":"","site-post-title":"","ast-breadcrumbs-content":"","ast-featured-img":"","footer-sml-layout":"","theme-transparent-header-meta":"","adv-header-id-meta":"","stick-header-meta":"","header-above-stick-meta":"","header-main-stick-meta":"","header-below-stick-meta":"","astra-migrate-meta-layouts":"default","ast-page-background-enabled":"default","ast-page-background-meta":{"desktop":{"background-color":"var(--ast-global-color-4)","background-image":"","background-repeat":"repeat","background-position":"center center","background-size":"auto","background-attachment":"scroll","background-type":"","background-media":"","overlay-type":"","overlay-color":"","overlay-gradient":""},"tablet":{"background-color":"","background-image":"","background-repeat":"repeat","background-position":"center center","background-size":"auto","background-attachment":"scroll","background-type":"","background-media":"","overlay-type":"","overlay-color":"","overlay-gradient":""},"mobile":{"background-color":"","background-image":"","background-repeat":"repeat","background-position":"center center","background-size":"auto","background-attachment":"scroll","background-type":"","background-media":"","overlay-type":"","overlay-color":"","overlay-gradient":""}},"ast-content-background-meta":{"desktop":{"background-color":"var(--ast-global-color-5)","background-image":"","background-repeat":"repeat","background-position":"center center","background-size":"auto","background-attachment":"scroll","background-type":"","background-media":"","overlay-type":"","overlay-color":"","overlay-gradient":""},"tablet":{"background-color":"var(--ast-global-color-5)","background-image":"","background-repeat":"repeat","background-position":"center center","background-size":"auto","background-attachment":"scroll","background-type":"","background-media":"","overlay-type":"","overlay-color":"","overlay-gradient":""},"mobile":{"background-color":"var(--ast-global-color-5)","background-image":"","background-repeat":"repeat","background-position":"center center","background-size":"auto","background-attachment":"scroll","background-type":"","background-media":"","overlay-type":"","overlay-color":"","overlay-gradient":""}},"footnotes":""},"categories":[1623,1624,949,104,220,2635],"tags":[64116,74438,2640,64118,35266,74439],"class_list":["post-25575","post","type-post","status-publish","format-standard","hentry","category-arqueologia","category-ciencias-auxiliares-de-la-historia","category-extremadura","category-historia","category-historia-por-epocas","category-prehistoria","tag-carmen-olaria-puyoles","tag-enrique-cerrillo-cuenca","tag-german-delibes-de-castro","tag-pablo-arias-cabal","tag-primitiva-bueno-ramirez","tag-rodrigo-balbin-berhmann"],"_links":{"self":[{"href":"https:\/\/www.deberes.net\/tesis\/wp-json\/wp\/v2\/posts\/25575","targetHints":{"allow":["GET"]}}],"collection":[{"href":"https:\/\/www.deberes.net\/tesis\/wp-json\/wp\/v2\/posts"}],"about":[{"href":"https:\/\/www.deberes.net\/tesis\/wp-json\/wp\/v2\/types\/post"}],"author":[{"embeddable":true,"href":"https:\/\/www.deberes.net\/tesis\/wp-json\/wp\/v2\/users\/1"}],"replies":[{"embeddable":true,"href":"https:\/\/www.deberes.net\/tesis\/wp-json\/wp\/v2\/comments?post=25575"}],"version-history":[{"count":0,"href":"https:\/\/www.deberes.net\/tesis\/wp-json\/wp\/v2\/posts\/25575\/revisions"}],"wp:attachment":[{"href":"https:\/\/www.deberes.net\/tesis\/wp-json\/wp\/v2\/media?parent=25575"}],"wp:term":[{"taxonomy":"category","embeddable":true,"href":"https:\/\/www.deberes.net\/tesis\/wp-json\/wp\/v2\/categories?post=25575"},{"taxonomy":"post_tag","embeddable":true,"href":"https:\/\/www.deberes.net\/tesis\/wp-json\/wp\/v2\/tags?post=25575"}],"curies":[{"name":"wp","href":"https:\/\/api.w.org\/{rel}","templated":true}]}}