{"id":25579,"date":"2018-03-09T09:17:01","date_gmt":"2018-03-09T09:17:01","guid":{"rendered":"https:\/\/www.deberes.net\/tesis\/sin-categoria\/fundamentos-teoricos-desarrollo-y-proyecciones-actuales-de-la-linga%c2%bca%c2%adstica-del-texto\/"},"modified":"2018-03-09T09:17:01","modified_gmt":"2018-03-09T09:17:01","slug":"fundamentos-teoricos-desarrollo-y-proyecciones-actuales-de-la-linga%c2%bca%c2%adstica-del-texto","status":"publish","type":"post","link":"https:\/\/www.deberes.net\/tesis\/linguistica\/fundamentos-teoricos-desarrollo-y-proyecciones-actuales-de-la-linga%c2%bca%c2%adstica-del-texto\/","title":{"rendered":"Fundamentos te\u00f3ricos, desarrollo y proyecciones actuales de la lingu\u00edstica del texto"},"content":{"rendered":"<h2>Tesis doctoral de <strong> Gerard Israel Fernandez Smith <\/strong><\/h2>\n<p>La presente investigaci\u00f3n contribuye a presentar un panorama detallado de la evoluci\u00f3n experimentada por la ling\u00ed\u00bc\u00edstica del texto desde que \u00e9sta surge, durante la d\u00e9cada de los a\u00f1os sesenta del pasado siglo xx, hasta la actualidad, con el fin de demostrar, por una parte, que su aparici\u00f3n, junto con la de otras disciplinas como la pragm\u00e1tica, la socioling\u00ed\u00bc\u00edstica y la psicoling\u00ed\u00bc\u00edstica, propicia una revoluci\u00f3n dentro de la ciencia ling\u00ed\u00bc\u00edstica, caracterizada por la reorientaci\u00f3n de su objeto de estudio desde posturas eminentemente inmanentistas hacia el estudio del lengujae en uso, el habla, y, por otra parte, que \u00e9sta supone ab initio una perspectiva de an\u00e1lisis del lenguaje fundamentalmente interdisciplinaria. As\u00ed pues, en el primero de los bloques de contenido en que ha sido subdividida esta investigaci\u00f3n, titulado \u00abantecedentes de la ling\u00ed\u00bc\u00edstica del texto\u00bb, son analizados los antecedentes de la disciplina que se remontan, por su vinculaci\u00f3n con ellas, hasta la ret\u00f3rica y la po\u00e9tica cl\u00e1sicas. Asimismo, dentro de la tradici\u00f3n gramatical, resultan especialmente relevantes las denominadas gram\u00e1ticas especulativas desarrolladas durante los siglos xvi y xvii. Tambi\u00e9n la estilista, heredera de las disciplinas cl\u00e1sicas mencionadas anteriormente, representa una influencias decisiva para la ling\u00ed\u00bc\u00edstica del texto, ejemplificada en las investigaciones de v. Propp pero tambi\u00e9n en las aportaciones de la escuela idealista y de la estil\u00edstica generativa. Ya en el marco de la ciencia ling\u00ed\u00bc\u00edstica desarrollada durante el siglo xx han sido consideradas, por su importancia para los nuevos enfoques que habr\u00edan de cristalizar apartir de la d\u00e9cada de los a\u00f1os sesenta, las aportaciones de influyentes autores y escuelas, como son b. Malinowski, j.R. Firth, la escuela de praga, l.Hjelmslev, la ling\u00ed\u00bc\u00edstica estructural norteamericana, la tagm\u00e9mica y e. Coseriu, adem\u00e1s de la ggt, cuyos modelos original, est\u00e1ndar y est\u00e1ndar e<\/p>\n<p>&nbsp;<\/p>\n<h3>Datos acad\u00e9micos de la tesis doctoral \u00ab<strong>Fundamentos te\u00f3ricos, desarrollo y proyecciones actuales de la lingu\u00edstica del texto<\/strong>\u00ab<\/h3>\n<ul>\n<li><strong>T\u00edtulo de la tesis:<\/strong>\u00a0 Fundamentos te\u00f3ricos, desarrollo y proyecciones actuales de la lingu\u00edstica del texto <\/li>\n<li><strong>Autor:<\/strong>\u00a0 Gerard Israel Fernandez Smith <\/li>\n<li><strong>Universidad:<\/strong>\u00a0 C\u00e1diz<\/li>\n<li><strong>Fecha de lectura de la tesis:<\/strong>\u00a0 22\/09\/2003<\/li>\n<\/ul>\n<p>&nbsp;<\/p>\n<h3>Direcci\u00f3n y tribunal<\/h3>\n<ul>\n<li><strong>Director de la tesis<\/strong>\n<ul>\n<li>Miguel Casas G\u00f3mez<\/li>\n<\/ul>\n<\/li>\n<li><strong>Tribunal<\/strong>\n<ul>\n<li>Presidente del tribunal: \u00e1ngel L\u00f3pez Garc\u00eda <\/li>\n<li>pedro Carbonero cano (vocal)<\/li>\n<li>Mar\u00eda de los milagros Fern\u00e1ndez p\u00e9rez (vocal)<\/li>\n<li>M\u00aa tadea D\u00edaz  hormigo (vocal)<\/li>\n<\/ul>\n<\/li>\n<\/ul>\n<p>&nbsp;<\/p>\n","protected":false},"excerpt":{"rendered":"<p>Tesis doctoral de Gerard Israel Fernandez Smith La presente investigaci\u00f3n contribuye a presentar un panorama detallado de la evoluci\u00f3n experimentada [&hellip;]<\/p>\n","protected":false},"author":1,"featured_media":0,"comment_status":"open","ping_status":"open","sticky":false,"template":"","format":"standard","meta":{"site-sidebar-layout":"default","site-content-layout":"","ast-site-content-layout":"","site-content-style":"default","site-sidebar-style":"default","ast-global-header-display":"","ast-banner-title-visibility":"","ast-main-header-display":"","ast-hfb-above-header-display":"","ast-hfb-below-header-display":"","ast-hfb-mobile-header-display":"","site-post-title":"","ast-breadcrumbs-content":"","ast-featured-img":"","footer-sml-layout":"","theme-transparent-header-meta":"","adv-header-id-meta":"","stick-header-meta":"","header-above-stick-meta":"","header-main-stick-meta":"","header-below-stick-meta":"","astra-migrate-meta-layouts":"default","ast-page-background-enabled":"default","ast-page-background-meta":{"desktop":{"background-color":"var(--ast-global-color-4)","background-image":"","background-repeat":"repeat","background-position":"center center","background-size":"auto","background-attachment":"scroll","background-type":"","background-media":"","overlay-type":"","overlay-color":"","overlay-gradient":""},"tablet":{"background-color":"","background-image":"","background-repeat":"repeat","background-position":"center center","background-size":"auto","background-attachment":"scroll","background-type":"","background-media":"","overlay-type":"","overlay-color":"","overlay-gradient":""},"mobile":{"background-color":"","background-image":"","background-repeat":"repeat","background-position":"center center","background-size":"auto","background-attachment":"scroll","background-type":"","background-media":"","overlay-type":"","overlay-color":"","overlay-gradient":""}},"ast-content-background-meta":{"desktop":{"background-color":"var(--ast-global-color-5)","background-image":"","background-repeat":"repeat","background-position":"center center","background-size":"auto","background-attachment":"scroll","background-type":"","background-media":"","overlay-type":"","overlay-color":"","overlay-gradient":""},"tablet":{"background-color":"var(--ast-global-color-5)","background-image":"","background-repeat":"repeat","background-position":"center center","background-size":"auto","background-attachment":"scroll","background-type":"","background-media":"","overlay-type":"","overlay-color":"","overlay-gradient":""},"mobile":{"background-color":"var(--ast-global-color-5)","background-image":"","background-repeat":"repeat","background-position":"center center","background-size":"auto","background-attachment":"scroll","background-type":"","background-media":"","overlay-type":"","overlay-color":"","overlay-gradient":""}},"footnotes":""},"categories":[1506,59,62,3016],"tags":[1515,74448,35038,1516,1621,7991],"class_list":["post-25579","post","type-post","status-publish","format-standard","hentry","category-cadiz","category-linguistica","category-linguistica-sincronica","category-teoria-linguistica","tag-angel-lopez-garcia","tag-gerard-israel-fernandez-smith","tag-maria-de-los-milagros-fernandez-perez","tag-miguel-casas-gomez","tag-ma-tadea-diaz-hormigo","tag-pedro-carbonero-cano"],"_links":{"self":[{"href":"https:\/\/www.deberes.net\/tesis\/wp-json\/wp\/v2\/posts\/25579","targetHints":{"allow":["GET"]}}],"collection":[{"href":"https:\/\/www.deberes.net\/tesis\/wp-json\/wp\/v2\/posts"}],"about":[{"href":"https:\/\/www.deberes.net\/tesis\/wp-json\/wp\/v2\/types\/post"}],"author":[{"embeddable":true,"href":"https:\/\/www.deberes.net\/tesis\/wp-json\/wp\/v2\/users\/1"}],"replies":[{"embeddable":true,"href":"https:\/\/www.deberes.net\/tesis\/wp-json\/wp\/v2\/comments?post=25579"}],"version-history":[{"count":0,"href":"https:\/\/www.deberes.net\/tesis\/wp-json\/wp\/v2\/posts\/25579\/revisions"}],"wp:attachment":[{"href":"https:\/\/www.deberes.net\/tesis\/wp-json\/wp\/v2\/media?parent=25579"}],"wp:term":[{"taxonomy":"category","embeddable":true,"href":"https:\/\/www.deberes.net\/tesis\/wp-json\/wp\/v2\/categories?post=25579"},{"taxonomy":"post_tag","embeddable":true,"href":"https:\/\/www.deberes.net\/tesis\/wp-json\/wp\/v2\/tags?post=25579"}],"curies":[{"name":"wp","href":"https:\/\/api.w.org\/{rel}","templated":true}]}}