{"id":25598,"date":"2018-03-09T09:17:03","date_gmt":"2018-03-09T09:17:03","guid":{"rendered":"https:\/\/www.deberes.net\/tesis\/sin-categoria\/sa%c2%adntomas-depresivos-autoconcepto-y-rendimiento-academico-en-una-muestra-representativa-de-adolescentes\/"},"modified":"2018-03-09T09:17:03","modified_gmt":"2018-03-09T09:17:03","slug":"sa%c2%adntomas-depresivos-autoconcepto-y-rendimiento-academico-en-una-muestra-representativa-de-adolescentes","status":"publish","type":"post","link":"https:\/\/www.deberes.net\/tesis\/sin-categoria\/sa%c2%adntomas-depresivos-autoconcepto-y-rendimiento-academico-en-una-muestra-representativa-de-adolescentes\/","title":{"rendered":"S\u00edntomas depresivos, autoconcepto y rendimiento acad\u00e9mico en una muestra representativa de adolescentes"},"content":{"rendered":"<h2>Tesis doctoral de <strong> Joaquin Diaz Atienza <\/strong><\/h2>\n<p>Se investiga la relaci\u00f3n entre s\u00edntomas depresivos, el autoconcepto y el rendimiento acad\u00e9mico en una muestra representativa de adolescentes de los centros p\u00fablicos de ense\u00f1anza de la provincia de almer\u00eda (n=712; 339 varones y 373 mujeres).  la muestra se seleccion\u00f3 siguiendo el procedimiento aleatorio por estratos para una poblaci\u00f3n infinita, un valor alfa=0,05, un valor 1-beta=80% y un riesgo relativo de 3. La edad de los alumnos estaba comprendida entre 14 y 18 a\u00f1os (x=15,44; dt=1,22). Se les aplic\u00f3 un cuestionario con informaci\u00f3n sociodemogr\u00e1fica, familiar, consumo de drogas y rendimiento acad\u00e9mico, el cuestionario de depresi\u00f3n de beck-modificado, el cuestionario de autoconcepto afa-a y la escala de acontecimientos vitales de mardomingo. Se realiz\u00f3 el an\u00e1lisis estad\u00edstico apropiado (x2, an\u00e1lisis de la varianza, y no param\u00e9tricas y exactas, regresi\u00f3n lineal m\u00faltiple y log\u00edstica binaria), seg\u00fan se cumplieran los requisitos, o no, del modelo correspondiente.  los resultados han sido los siguientes:  no se encontr\u00f3 una asociaci\u00f3n clara entre s\u00edntomas depresivos y rendimiento acad\u00e9mico; cuanto mayor fue el nivel socioecon\u00f3mico y cultural de los padres mejor fue el rendimiento acad\u00e9mico; los acontecimientos psiqui\u00e1tricos familiares, especialmente la figura materna, interactuaron negativamente con el autoconcepto y con el rendimiento acad\u00e9mico, especialmente en mujeres; las dimensiones del autoconcepto que se asociaban al rendimiento acad\u00e9mico fueron la escolar y la familia; el autoconcepto global se asoci\u00f3 a la semiolog\u00eda depresiva especialmente en mujeres; existi\u00f3 una asociaci\u00f3n clara entre acontecimientos de la vida negativos y s\u00edntomas depresivos; la relaci\u00f3n entre consumo de tabaco y la semiolog\u00eda depresiva se asoci\u00f3 en los varones de la eso y en las mujeres pertenecientes a la ense\u00f1anza no obligatoria; el consumo de alcohol se asoci\u00f3 a la semiolog\u00eda depresiva en los varones de la eso y en la<\/p>\n<p>&nbsp;<\/p>\n<h3>Datos acad\u00e9micos de la tesis doctoral \u00ab<strong>S\u00edntomas depresivos, autoconcepto y rendimiento acad\u00e9mico en una muestra representativa de adolescentes<\/strong>\u00ab<\/h3>\n<ul>\n<li><strong>T\u00edtulo de la tesis:<\/strong>\u00a0 S\u00edntomas depresivos, autoconcepto y rendimiento acad\u00e9mico en una muestra representativa de adolescentes <\/li>\n<li><strong>Autor:<\/strong>\u00a0 Joaquin Diaz Atienza <\/li>\n<li><strong>Universidad:<\/strong>\u00a0 Granada<\/li>\n<li><strong>Fecha de lectura de la tesis:<\/strong>\u00a0 22\/09\/2003<\/li>\n<\/ul>\n<p>&nbsp;<\/p>\n<h3>Direcci\u00f3n y tribunal<\/h3>\n<ul>\n<li><strong>Director de la tesis<\/strong>\n<ul>\n<li>Jaime Rodr\u00edguez Sacrist\u00e1n<\/li>\n<\/ul>\n<\/li>\n<li><strong>Tribunal<\/strong>\n<ul>\n<li>Presidente del tribunal: gabriel Gald\u00f3 mu\u00f1oz <\/li>\n<li> Mart\u00ednez gonz\u00e1lez Miguel \u00e1ngel (vocal)<\/li>\n<li>Jos\u00e9 m. L\u00f3pez s\u00e1nchez (vocal)<\/li>\n<li>rafaela Caballero andaluz (vocal)<\/li>\n<\/ul>\n<\/li>\n<\/ul>\n<p>&nbsp;<\/p>\n","protected":false},"excerpt":{"rendered":"<p>Tesis doctoral de Joaquin Diaz Atienza Se investiga la relaci\u00f3n entre s\u00edntomas depresivos, el autoconcepto y el rendimiento acad\u00e9mico en [&hellip;]<\/p>\n","protected":false},"author":1,"featured_media":0,"comment_status":"open","ping_status":"open","sticky":false,"template":"","format":"standard","meta":{"site-sidebar-layout":"default","site-content-layout":"","ast-site-content-layout":"","site-content-style":"default","site-sidebar-style":"default","ast-global-header-display":"","ast-banner-title-visibility":"","ast-main-header-display":"","ast-hfb-above-header-display":"","ast-hfb-below-header-display":"","ast-hfb-mobile-header-display":"","site-post-title":"","ast-breadcrumbs-content":"","ast-featured-img":"","footer-sml-layout":"","theme-transparent-header-meta":"","adv-header-id-meta":"","stick-header-meta":"","header-above-stick-meta":"","header-main-stick-meta":"","header-below-stick-meta":"","astra-migrate-meta-layouts":"default","ast-page-background-enabled":"default","ast-page-background-meta":{"desktop":{"background-color":"var(--ast-global-color-4)","background-image":"","background-repeat":"repeat","background-position":"center center","background-size":"auto","background-attachment":"scroll","background-type":"","background-media":"","overlay-type":"","overlay-color":"","overlay-gradient":""},"tablet":{"background-color":"","background-image":"","background-repeat":"repeat","background-position":"center center","background-size":"auto","background-attachment":"scroll","background-type":"","background-media":"","overlay-type":"","overlay-color":"","overlay-gradient":""},"mobile":{"background-color":"","background-image":"","background-repeat":"repeat","background-position":"center center","background-size":"auto","background-attachment":"scroll","background-type":"","background-media":"","overlay-type":"","overlay-color":"","overlay-gradient":""}},"ast-content-background-meta":{"desktop":{"background-color":"var(--ast-global-color-5)","background-image":"","background-repeat":"repeat","background-position":"center center","background-size":"auto","background-attachment":"scroll","background-type":"","background-media":"","overlay-type":"","overlay-color":"","overlay-gradient":""},"tablet":{"background-color":"var(--ast-global-color-5)","background-image":"","background-repeat":"repeat","background-position":"center center","background-size":"auto","background-attachment":"scroll","background-type":"","background-media":"","overlay-type":"","overlay-color":"","overlay-gradient":""},"mobile":{"background-color":"var(--ast-global-color-5)","background-image":"","background-repeat":"repeat","background-position":"center center","background-size":"auto","background-attachment":"scroll","background-type":"","background-media":"","overlay-type":"","overlay-color":"","overlay-gradient":""}},"footnotes":""},"categories":[1],"tags":[20784,1914,74490,57879,37152,38965],"class_list":["post-25598","post","type-post","status-publish","format-standard","hentry","category-sin-categoria","tag-gabriel-galdo-munoz","tag-jaime-rodriguez-sacristan","tag-joaquin-diaz-atienza","tag-jose-m-lopez-sanchez","tag-Martinez-gonzalez-miguel-angel","tag-rafaela-caballero-andaluz"],"_links":{"self":[{"href":"https:\/\/www.deberes.net\/tesis\/wp-json\/wp\/v2\/posts\/25598","targetHints":{"allow":["GET"]}}],"collection":[{"href":"https:\/\/www.deberes.net\/tesis\/wp-json\/wp\/v2\/posts"}],"about":[{"href":"https:\/\/www.deberes.net\/tesis\/wp-json\/wp\/v2\/types\/post"}],"author":[{"embeddable":true,"href":"https:\/\/www.deberes.net\/tesis\/wp-json\/wp\/v2\/users\/1"}],"replies":[{"embeddable":true,"href":"https:\/\/www.deberes.net\/tesis\/wp-json\/wp\/v2\/comments?post=25598"}],"version-history":[{"count":0,"href":"https:\/\/www.deberes.net\/tesis\/wp-json\/wp\/v2\/posts\/25598\/revisions"}],"wp:attachment":[{"href":"https:\/\/www.deberes.net\/tesis\/wp-json\/wp\/v2\/media?parent=25598"}],"wp:term":[{"taxonomy":"category","embeddable":true,"href":"https:\/\/www.deberes.net\/tesis\/wp-json\/wp\/v2\/categories?post=25598"},{"taxonomy":"post_tag","embeddable":true,"href":"https:\/\/www.deberes.net\/tesis\/wp-json\/wp\/v2\/tags?post=25598"}],"curies":[{"name":"wp","href":"https:\/\/api.w.org\/{rel}","templated":true}]}}