{"id":25626,"date":"2018-03-09T09:17:05","date_gmt":"2018-03-09T09:17:05","guid":{"rendered":"https:\/\/www.deberes.net\/tesis\/sin-categoria\/estudio-constitutivo-de-materiales-compuestos-laminados-sometidos-a-cargas-ca%c2%adclicas\/"},"modified":"2018-03-09T09:17:05","modified_gmt":"2018-03-09T09:17:05","slug":"estudio-constitutivo-de-materiales-compuestos-laminados-sometidos-a-cargas-ca%c2%adclicas","status":"publish","type":"post","link":"https:\/\/www.deberes.net\/tesis\/politecnica-de-catalunya\/estudio-constitutivo-de-materiales-compuestos-laminados-sometidos-a-cargas-ca%c2%adclicas\/","title":{"rendered":"Estudio constitutivo de materiales compuestos laminados sometidos a cargas c\u00edclicas"},"content":{"rendered":"<h2>Tesis doctoral de <strong> Joan Andreu Mayugo Maj\u00f3 <\/strong><\/h2>\n<p>La tesis presentada propone una metodolog\u00eda para el an\u00e1lisis de la degradaci\u00f3n a fatiga que produce la aplicaci\u00f3n de cargas c\u00edclicas en un composite laminado de fibras largas.  en primer lugar se han estudiado los mecanismos de degradaci\u00f3n que son responsables del deterioro irreversible de las propiedades de rigidez y resistencia de los composites bajo cargas c\u00edclicas. Se ha tratado de obtener una visi\u00f3n de los fen\u00f3menos de degradaci\u00f3n que tienen lugar en un elemento estructural de pol\u00edmero reforzado con fibras (frp) describiendo de forma cualitativa los distintos modos de da\u00f1o en laminados, la interacci\u00f3n entre ellos y su propagaci\u00f3n. Tambi\u00e9n se muestra la visi\u00f3n cl\u00e1sica del an\u00e1lisis del fen\u00f3meno de la fatiga con un seguimiento de las propiedades efectivas del compuesto mediante las curvas en el plano s-n, curvas de degradaci\u00f3n de la resistencia residual y disminuci\u00f3n de la rigidiez. Interpretando como afectan al comportamiento global de un laminado factores tan diversos como la disposici\u00f3n y propiedades de sus constituyentes o las caracter\u00edsticas de las cargas variables aplicadas. A continuaci\u00f3n, mediante una revisi\u00f3n de los modelos de fatiga propuestos por otros autores, se han estudiado las estrategias m\u00e1s comunes para la predicci\u00f3n del tiempo de vida de un material sometido a cargas c\u00edclicas.  en este estudio se ha dado una especial importancia al enfoque del estudio de la fatiga en composites a trav\u00e9s de  modelos de da\u00f1o en la mec\u00e1nica de medios continuos (mmc), comentando en detalle los principales estudios en este campo. Asimismo, se contemplan distintas estrategias de acumulaci\u00f3n de da\u00f1o para estudiar cargas c\u00edclicas no estacionarias. Finalmente se propone un m\u00e9todo para la formulaci\u00f3n de la degradaci\u00f3n pro el fen\u00f3meno de la fatiga. de este modo se ha ideado una metodolog\u00eda que ha permitido desarrollar un modelo constitutivo integrado en la mmc para la modelizaci\u00f3n de la degradaci\u00f3n por f<\/p>\n<p>&nbsp;<\/p>\n<h3>Datos acad\u00e9micos de la tesis doctoral \u00ab<strong>Estudio constitutivo de materiales compuestos laminados sometidos a cargas c\u00edclicas<\/strong>\u00ab<\/h3>\n<ul>\n<li><strong>T\u00edtulo de la tesis:<\/strong>\u00a0 Estudio constitutivo de materiales compuestos laminados sometidos a cargas c\u00edclicas <\/li>\n<li><strong>Autor:<\/strong>\u00a0 Joan Andreu Mayugo Maj\u00f3 <\/li>\n<li><strong>Universidad:<\/strong>\u00a0 Polit\u00e9cnica de catalunya<\/li>\n<li><strong>Fecha de lectura de la tesis:<\/strong>\u00a0 22\/09\/2003<\/li>\n<\/ul>\n<p>&nbsp;<\/p>\n<h3>Direcci\u00f3n y tribunal<\/h3>\n<ul>\n<li><strong>Director de la tesis<\/strong>\n<ul>\n<li>Sergio Horacio Oller Mart\u00ednez<\/li>\n<\/ul>\n<\/li>\n<li><strong>Tribunal<\/strong>\n<ul>\n<li>Presidente del tribunal: eugenio O\u00f1ate ib\u00e1\u00f1ez de navarra <\/li>\n<li>Mar\u00eda Pintado jose (vocal)<\/li>\n<li>alfonso Fernandez canteli (vocal)<\/li>\n<li>vicente Amig\u00f3 borr\u00e1s (vocal)<\/li>\n<\/ul>\n<\/li>\n<\/ul>\n<p>&nbsp;<\/p>\n","protected":false},"excerpt":{"rendered":"<p>Tesis doctoral de Joan Andreu Mayugo Maj\u00f3 La tesis presentada propone una metodolog\u00eda para el an\u00e1lisis de la degradaci\u00f3n a [&hellip;]<\/p>\n","protected":false},"author":1,"featured_media":0,"comment_status":"open","ping_status":"open","sticky":false,"template":"","format":"standard","meta":{"site-sidebar-layout":"default","site-content-layout":"","ast-site-content-layout":"","site-content-style":"default","site-sidebar-style":"default","ast-global-header-display":"","ast-banner-title-visibility":"","ast-main-header-display":"","ast-hfb-above-header-display":"","ast-hfb-below-header-display":"","ast-hfb-mobile-header-display":"","site-post-title":"","ast-breadcrumbs-content":"","ast-featured-img":"","footer-sml-layout":"","theme-transparent-header-meta":"","adv-header-id-meta":"","stick-header-meta":"","header-above-stick-meta":"","header-main-stick-meta":"","header-below-stick-meta":"","astra-migrate-meta-layouts":"default","ast-page-background-enabled":"default","ast-page-background-meta":{"desktop":{"background-color":"var(--ast-global-color-4)","background-image":"","background-repeat":"repeat","background-position":"center center","background-size":"auto","background-attachment":"scroll","background-type":"","background-media":"","overlay-type":"","overlay-color":"","overlay-gradient":""},"tablet":{"background-color":"","background-image":"","background-repeat":"repeat","background-position":"center center","background-size":"auto","background-attachment":"scroll","background-type":"","background-media":"","overlay-type":"","overlay-color":"","overlay-gradient":""},"mobile":{"background-color":"","background-image":"","background-repeat":"repeat","background-position":"center center","background-size":"auto","background-attachment":"scroll","background-type":"","background-media":"","overlay-type":"","overlay-color":"","overlay-gradient":""}},"ast-content-background-meta":{"desktop":{"background-color":"var(--ast-global-color-5)","background-image":"","background-repeat":"repeat","background-position":"center center","background-size":"auto","background-attachment":"scroll","background-type":"","background-media":"","overlay-type":"","overlay-color":"","overlay-gradient":""},"tablet":{"background-color":"var(--ast-global-color-5)","background-image":"","background-repeat":"repeat","background-position":"center center","background-size":"auto","background-attachment":"scroll","background-type":"","background-media":"","overlay-type":"","overlay-color":"","overlay-gradient":""},"mobile":{"background-color":"var(--ast-global-color-5)","background-image":"","background-repeat":"repeat","background-position":"center center","background-size":"auto","background-attachment":"scroll","background-type":"","background-media":"","overlay-type":"","overlay-color":"","overlay-gradient":""}},"footnotes":""},"categories":[15596],"tags":[8890,15730,74553,74554,15679,39849],"class_list":["post-25626","post","type-post","status-publish","format-standard","hentry","category-politecnica-de-catalunya","tag-alfonso-fernandez-canteli","tag-eugenio-onate-ibanez-de-navarra","tag-joan-andreu-mayugo-majo","tag-maria-pintado-jose","tag-sergio-horacio-oller-Martinez","tag-vicente-amigo-borras"],"_links":{"self":[{"href":"https:\/\/www.deberes.net\/tesis\/wp-json\/wp\/v2\/posts\/25626","targetHints":{"allow":["GET"]}}],"collection":[{"href":"https:\/\/www.deberes.net\/tesis\/wp-json\/wp\/v2\/posts"}],"about":[{"href":"https:\/\/www.deberes.net\/tesis\/wp-json\/wp\/v2\/types\/post"}],"author":[{"embeddable":true,"href":"https:\/\/www.deberes.net\/tesis\/wp-json\/wp\/v2\/users\/1"}],"replies":[{"embeddable":true,"href":"https:\/\/www.deberes.net\/tesis\/wp-json\/wp\/v2\/comments?post=25626"}],"version-history":[{"count":0,"href":"https:\/\/www.deberes.net\/tesis\/wp-json\/wp\/v2\/posts\/25626\/revisions"}],"wp:attachment":[{"href":"https:\/\/www.deberes.net\/tesis\/wp-json\/wp\/v2\/media?parent=25626"}],"wp:term":[{"taxonomy":"category","embeddable":true,"href":"https:\/\/www.deberes.net\/tesis\/wp-json\/wp\/v2\/categories?post=25626"},{"taxonomy":"post_tag","embeddable":true,"href":"https:\/\/www.deberes.net\/tesis\/wp-json\/wp\/v2\/tags?post=25626"}],"curies":[{"name":"wp","href":"https:\/\/api.w.org\/{rel}","templated":true}]}}