{"id":25630,"date":"2018-03-09T09:17:05","date_gmt":"2018-03-09T09:17:05","guid":{"rendered":"https:\/\/www.deberes.net\/tesis\/sin-categoria\/privaciones-y-restricciones-del-derecho-a-la-libertad-personal-la-detencion\/"},"modified":"2018-03-09T09:17:05","modified_gmt":"2018-03-09T09:17:05","slug":"privaciones-y-restricciones-del-derecho-a-la-libertad-personal-la-detencion","status":"publish","type":"post","link":"https:\/\/www.deberes.net\/tesis\/castilla-la-mancha\/privaciones-y-restricciones-del-derecho-a-la-libertad-personal-la-detencion\/","title":{"rendered":"Privaciones y restricciones del derecho a la libertad personal. la detenci\u00f3n"},"content":{"rendered":"<h2>Tesis doctoral de <strong> M. Elena Rebato Pe\u00f1o <\/strong><\/h2>\n<p>La tesis doctoral presentada por d\u00aa m\u00aa elena rebato pe\u00f1o titulada \u00abprivaciones y restricciones del derecho a la libertad personal. La detenci\u00f3n\u00bb; tiene como objeto el an\u00e1lisis detallado desde la perspectiva constitucional del derecho a la libertad personal y de la detenci\u00f3n como imagen en negro del mismo. En este trabajo de investigaci\u00f3n se ha intentado dotar de contenido positivo a este derecho fundamental, si bien a trav\u00e9s del an\u00e1lisis de las limitaciones del mismo. Pese a que el nucleo central de la tesis ha sido el estudio de la detenci\u00f3n, como forma m\u00e1s com\u00fan de privaci\u00f3n de libertad no judicial, tambi\u00e9n se ha considerado pertinente realizar algunas consideraciones sobre otras privaciones de libertad distintas de las mencionadas expresamente en el art\u00edculo 17 ce y sobre las que el autor ha denominado restricciones de libertad, injerencias en grado m\u00ednimo en el derecho fundamental a la libertad personal.<\/p>\n<p>&nbsp;<\/p>\n<h3>Datos acad\u00e9micos de la tesis doctoral \u00ab<strong>Privaciones y restricciones del derecho a la libertad personal. la detenci\u00f3n<\/strong>\u00ab<\/h3>\n<ul>\n<li><strong>T\u00edtulo de la tesis:<\/strong>\u00a0 Privaciones y restricciones del derecho a la libertad personal. la detenci\u00f3n <\/li>\n<li><strong>Autor:<\/strong>\u00a0 M. Elena Rebato Pe\u00f1o <\/li>\n<li><strong>Universidad:<\/strong>\u00a0 Castilla-la mancha<\/li>\n<li><strong>Fecha de lectura de la tesis:<\/strong>\u00a0 22\/09\/2003<\/li>\n<\/ul>\n<p>&nbsp;<\/p>\n<h3>Direcci\u00f3n y tribunal<\/h3>\n<ul>\n<li><strong>Director de la tesis<\/strong>\n<ul>\n<li>Eduardo Esp\u00edn Templado<\/li>\n<\/ul>\n<\/li>\n<li><strong>Tribunal<\/strong>\n<ul>\n<li>Presidente del tribunal: lu\u00eds L\u00f3pez guerra <\/li>\n<li>Jos\u00e9 Luis Cascajo castro (vocal)<\/li>\n<li>pedro Jos\u00e9 Gonz\u00e1lez-trevijano s\u00e1nchez (vocal)<\/li>\n<li> Diez picazo Luis m. (vocal)<\/li>\n<\/ul>\n<\/li>\n<\/ul>\n<p>&nbsp;<\/p>\n","protected":false},"excerpt":{"rendered":"<p>Tesis doctoral de M. Elena Rebato Pe\u00f1o La tesis doctoral presentada por d\u00aa m\u00aa elena rebato pe\u00f1o titulada \u00abprivaciones y [&hellip;]<\/p>\n","protected":false},"author":1,"featured_media":0,"comment_status":"open","ping_status":"open","sticky":false,"template":"","format":"standard","meta":{"site-sidebar-layout":"default","site-content-layout":"","ast-site-content-layout":"","site-content-style":"default","site-sidebar-style":"default","ast-global-header-display":"","ast-banner-title-visibility":"","ast-main-header-display":"","ast-hfb-above-header-display":"","ast-hfb-below-header-display":"","ast-hfb-mobile-header-display":"","site-post-title":"","ast-breadcrumbs-content":"","ast-featured-img":"","footer-sml-layout":"","theme-transparent-header-meta":"","adv-header-id-meta":"","stick-header-meta":"","header-above-stick-meta":"","header-main-stick-meta":"","header-below-stick-meta":"","astra-migrate-meta-layouts":"default","ast-page-background-enabled":"default","ast-page-background-meta":{"desktop":{"background-color":"var(--ast-global-color-4)","background-image":"","background-repeat":"repeat","background-position":"center center","background-size":"auto","background-attachment":"scroll","background-type":"","background-media":"","overlay-type":"","overlay-color":"","overlay-gradient":""},"tablet":{"background-color":"","background-image":"","background-repeat":"repeat","background-position":"center center","background-size":"auto","background-attachment":"scroll","background-type":"","background-media":"","overlay-type":"","overlay-color":"","overlay-gradient":""},"mobile":{"background-color":"","background-image":"","background-repeat":"repeat","background-position":"center center","background-size":"auto","background-attachment":"scroll","background-type":"","background-media":"","overlay-type":"","overlay-color":"","overlay-gradient":""}},"ast-content-background-meta":{"desktop":{"background-color":"var(--ast-global-color-5)","background-image":"","background-repeat":"repeat","background-position":"center center","background-size":"auto","background-attachment":"scroll","background-type":"","background-media":"","overlay-type":"","overlay-color":"","overlay-gradient":""},"tablet":{"background-color":"var(--ast-global-color-5)","background-image":"","background-repeat":"repeat","background-position":"center center","background-size":"auto","background-attachment":"scroll","background-type":"","background-media":"","overlay-type":"","overlay-color":"","overlay-gradient":""},"mobile":{"background-color":"var(--ast-global-color-5)","background-image":"","background-repeat":"repeat","background-position":"center center","background-size":"auto","background-attachment":"scroll","background-type":"","background-media":"","overlay-type":"","overlay-color":"","overlay-gradient":""}},"footnotes":""},"categories":[18451],"tags":[74562,46512,9448,9450,74561,23520],"class_list":["post-25630","post","type-post","status-publish","format-standard","hentry","category-castilla-la-mancha","tag-diez-picazo-luis-m","tag-eduardo-espin-templado","tag-jose-luis-cascajo-castro","tag-luis-lopez-guerra","tag-m-elena-rebato-peno","tag-pedro-jose-gonzalez-trevijano-sanchez"],"_links":{"self":[{"href":"https:\/\/www.deberes.net\/tesis\/wp-json\/wp\/v2\/posts\/25630","targetHints":{"allow":["GET"]}}],"collection":[{"href":"https:\/\/www.deberes.net\/tesis\/wp-json\/wp\/v2\/posts"}],"about":[{"href":"https:\/\/www.deberes.net\/tesis\/wp-json\/wp\/v2\/types\/post"}],"author":[{"embeddable":true,"href":"https:\/\/www.deberes.net\/tesis\/wp-json\/wp\/v2\/users\/1"}],"replies":[{"embeddable":true,"href":"https:\/\/www.deberes.net\/tesis\/wp-json\/wp\/v2\/comments?post=25630"}],"version-history":[{"count":0,"href":"https:\/\/www.deberes.net\/tesis\/wp-json\/wp\/v2\/posts\/25630\/revisions"}],"wp:attachment":[{"href":"https:\/\/www.deberes.net\/tesis\/wp-json\/wp\/v2\/media?parent=25630"}],"wp:term":[{"taxonomy":"category","embeddable":true,"href":"https:\/\/www.deberes.net\/tesis\/wp-json\/wp\/v2\/categories?post=25630"},{"taxonomy":"post_tag","embeddable":true,"href":"https:\/\/www.deberes.net\/tesis\/wp-json\/wp\/v2\/tags?post=25630"}],"curies":[{"name":"wp","href":"https:\/\/api.w.org\/{rel}","templated":true}]}}