{"id":25635,"date":"2018-03-09T09:17:06","date_gmt":"2018-03-09T09:17:06","guid":{"rendered":"https:\/\/www.deberes.net\/tesis\/sin-categoria\/el-proceso-penal-de-menores-necesidad-de-sus-especialidades-procesales-basicas\/"},"modified":"2018-03-09T09:17:06","modified_gmt":"2018-03-09T09:17:06","slug":"el-proceso-penal-de-menores-necesidad-de-sus-especialidades-procesales-basicas","status":"publish","type":"post","link":"https:\/\/www.deberes.net\/tesis\/san-pablo-ceu\/el-proceso-penal-de-menores-necesidad-de-sus-especialidades-procesales-basicas\/","title":{"rendered":"El proceso penal de menores: necesidad de sus especialidades procesales b\u00e1sicas"},"content":{"rendered":"<h2>Tesis doctoral de <strong>  Mingo Basa\u00edl Mar\u00eda Luisa <\/strong><\/h2>\n<p>En un momento en que muchas de las especialidades del proceso penal de menores son reclamadas por cierto sector de la doctrina para su implantaci\u00f3n en todos los procesos penales (tales como la atribuci\u00f3n de la instrucci\u00f3n al ministerio fiscal, la exclusi\u00f3n de acusadores particulares, o las amplias posibilidades de archivo discrecional de los procesos), la tesis estudia cada una de las especialidades de dicho proceso en relaci\u00f3n con las normas procesales comunes al objeto de dilucidar si cada una de ellas resulta necesaria por raz\u00f3n de lo que constituye la raz\u00f3n de ser de la especialidad de este proceso, esto es, atender a las necesidades propias de los menores imputados. Las conclusiones se deducen fundamentalmente del estudio de los antecedentes y regulaci\u00f3n actual de cada especialidad &#8211; con los problemas te\u00f3ricos y pr\u00e1cticos que suscitan -, de su fundamento y relaci\u00f3n con el principio del superior inter\u00e9s del menor, de las normas internacionales sobre menores y de un amplio estudio de derecho comparado. Se obtienen conclusiones reveladoras sobre las peculiaridades de este proceso, algunas de las cuales no se justifican razonablemente en las exigencias de la justicia de menores, siendo prescindibles en un proceso de este tipo y problem\u00e1ticas e incoherentes hoy en d\u00eda con nuestro sistema procesal penal.<\/p>\n<p>&nbsp;<\/p>\n<h3>Datos acad\u00e9micos de la tesis doctoral \u00ab<strong>El proceso penal de menores: necesidad de sus especialidades procesales b\u00e1sicas<\/strong>\u00ab<\/h3>\n<ul>\n<li><strong>T\u00edtulo de la tesis:<\/strong>\u00a0 El proceso penal de menores: necesidad de sus especialidades procesales b\u00e1sicas <\/li>\n<li><strong>Autor:<\/strong>\u00a0  Mingo Basa\u00edl Mar\u00eda Luisa <\/li>\n<li><strong>Universidad:<\/strong>\u00a0 San pablo-ceu<\/li>\n<li><strong>Fecha de lectura de la tesis:<\/strong>\u00a0 22\/09\/2003<\/li>\n<\/ul>\n<p>&nbsp;<\/p>\n<h3>Direcci\u00f3n y tribunal<\/h3>\n<ul>\n<li><strong>Director de la tesis<\/strong>\n<ul>\n<li>picazo Gim\u00e9nez D\u00edez<\/li>\n<\/ul>\n<\/li>\n<li><strong>Tribunal<\/strong>\n<ul>\n<li>Presidente del tribunal: Andr\u00e9s de la Oliva santos <\/li>\n<li>Jaime Vegas torres (vocal)<\/li>\n<li>teresa Armenta deu (vocal)<\/li>\n<li> Gonz\u00e1lez velasco Juli\u00e1n pedro (vocal)<\/li>\n<\/ul>\n<\/li>\n<\/ul>\n<p>&nbsp;<\/p>\n","protected":false},"excerpt":{"rendered":"<p>Tesis doctoral de Mingo Basa\u00edl Mar\u00eda Luisa En un momento en que muchas de las especialidades del proceso penal de [&hellip;]<\/p>\n","protected":false},"author":1,"featured_media":0,"comment_status":"open","ping_status":"open","sticky":false,"template":"","format":"standard","meta":{"site-sidebar-layout":"default","site-content-layout":"","ast-site-content-layout":"","site-content-style":"default","site-sidebar-style":"default","ast-global-header-display":"","ast-banner-title-visibility":"","ast-main-header-display":"","ast-hfb-above-header-display":"","ast-hfb-below-header-display":"","ast-hfb-mobile-header-display":"","site-post-title":"","ast-breadcrumbs-content":"","ast-featured-img":"","footer-sml-layout":"","theme-transparent-header-meta":"","adv-header-id-meta":"","stick-header-meta":"","header-above-stick-meta":"","header-main-stick-meta":"","header-below-stick-meta":"","astra-migrate-meta-layouts":"default","ast-page-background-enabled":"default","ast-page-background-meta":{"desktop":{"background-color":"var(--ast-global-color-4)","background-image":"","background-repeat":"repeat","background-position":"center center","background-size":"auto","background-attachment":"scroll","background-type":"","background-media":"","overlay-type":"","overlay-color":"","overlay-gradient":""},"tablet":{"background-color":"","background-image":"","background-repeat":"repeat","background-position":"center center","background-size":"auto","background-attachment":"scroll","background-type":"","background-media":"","overlay-type":"","overlay-color":"","overlay-gradient":""},"mobile":{"background-color":"","background-image":"","background-repeat":"repeat","background-position":"center center","background-size":"auto","background-attachment":"scroll","background-type":"","background-media":"","overlay-type":"","overlay-color":"","overlay-gradient":""}},"ast-content-background-meta":{"desktop":{"background-color":"var(--ast-global-color-5)","background-image":"","background-repeat":"repeat","background-position":"center center","background-size":"auto","background-attachment":"scroll","background-type":"","background-media":"","overlay-type":"","overlay-color":"","overlay-gradient":""},"tablet":{"background-color":"var(--ast-global-color-5)","background-image":"","background-repeat":"repeat","background-position":"center center","background-size":"auto","background-attachment":"scroll","background-type":"","background-media":"","overlay-type":"","overlay-color":"","overlay-gradient":""},"mobile":{"background-color":"var(--ast-global-color-5)","background-image":"","background-repeat":"repeat","background-position":"center center","background-size":"auto","background-attachment":"scroll","background-type":"","background-media":"","overlay-type":"","overlay-color":"","overlay-gradient":""}},"footnotes":""},"categories":[39800],"tags":[3626,74577,38791,74575,74576,12326],"class_list":["post-25635","post","type-post","status-publish","format-standard","hentry","category-san-pablo-ceu","tag-andres-de-la-oliva-santos","tag-gonzalez-velasco-julian-pedro","tag-jaime-vegas-torres","tag-mingo-basail-maria-luisa","tag-picazo-gimenez-diez","tag-teresa-armenta-deu"],"_links":{"self":[{"href":"https:\/\/www.deberes.net\/tesis\/wp-json\/wp\/v2\/posts\/25635","targetHints":{"allow":["GET"]}}],"collection":[{"href":"https:\/\/www.deberes.net\/tesis\/wp-json\/wp\/v2\/posts"}],"about":[{"href":"https:\/\/www.deberes.net\/tesis\/wp-json\/wp\/v2\/types\/post"}],"author":[{"embeddable":true,"href":"https:\/\/www.deberes.net\/tesis\/wp-json\/wp\/v2\/users\/1"}],"replies":[{"embeddable":true,"href":"https:\/\/www.deberes.net\/tesis\/wp-json\/wp\/v2\/comments?post=25635"}],"version-history":[{"count":0,"href":"https:\/\/www.deberes.net\/tesis\/wp-json\/wp\/v2\/posts\/25635\/revisions"}],"wp:attachment":[{"href":"https:\/\/www.deberes.net\/tesis\/wp-json\/wp\/v2\/media?parent=25635"}],"wp:term":[{"taxonomy":"category","embeddable":true,"href":"https:\/\/www.deberes.net\/tesis\/wp-json\/wp\/v2\/categories?post=25635"},{"taxonomy":"post_tag","embeddable":true,"href":"https:\/\/www.deberes.net\/tesis\/wp-json\/wp\/v2\/tags?post=25635"}],"curies":[{"name":"wp","href":"https:\/\/api.w.org\/{rel}","templated":true}]}}