{"id":25658,"date":"2018-03-09T09:17:08","date_gmt":"2018-03-09T09:17:08","guid":{"rendered":"https:\/\/www.deberes.net\/tesis\/sin-categoria\/impacto-emocional-de-las-experiencias-cla%c2%adnicas-diseno-aplicacion-y-evaluacion-de-un-programa-de-intervencion\/"},"modified":"2018-03-09T09:17:08","modified_gmt":"2018-03-09T09:17:08","slug":"impacto-emocional-de-las-experiencias-cla%c2%adnicas-diseno-aplicacion-y-evaluacion-de-un-programa-de-intervencion","status":"publish","type":"post","link":"https:\/\/www.deberes.net\/tesis\/sin-categoria\/impacto-emocional-de-las-experiencias-cla%c2%adnicas-diseno-aplicacion-y-evaluacion-de-un-programa-de-intervencion\/","title":{"rendered":"Impacto emocional de las experiencias cl\u00ednicas. dise\u00f1o, aplicaci\u00f3n y evaluaci\u00f3n de un programa de intervenci\u00f3n"},"content":{"rendered":"<h2>Tesis doctoral de <strong> Bibinha Benbunan Bentata <\/strong><\/h2>\n<p>Debido a la creciente demanda social de una asistencia sanitaria m\u00e1s humanizada, este estudio plantea la necesidad de ofrecer una formaci\u00f3n universitaria que tenga en cuenta, no s\u00f3lo los aspectos educativos de tipo te\u00f3rico, sino que atienda igualmente el impacto psicol\u00f3gico que supone la realizaci\u00f3n de las pr\u00e1cticas cl\u00ednicas, para los estudiantes de ciencias de la salud, en general y de enfermer\u00eda en particular.  para atender esta demanda se plantean dos grandes objetivos. Por un lado, detectar las experiencias cl\u00ednicas que generen mayor carga de estr\u00e9s para estos estudiantes identificando las respuestas emocionales asociadas a las mismas, y por otro lado, el dise\u00f1o, aplicaci\u00f3n y evaluaci\u00f3n de un programa de intervenci\u00f3n que atienda las necesidades evidenciadas.  partiendo de un n=110, se antienden estos objetivos obteniendo los siguientes resultados:  las experiencias cl\u00ednicas que mayor impacto emocional generan son principalmente, \u00ablos cuidados de pacientes en fase terminal y muerte, el entorno hospitalario, y la atenci\u00f3n a pacientes, oncol\u00f3gicos, infecciosos y psiqui\u00e1tricos\u00bb.  las respuestas emocionales m\u00e1s frecuentes son fundamentalmente los sentimientos de pena y tristeza, el miedo a cometer errores y sensaci\u00f3n de incompetencia.  a la vista de estos resultados se plantea un programa de intervenci\u00f3n de car\u00e1cter psicoprofil\u00e1ctico que atienda estas demandas, que se desarrolla en base a cuatro talleres de car\u00e1cter te\u00f3rico-pr\u00e1ctico.  la aplicaci\u00f3n del mismo resulta ser eficaz ya que los sujetos participantes logran reducir de forma estad\u00edsticamente significativa las respuestas de ansiedad (medida con el stai), y de estr\u00e9s medido con un instrumento especialmente dise\u00f1ado para este estudio (inventario de estr\u00e9s de experiencias cl\u00ednicas para estudiantes de enfermer\u00eda al que se le ha calculado un alpha de cronbach de 0,95). Mientras que en el grupo control no se produce una reducci\u00f3n estad\u00edsticamente s<\/p>\n<p>&nbsp;<\/p>\n<h3>Datos acad\u00e9micos de la tesis doctoral \u00ab<strong>Impacto emocional de las experiencias cl\u00ednicas. dise\u00f1o, aplicaci\u00f3n y evaluaci\u00f3n de un programa de intervenci\u00f3n<\/strong>\u00ab<\/h3>\n<ul>\n<li><strong>T\u00edtulo de la tesis:<\/strong>\u00a0 Impacto emocional de las experiencias cl\u00ednicas. dise\u00f1o, aplicaci\u00f3n y evaluaci\u00f3n de un programa de intervenci\u00f3n <\/li>\n<li><strong>Autor:<\/strong>\u00a0 Bibinha Benbunan Bentata <\/li>\n<li><strong>Universidad:<\/strong>\u00a0 Granada<\/li>\n<li><strong>Fecha de lectura de la tesis:<\/strong>\u00a0 23\/09\/2003<\/li>\n<\/ul>\n<p>&nbsp;<\/p>\n<h3>Direcci\u00f3n y tribunal<\/h3>\n<ul>\n<li><strong>Director de la tesis<\/strong>\n<ul>\n<li>Francisco Cruz Quintana<\/li>\n<\/ul>\n<\/li>\n<li><strong>Tribunal<\/strong>\n<ul>\n<li>Presidente del tribunal: Francisco Herrera clavero <\/li>\n<li> S\u00e1nchez caravaca m. angeles (vocal)<\/li>\n<li>Jes\u00fas Ram\u00edrez rodr\u00edgo (vocal)<\/li>\n<li> G\u00f3mez de lucena neide m. (vocal)<\/li>\n<\/ul>\n<\/li>\n<\/ul>\n<p>&nbsp;<\/p>\n","protected":false},"excerpt":{"rendered":"<p>Tesis doctoral de Bibinha Benbunan Bentata Debido a la creciente demanda social de una asistencia sanitaria m\u00e1s humanizada, este estudio [&hellip;]<\/p>\n","protected":false},"author":1,"featured_media":0,"comment_status":"open","ping_status":"open","sticky":false,"template":"","format":"standard","meta":{"site-sidebar-layout":"default","site-content-layout":"","ast-site-content-layout":"","site-content-style":"default","site-sidebar-style":"default","ast-global-header-display":"","ast-banner-title-visibility":"","ast-main-header-display":"","ast-hfb-above-header-display":"","ast-hfb-below-header-display":"","ast-hfb-mobile-header-display":"","site-post-title":"","ast-breadcrumbs-content":"","ast-featured-img":"","footer-sml-layout":"","theme-transparent-header-meta":"","adv-header-id-meta":"","stick-header-meta":"","header-above-stick-meta":"","header-main-stick-meta":"","header-below-stick-meta":"","astra-migrate-meta-layouts":"default","ast-page-background-enabled":"default","ast-page-background-meta":{"desktop":{"background-color":"var(--ast-global-color-4)","background-image":"","background-repeat":"repeat","background-position":"center center","background-size":"auto","background-attachment":"scroll","background-type":"","background-media":"","overlay-type":"","overlay-color":"","overlay-gradient":""},"tablet":{"background-color":"","background-image":"","background-repeat":"repeat","background-position":"center center","background-size":"auto","background-attachment":"scroll","background-type":"","background-media":"","overlay-type":"","overlay-color":"","overlay-gradient":""},"mobile":{"background-color":"","background-image":"","background-repeat":"repeat","background-position":"center center","background-size":"auto","background-attachment":"scroll","background-type":"","background-media":"","overlay-type":"","overlay-color":"","overlay-gradient":""}},"ast-content-background-meta":{"desktop":{"background-color":"var(--ast-global-color-5)","background-image":"","background-repeat":"repeat","background-position":"center center","background-size":"auto","background-attachment":"scroll","background-type":"","background-media":"","overlay-type":"","overlay-color":"","overlay-gradient":""},"tablet":{"background-color":"var(--ast-global-color-5)","background-image":"","background-repeat":"repeat","background-position":"center center","background-size":"auto","background-attachment":"scroll","background-type":"","background-media":"","overlay-type":"","overlay-color":"","overlay-gradient":""},"mobile":{"background-color":"var(--ast-global-color-5)","background-image":"","background-repeat":"repeat","background-position":"center center","background-size":"auto","background-attachment":"scroll","background-type":"","background-media":"","overlay-type":"","overlay-color":"","overlay-gradient":""}},"footnotes":""},"categories":[1],"tags":[74622,21841,44597,74623,60849,60850],"class_list":["post-25658","post","type-post","status-publish","format-standard","hentry","category-sin-categoria","tag-bibinha-benbunan-bentata","tag-francisco-cruz-quintana","tag-francisco-herrera-clavero","tag-gomez-de-lucena-neide-m","tag-jesus-ramirez-rodrigo","tag-sanchez-caravaca-m-angeles"],"_links":{"self":[{"href":"https:\/\/www.deberes.net\/tesis\/wp-json\/wp\/v2\/posts\/25658","targetHints":{"allow":["GET"]}}],"collection":[{"href":"https:\/\/www.deberes.net\/tesis\/wp-json\/wp\/v2\/posts"}],"about":[{"href":"https:\/\/www.deberes.net\/tesis\/wp-json\/wp\/v2\/types\/post"}],"author":[{"embeddable":true,"href":"https:\/\/www.deberes.net\/tesis\/wp-json\/wp\/v2\/users\/1"}],"replies":[{"embeddable":true,"href":"https:\/\/www.deberes.net\/tesis\/wp-json\/wp\/v2\/comments?post=25658"}],"version-history":[{"count":0,"href":"https:\/\/www.deberes.net\/tesis\/wp-json\/wp\/v2\/posts\/25658\/revisions"}],"wp:attachment":[{"href":"https:\/\/www.deberes.net\/tesis\/wp-json\/wp\/v2\/media?parent=25658"}],"wp:term":[{"taxonomy":"category","embeddable":true,"href":"https:\/\/www.deberes.net\/tesis\/wp-json\/wp\/v2\/categories?post=25658"},{"taxonomy":"post_tag","embeddable":true,"href":"https:\/\/www.deberes.net\/tesis\/wp-json\/wp\/v2\/tags?post=25658"}],"curies":[{"name":"wp","href":"https:\/\/api.w.org\/{rel}","templated":true}]}}