{"id":25687,"date":"2018-03-09T09:17:09","date_gmt":"2018-03-09T09:17:09","guid":{"rendered":"https:\/\/www.deberes.net\/tesis\/sin-categoria\/la-exclusion-de-socios-de-la-sociedad-de-responsabilidad-limitada\/"},"modified":"2018-03-09T09:17:09","modified_gmt":"2018-03-09T09:17:09","slug":"la-exclusion-de-socios-de-la-sociedad-de-responsabilidad-limitada","status":"publish","type":"post","link":"https:\/\/www.deberes.net\/tesis\/carlos-iii-de-madrid\/la-exclusion-de-socios-de-la-sociedad-de-responsabilidad-limitada\/","title":{"rendered":"La exclusi\u00f3n de socios de la sociedad de responsabilidad limitada"},"content":{"rendered":"<h2>Tesis doctoral de <strong> Isabel Heras F\u00c1\u00b6rstner <\/strong><\/h2>\n<p>Para la exposici\u00f3n del trabajo y siguiendo la sistem\u00e1tica que establece la ley de sociedades de responsabilidad limitada, hemos dividido nuestro an\u00e1lisis en tres partes principales, planteando las cuestiones controvertidas, y ofreciendo posibles soluciones. En la primera parte analizamos los presupuestos de la exclusi\u00f3n, esto es, las causas que pueden llevar a la expulsi\u00f3n de un socio. En esta parte encontramos una clara divisi\u00f3n, por un lado est\u00e1n las causas que establece la ley y, por otro lado, las causas que los socios pueden introducir libremente en los estatutos sociales. Posteriormente exponemos el ejercicio o procedimiento de la exclusi\u00f3n, que gira en torno al procedimiento m\u00e1s com\u00fan, el extrajudicial, y al excepcional, que requiere una intervenci\u00f3n judicial. Para finalizar, tratamos la compensaci\u00f3n al socio saliente. Precede a estas tres partes un cap\u00edtulo introductoria y un cap\u00edtulo en el que se estudia el derecho comparado. Terminamos el trabajo con una serie de conclusiones finales.  en nuestra opini\u00f3n, el fundamente jur\u00eddico de la exclusi\u00f3n es la conservaci\u00f3n y permanencia de la sociedad para garantizar la seguridad y estabilidad del tr\u00e1fico jur\u00eddico mercantil.<\/p>\n<p>&nbsp;<\/p>\n<h3>Datos acad\u00e9micos de la tesis doctoral \u00ab<strong>La exclusi\u00f3n de socios de la sociedad de responsabilidad limitada<\/strong>\u00ab<\/h3>\n<ul>\n<li><strong>T\u00edtulo de la tesis:<\/strong>\u00a0 La exclusi\u00f3n de socios de la sociedad de responsabilidad limitada <\/li>\n<li><strong>Autor:<\/strong>\u00a0 Isabel Heras F\u00c1\u00b6rstner <\/li>\n<li><strong>Universidad:<\/strong>\u00a0 Carlos III de Madrid<\/li>\n<li><strong>Fecha de lectura de la tesis:<\/strong>\u00a0 23\/09\/2003<\/li>\n<\/ul>\n<p>&nbsp;<\/p>\n<h3>Direcci\u00f3n y tribunal<\/h3>\n<ul>\n<li><strong>Director de la tesis<\/strong>\n<ul>\n<li>Miguel Ruiz Mu\u00f1oz<\/li>\n<\/ul>\n<\/li>\n<li><strong>Tribunal<\/strong>\n<ul>\n<li>Presidente del tribunal: rafael Illescas ortiz <\/li>\n<li>Jos\u00e9 Miguel Embid irujo (vocal)<\/li>\n<li>ignacio Lojendio osborne (vocal)<\/li>\n<li>adolfo Aurioles martin (vocal)<\/li>\n<\/ul>\n<\/li>\n<\/ul>\n<p>&nbsp;<\/p>\n","protected":false},"excerpt":{"rendered":"<p>Tesis doctoral de Isabel Heras F\u00c1\u00b6rstner Para la exposici\u00f3n del trabajo y siguiendo la sistem\u00e1tica que establece la ley de [&hellip;]<\/p>\n","protected":false},"author":1,"featured_media":0,"comment_status":"open","ping_status":"open","sticky":false,"template":"","format":"standard","meta":{"site-sidebar-layout":"default","site-content-layout":"","ast-site-content-layout":"","site-content-style":"default","site-sidebar-style":"default","ast-global-header-display":"","ast-banner-title-visibility":"","ast-main-header-display":"","ast-hfb-above-header-display":"","ast-hfb-below-header-display":"","ast-hfb-mobile-header-display":"","site-post-title":"","ast-breadcrumbs-content":"","ast-featured-img":"","footer-sml-layout":"","theme-transparent-header-meta":"","adv-header-id-meta":"","stick-header-meta":"","header-above-stick-meta":"","header-main-stick-meta":"","header-below-stick-meta":"","astra-migrate-meta-layouts":"default","ast-page-background-enabled":"default","ast-page-background-meta":{"desktop":{"background-color":"var(--ast-global-color-4)","background-image":"","background-repeat":"repeat","background-position":"center center","background-size":"auto","background-attachment":"scroll","background-type":"","background-media":"","overlay-type":"","overlay-color":"","overlay-gradient":""},"tablet":{"background-color":"","background-image":"","background-repeat":"repeat","background-position":"center center","background-size":"auto","background-attachment":"scroll","background-type":"","background-media":"","overlay-type":"","overlay-color":"","overlay-gradient":""},"mobile":{"background-color":"","background-image":"","background-repeat":"repeat","background-position":"center center","background-size":"auto","background-attachment":"scroll","background-type":"","background-media":"","overlay-type":"","overlay-color":"","overlay-gradient":""}},"ast-content-background-meta":{"desktop":{"background-color":"var(--ast-global-color-5)","background-image":"","background-repeat":"repeat","background-position":"center center","background-size":"auto","background-attachment":"scroll","background-type":"","background-media":"","overlay-type":"","overlay-color":"","overlay-gradient":""},"tablet":{"background-color":"var(--ast-global-color-5)","background-image":"","background-repeat":"repeat","background-position":"center center","background-size":"auto","background-attachment":"scroll","background-type":"","background-media":"","overlay-type":"","overlay-color":"","overlay-gradient":""},"mobile":{"background-color":"var(--ast-global-color-5)","background-image":"","background-repeat":"repeat","background-position":"center center","background-size":"auto","background-attachment":"scroll","background-type":"","background-media":"","overlay-type":"","overlay-color":"","overlay-gradient":""}},"footnotes":""},"categories":[18550],"tags":[35479,18936,74690,26879,51894,2831],"class_list":["post-25687","post","type-post","status-publish","format-standard","hentry","category-carlos-iii-de-madrid","tag-adolfo-aurioles-martin","tag-ignacio-lojendio-osborne","tag-isabel-heras-farstner","tag-jose-miguel-embid-irujo","tag-miguel-ruiz-munoz","tag-rafael-illescas-ortiz"],"_links":{"self":[{"href":"https:\/\/www.deberes.net\/tesis\/wp-json\/wp\/v2\/posts\/25687","targetHints":{"allow":["GET"]}}],"collection":[{"href":"https:\/\/www.deberes.net\/tesis\/wp-json\/wp\/v2\/posts"}],"about":[{"href":"https:\/\/www.deberes.net\/tesis\/wp-json\/wp\/v2\/types\/post"}],"author":[{"embeddable":true,"href":"https:\/\/www.deberes.net\/tesis\/wp-json\/wp\/v2\/users\/1"}],"replies":[{"embeddable":true,"href":"https:\/\/www.deberes.net\/tesis\/wp-json\/wp\/v2\/comments?post=25687"}],"version-history":[{"count":0,"href":"https:\/\/www.deberes.net\/tesis\/wp-json\/wp\/v2\/posts\/25687\/revisions"}],"wp:attachment":[{"href":"https:\/\/www.deberes.net\/tesis\/wp-json\/wp\/v2\/media?parent=25687"}],"wp:term":[{"taxonomy":"category","embeddable":true,"href":"https:\/\/www.deberes.net\/tesis\/wp-json\/wp\/v2\/categories?post=25687"},{"taxonomy":"post_tag","embeddable":true,"href":"https:\/\/www.deberes.net\/tesis\/wp-json\/wp\/v2\/tags?post=25687"}],"curies":[{"name":"wp","href":"https:\/\/api.w.org\/{rel}","templated":true}]}}