{"id":25688,"date":"2018-03-09T09:17:10","date_gmt":"2018-03-09T09:17:10","guid":{"rendered":"https:\/\/www.deberes.net\/tesis\/sin-categoria\/control-geodesico-de-deformaciones-de-las-fallas-activas-de-padul-y-granada-del-sector-central-de-la-cordillera-betica\/"},"modified":"2018-03-09T09:17:10","modified_gmt":"2018-03-09T09:17:10","slug":"control-geodesico-de-deformaciones-de-las-fallas-activas-de-padul-y-granada-del-sector-central-de-la-cordillera-betica","status":"publish","type":"post","link":"https:\/\/www.deberes.net\/tesis\/jaen\/control-geodesico-de-deformaciones-de-las-fallas-activas-de-padul-y-granada-del-sector-central-de-la-cordillera-betica\/","title":{"rendered":"Control geod\u00e9sico de deformaciones de las fallas activas de padul y granada del sector central de la cordillera b\u00e9tica"},"content":{"rendered":"<h2>Tesis doctoral de <strong> Antonio  Miguel Ru\u00edz Armenteros <\/strong><\/h2>\n<p>El objetivo de este estudio es controlar la actividad de dos fallas situadas en el sector central de la cordillera b\u00e9tica. La cuenca de granada, situada en este sector central, es una de las zonas m\u00e1s activas de la pen\u00ednsula ib\u00e9rica, desde el punto de vista s\u00edsmico. En esta tesis, se ha examinado el modelo de gauss-markov singular, la estimaci\u00f3n de par\u00e1metros con matrices inversas generalizadas, y otros temas relacionados. En el ajuste por m\u00ednimos cuadrados, se ha revisado con profundidad el problema del datum, el chequeo estad\u00edstico de las observaciones y la valoraci\u00f3n de la fiabilidad de la red. Se han incluido tambi\u00e9n las t\u00e9cnicas convencionales de detecci\u00f3n de errores groseros.  con el fin de controlar la deformaci\u00f3n, se ha seguido un procedimiento para determinar las estaciones comunes entre \u00e9pocas de observaci\u00f3n basado en la transformaci\u00f3n s y en un proceso de partici\u00f3n, y se ha establecido un an\u00e1lisis bi\u00e9poca aplicando iterativamente el test de congruencia, descomposici\u00f3n, reordenaci\u00f3n, partici\u00f3n y transformaci\u00f3n s.  la teor\u00eda expuesta se ha implementado en un programa  inform\u00e1tico (deforma) en un entorno windows, utilizando el lenguaje de programaci\u00f3n orientado a objetos c++. Este programa consta de dos m\u00f3dulos, el primero realiza ajustes y an\u00e1lisis de \u00e9pocas individuales, y el segundo determina la estabilidad y localiza la deformaci\u00f3n espacial.  para detectar la microdeformaci\u00f3n de la corteza en esta \u00e1rea de estudio, se ha establecido por primera vez, una red geod\u00e9sica sobre la falla de padul y dos perfiles de nivelaci\u00f3n (genil y viznar) cruzando la falla de granada. Tambi\u00e9n hay que tener presentes otros aspectos de un proyecto de control de deformaciones como el dise\u00f1o de la red, instrumentaci\u00f3n, metodolog\u00eda, integraci\u00f3n e interpretaci\u00f3n de los resultados. Para definir el comportamiento de estas fallas en un entorno de deformaci\u00f3n moderada-baja, se han llevado a cabo y analizado tres a<\/p>\n<p>&nbsp;<\/p>\n<h3>Datos acad\u00e9micos de la tesis doctoral \u00ab<strong>Control geod\u00e9sico de deformaciones de las fallas activas de padul y granada del sector central de la cordillera b\u00e9tica<\/strong>\u00ab<\/h3>\n<ul>\n<li><strong>T\u00edtulo de la tesis:<\/strong>\u00a0 Control geod\u00e9sico de deformaciones de las fallas activas de padul y granada del sector central de la cordillera b\u00e9tica <\/li>\n<li><strong>Autor:<\/strong>\u00a0 Antonio  Miguel Ru\u00edz Armenteros <\/li>\n<li><strong>Universidad:<\/strong>\u00a0 Ja\u00e9n<\/li>\n<li><strong>Fecha de lectura de la tesis:<\/strong>\u00a0 23\/09\/2003<\/li>\n<\/ul>\n<p>&nbsp;<\/p>\n<h3>Direcci\u00f3n y tribunal<\/h3>\n<ul>\n<li><strong>Director de la tesis<\/strong>\n<ul>\n<li> Gil Cruz Antonio  Jos\u00e9<\/li>\n<\/ul>\n<\/li>\n<li><strong>Tribunal<\/strong>\n<ul>\n<li>Presidente del tribunal: rafael Ferrer tor\u00edo <\/li>\n<li>mario Ruiz morales (vocal)<\/li>\n<li>gracia Rodr\u00edguez caderot (vocal)<\/li>\n<li>gilbert Ferhat (vocal)<\/li>\n<\/ul>\n<\/li>\n<\/ul>\n<p>&nbsp;<\/p>\n","protected":false},"excerpt":{"rendered":"<p>Tesis doctoral de Antonio Miguel Ru\u00edz Armenteros El objetivo de este estudio es controlar la actividad de dos fallas situadas [&hellip;]<\/p>\n","protected":false},"author":1,"featured_media":0,"comment_status":"open","ping_status":"open","sticky":false,"template":"","format":"standard","meta":{"site-sidebar-layout":"default","site-content-layout":"","ast-site-content-layout":"","site-content-style":"default","site-sidebar-style":"default","ast-global-header-display":"","ast-banner-title-visibility":"","ast-main-header-display":"","ast-hfb-above-header-display":"","ast-hfb-below-header-display":"","ast-hfb-mobile-header-display":"","site-post-title":"","ast-breadcrumbs-content":"","ast-featured-img":"","footer-sml-layout":"","theme-transparent-header-meta":"","adv-header-id-meta":"","stick-header-meta":"","header-above-stick-meta":"","header-main-stick-meta":"","header-below-stick-meta":"","astra-migrate-meta-layouts":"default","ast-page-background-enabled":"default","ast-page-background-meta":{"desktop":{"background-color":"var(--ast-global-color-4)","background-image":"","background-repeat":"repeat","background-position":"center center","background-size":"auto","background-attachment":"scroll","background-type":"","background-media":"","overlay-type":"","overlay-color":"","overlay-gradient":""},"tablet":{"background-color":"","background-image":"","background-repeat":"repeat","background-position":"center center","background-size":"auto","background-attachment":"scroll","background-type":"","background-media":"","overlay-type":"","overlay-color":"","overlay-gradient":""},"mobile":{"background-color":"","background-image":"","background-repeat":"repeat","background-position":"center center","background-size":"auto","background-attachment":"scroll","background-type":"","background-media":"","overlay-type":"","overlay-color":"","overlay-gradient":""}},"ast-content-background-meta":{"desktop":{"background-color":"var(--ast-global-color-5)","background-image":"","background-repeat":"repeat","background-position":"center center","background-size":"auto","background-attachment":"scroll","background-type":"","background-media":"","overlay-type":"","overlay-color":"","overlay-gradient":""},"tablet":{"background-color":"var(--ast-global-color-5)","background-image":"","background-repeat":"repeat","background-position":"center center","background-size":"auto","background-attachment":"scroll","background-type":"","background-media":"","overlay-type":"","overlay-color":"","overlay-gradient":""},"mobile":{"background-color":"var(--ast-global-color-5)","background-image":"","background-repeat":"repeat","background-position":"center center","background-size":"auto","background-attachment":"scroll","background-type":"","background-media":"","overlay-type":"","overlay-color":"","overlay-gradient":""}},"footnotes":""},"categories":[18923],"tags":[74691,74692,74693,74583,35925,26304],"class_list":["post-25688","post","type-post","status-publish","format-standard","hentry","category-jaen","tag-antonio-miguel-ruiz-armenteros","tag-gil-cruz-antonio-jose","tag-gilbert-ferhat","tag-gracia-rodriguez-caderot","tag-mario-ruiz-morales","tag-rafael-ferrer-torio"],"_links":{"self":[{"href":"https:\/\/www.deberes.net\/tesis\/wp-json\/wp\/v2\/posts\/25688","targetHints":{"allow":["GET"]}}],"collection":[{"href":"https:\/\/www.deberes.net\/tesis\/wp-json\/wp\/v2\/posts"}],"about":[{"href":"https:\/\/www.deberes.net\/tesis\/wp-json\/wp\/v2\/types\/post"}],"author":[{"embeddable":true,"href":"https:\/\/www.deberes.net\/tesis\/wp-json\/wp\/v2\/users\/1"}],"replies":[{"embeddable":true,"href":"https:\/\/www.deberes.net\/tesis\/wp-json\/wp\/v2\/comments?post=25688"}],"version-history":[{"count":0,"href":"https:\/\/www.deberes.net\/tesis\/wp-json\/wp\/v2\/posts\/25688\/revisions"}],"wp:attachment":[{"href":"https:\/\/www.deberes.net\/tesis\/wp-json\/wp\/v2\/media?parent=25688"}],"wp:term":[{"taxonomy":"category","embeddable":true,"href":"https:\/\/www.deberes.net\/tesis\/wp-json\/wp\/v2\/categories?post=25688"},{"taxonomy":"post_tag","embeddable":true,"href":"https:\/\/www.deberes.net\/tesis\/wp-json\/wp\/v2\/tags?post=25688"}],"curies":[{"name":"wp","href":"https:\/\/api.w.org\/{rel}","templated":true}]}}