{"id":25710,"date":"2018-03-09T09:17:11","date_gmt":"2018-03-09T09:17:11","guid":{"rendered":"https:\/\/www.deberes.net\/tesis\/sin-categoria\/optimizacion-en-el-diseno-de-torres\/"},"modified":"2018-03-09T09:17:11","modified_gmt":"2018-03-09T09:17:11","slug":"optimizacion-en-el-diseno-de-torres","status":"publish","type":"post","link":"https:\/\/www.deberes.net\/tesis\/malaga\/optimizacion-en-el-diseno-de-torres\/","title":{"rendered":"Optimizaci\u00f3n en el dise\u00f1o de torres"},"content":{"rendered":"<h2>Tesis doctoral de <strong> Salvador Merino C\u00f3rdoba <\/strong><\/h2>\n<p>En este trabajo se presenta la formalizaci\u00f3n de las t\u00e9cnicas de optimizaci\u00f3n sobre un sistema de c\u00e1lculo, dise\u00f1o y fabricaci\u00f3n de torres met\u00e1licas de transmisi\u00f3n el\u00e9ctrica y telecomunicaci\u00f3n. Su desarrollo e implementaci\u00f3n combina distintas herramientas matem\u00e1ticas tales como el m\u00e9todo de los elementos finitos, algoritmos de optimizaci\u00f3n o la resoluci\u00f3n de grandes sistemas de ecuaciones, as\u00ed como las correspondientes t\u00e9cnicas de ingenier\u00eda del software. Entre sus resultados cabe destacar la codificaci\u00f3n de los distintos tipos de torres, la creaci\u00f3n de las estructuras de datos necesarias para su modelizaci\u00f3n, la aplicaci\u00f3n del sistema de algoritmos gen\u00e9ticos para el dise\u00f1o \u00f3ptimo de torres, la generaci\u00f3n autom\u00e1tica de los planos de fabricaci\u00f3n, la minimizaci\u00f3n de residuos industriales y la definici\u00f3n del c\u00e1lculo inverso a partir de las ecuaciones de y utilizaci\u00f3n. Todo ello se concreta en la creaci\u00f3n de un sistema experto para el dise\u00f1o global de estas estructuras, habi\u00e9ndose contrastado sus resultados con el desarrollo y ensayo a escala real de diferentes prototipos de torres de acero. Junto a los resultados te\u00f3ricos se adjuntan un conjunto de patentes internacionales surgido a partir de los modelos resultantes.<\/p>\n<p>&nbsp;<\/p>\n<h3>Datos acad\u00e9micos de la tesis doctoral \u00ab<strong>Optimizaci\u00f3n en el dise\u00f1o de torres<\/strong>\u00ab<\/h3>\n<ul>\n<li><strong>T\u00edtulo de la tesis:<\/strong>\u00a0 Optimizaci\u00f3n en el dise\u00f1o de torres <\/li>\n<li><strong>Autor:<\/strong>\u00a0 Salvador Merino C\u00f3rdoba <\/li>\n<li><strong>Universidad:<\/strong>\u00a0 M\u00e1laga<\/li>\n<li><strong>Fecha de lectura de la tesis:<\/strong>\u00a0 24\/09\/2003<\/li>\n<\/ul>\n<p>&nbsp;<\/p>\n<h3>Direcci\u00f3n y tribunal<\/h3>\n<ul>\n<li><strong>Director de la tesis<\/strong>\n<ul>\n<li>Manuel Ojeda Aciego<\/li>\n<\/ul>\n<\/li>\n<li><strong>Tribunal<\/strong>\n<ul>\n<li>Presidente del tribunal: jose Mu\u00f1oz p\u00e9rez <\/li>\n<li>Miguel \u00e1ngel Parr\u00f3n vera (vocal)<\/li>\n<li>inmaculada Perez de guzman molina (vocal)<\/li>\n<li>gloria Gal\u00e1n mar\u00edn (vocal)<\/li>\n<\/ul>\n<\/li>\n<\/ul>\n<p>&nbsp;<\/p>\n","protected":false},"excerpt":{"rendered":"<p>Tesis doctoral de Salvador Merino C\u00f3rdoba En este trabajo se presenta la formalizaci\u00f3n de las t\u00e9cnicas de optimizaci\u00f3n sobre un [&hellip;]<\/p>\n","protected":false},"author":1,"featured_media":0,"comment_status":"open","ping_status":"open","sticky":false,"template":"","format":"standard","meta":{"site-sidebar-layout":"default","site-content-layout":"","ast-site-content-layout":"","site-content-style":"default","site-sidebar-style":"default","ast-global-header-display":"","ast-banner-title-visibility":"","ast-main-header-display":"","ast-hfb-above-header-display":"","ast-hfb-below-header-display":"","ast-hfb-mobile-header-display":"","site-post-title":"","ast-breadcrumbs-content":"","ast-featured-img":"","footer-sml-layout":"","theme-transparent-header-meta":"","adv-header-id-meta":"","stick-header-meta":"","header-above-stick-meta":"","header-main-stick-meta":"","header-below-stick-meta":"","astra-migrate-meta-layouts":"default","ast-page-background-enabled":"default","ast-page-background-meta":{"desktop":{"background-color":"var(--ast-global-color-4)","background-image":"","background-repeat":"repeat","background-position":"center center","background-size":"auto","background-attachment":"scroll","background-type":"","background-media":"","overlay-type":"","overlay-color":"","overlay-gradient":""},"tablet":{"background-color":"","background-image":"","background-repeat":"repeat","background-position":"center center","background-size":"auto","background-attachment":"scroll","background-type":"","background-media":"","overlay-type":"","overlay-color":"","overlay-gradient":""},"mobile":{"background-color":"","background-image":"","background-repeat":"repeat","background-position":"center center","background-size":"auto","background-attachment":"scroll","background-type":"","background-media":"","overlay-type":"","overlay-color":"","overlay-gradient":""}},"ast-content-background-meta":{"desktop":{"background-color":"var(--ast-global-color-5)","background-image":"","background-repeat":"repeat","background-position":"center center","background-size":"auto","background-attachment":"scroll","background-type":"","background-media":"","overlay-type":"","overlay-color":"","overlay-gradient":""},"tablet":{"background-color":"var(--ast-global-color-5)","background-image":"","background-repeat":"repeat","background-position":"center center","background-size":"auto","background-attachment":"scroll","background-type":"","background-media":"","overlay-type":"","overlay-color":"","overlay-gradient":""},"mobile":{"background-color":"var(--ast-global-color-5)","background-image":"","background-repeat":"repeat","background-position":"center center","background-size":"auto","background-attachment":"scroll","background-type":"","background-media":"","overlay-type":"","overlay-color":"","overlay-gradient":""}},"footnotes":""},"categories":[7834],"tags":[74746,24725,24726,74745,52289,74744],"class_list":["post-25710","post","type-post","status-publish","format-standard","hentry","category-malaga","tag-gloria-galan-marin","tag-inmaculada-perez-de-guzman-molina","tag-jose-munoz-perez","tag-manuel-ojeda-aciego","tag-miguel-angel-parron-vera","tag-salvador-merino-cordoba"],"_links":{"self":[{"href":"https:\/\/www.deberes.net\/tesis\/wp-json\/wp\/v2\/posts\/25710","targetHints":{"allow":["GET"]}}],"collection":[{"href":"https:\/\/www.deberes.net\/tesis\/wp-json\/wp\/v2\/posts"}],"about":[{"href":"https:\/\/www.deberes.net\/tesis\/wp-json\/wp\/v2\/types\/post"}],"author":[{"embeddable":true,"href":"https:\/\/www.deberes.net\/tesis\/wp-json\/wp\/v2\/users\/1"}],"replies":[{"embeddable":true,"href":"https:\/\/www.deberes.net\/tesis\/wp-json\/wp\/v2\/comments?post=25710"}],"version-history":[{"count":0,"href":"https:\/\/www.deberes.net\/tesis\/wp-json\/wp\/v2\/posts\/25710\/revisions"}],"wp:attachment":[{"href":"https:\/\/www.deberes.net\/tesis\/wp-json\/wp\/v2\/media?parent=25710"}],"wp:term":[{"taxonomy":"category","embeddable":true,"href":"https:\/\/www.deberes.net\/tesis\/wp-json\/wp\/v2\/categories?post=25710"},{"taxonomy":"post_tag","embeddable":true,"href":"https:\/\/www.deberes.net\/tesis\/wp-json\/wp\/v2\/tags?post=25710"}],"curies":[{"name":"wp","href":"https:\/\/api.w.org\/{rel}","templated":true}]}}