{"id":25714,"date":"2018-03-09T09:17:12","date_gmt":"2018-03-09T09:17:12","guid":{"rendered":"https:\/\/www.deberes.net\/tesis\/sin-categoria\/la-escultura-publica-en-valencia-estudio-y-catalogo\/"},"modified":"2018-03-09T09:17:12","modified_gmt":"2018-03-09T09:17:12","slug":"la-escultura-publica-en-valencia-estudio-y-catalogo","status":"publish","type":"post","link":"https:\/\/www.deberes.net\/tesis\/sin-categoria\/la-escultura-publica-en-valencia-estudio-y-catalogo\/","title":{"rendered":"La escultura p\u00fablica en Valencia. estudio y cat\u00e1logo"},"content":{"rendered":"<h2>Tesis doctoral de <strong>  Heras Esteban M. Elena De Las <\/strong><\/h2>\n<p>Estudio de la escultura monumental en la ciudad de Valencia, con indicaci\u00f3n del contexto hist\u00f3rico que la hizo posible, los criterios est\u00e9ticos de la \u00e9poca y el espacio urbano para el que fue concebida.  el marco cronol\u00f3gico se extiende desde el periodo g\u00f3tico, hasta \u00e9poca contempor\u00e1nea. est\u00e1 dividido en cinco cap\u00edtulos y trata las esculturas existentes en el espacio p\u00fablico y aquellas obras destruidas, desaparecidas o retiradas y, tambi\u00e9n, los proyectos monumentales de car\u00e1cter ef\u00edmero.  cat\u00e1logo de las esculturas existente en el espacio urbano actual, ordenado cronol\u00f3gicamente, desde el a\u00f1o 1694, fecha en que se erig\u00edan las m\u00e1s antiguas estatuas conservadas, hasta 1980, fecha l\u00edmite adoptada en raz\u00f3n de los cambios en la pr\u00e1ctica monumental Valenciana partir de esa fecha. Las obras catalogadas, ciento siete, est\u00e1n reproducidas gr\u00e1ficamente y los textos se\u00f1alan las particularidades que singularizaron al personaje o figura representada y abordan el proyecto monumetnal desde el siguimiento de la iniciativa y su patrocinio, elecci\u00f3n definitiva y su inauguraci\u00f3n. Se contemplan tambi\u00e9n los casos de traslado, variaci\u00f3n en la configuraci\u00f3n formal de la obra, restituciones o restauraciones.  aporta un inventario de todas las obras escult\u00f3ricas emplazadas en el municipio entre 1982 y el a\u00f1o 2002, con la imagen correspondiente indicaci\u00f3n del t\u00edtulo, material, autor, fecha y lugar de emplazamiento. Dedica un cap\u00edtulo a las tipolog\u00edas escult\u00f3ricas, representativas de la tradici\u00f3n estatuaria, y otro a figuras y\/o valores representados, describiendo una jerarqu\u00eda de valores y la distinta estimaci\u00f3n social seg\u00fan las \u00e9pocas.  en el ap\u00e9ndice hay un cuadro-resumen del cat\u00e1logo muy elocuente, y un listado de todos los escultores autores de la escultura p\u00fablica existente en la ciudad, ordenados por fecha de nacimiento, que indica las obras y el a\u00f1o de ejecuci\u00f3n, dejando constancia del periodo activo del artis<\/p>\n<p>&nbsp;<\/p>\n<h3>Datos acad\u00e9micos de la tesis doctoral \u00ab<strong>La escultura p\u00fablica en Valencia. estudio y cat\u00e1logo<\/strong>\u00ab<\/h3>\n<ul>\n<li><strong>T\u00edtulo de la tesis:<\/strong>\u00a0 La escultura p\u00fablica en Valencia. estudio y cat\u00e1logo <\/li>\n<li><strong>Autor:<\/strong>\u00a0  Heras Esteban M. Elena De Las <\/li>\n<li><strong>Universidad:<\/strong>\u00a0 Universitat de val\u00e9ncia (estudi general)<\/li>\n<li><strong>Fecha de lectura de la tesis:<\/strong>\u00a0 24\/09\/2003<\/li>\n<\/ul>\n<p>&nbsp;<\/p>\n<h3>Direcci\u00f3n y tribunal<\/h3>\n<ul>\n<li><strong>Director de la tesis<\/strong>\n<ul>\n<li> P\u00e9rez Rojas Francisco Javier<\/li>\n<\/ul>\n<\/li>\n<li><strong>Tribunal<\/strong>\n<ul>\n<li>Presidente del tribunal: german Ramallo asensio <\/li>\n<li>joaquin Berchez gomez (vocal)<\/li>\n<li>Carlos Reyero hermosilla (vocal)<\/li>\n<li>inmaculada Julian Garc\u00eda (vocal)<\/li>\n<\/ul>\n<\/li>\n<\/ul>\n<p>&nbsp;<\/p>\n","protected":false},"excerpt":{"rendered":"<p>Tesis doctoral de Heras Esteban M. Elena De Las Estudio de la escultura monumental en la ciudad de Valencia, con [&hellip;]<\/p>\n","protected":false},"author":1,"featured_media":0,"comment_status":"open","ping_status":"open","sticky":false,"template":"","format":"standard","meta":{"site-sidebar-layout":"default","site-content-layout":"","ast-site-content-layout":"","site-content-style":"default","site-sidebar-style":"default","ast-global-header-display":"","ast-banner-title-visibility":"","ast-main-header-display":"","ast-hfb-above-header-display":"","ast-hfb-below-header-display":"","ast-hfb-mobile-header-display":"","site-post-title":"","ast-breadcrumbs-content":"","ast-featured-img":"","footer-sml-layout":"","theme-transparent-header-meta":"","adv-header-id-meta":"","stick-header-meta":"","header-above-stick-meta":"","header-main-stick-meta":"","header-below-stick-meta":"","astra-migrate-meta-layouts":"default","ast-page-background-enabled":"default","ast-page-background-meta":{"desktop":{"background-color":"var(--ast-global-color-4)","background-image":"","background-repeat":"repeat","background-position":"center center","background-size":"auto","background-attachment":"scroll","background-type":"","background-media":"","overlay-type":"","overlay-color":"","overlay-gradient":""},"tablet":{"background-color":"","background-image":"","background-repeat":"repeat","background-position":"center center","background-size":"auto","background-attachment":"scroll","background-type":"","background-media":"","overlay-type":"","overlay-color":"","overlay-gradient":""},"mobile":{"background-color":"","background-image":"","background-repeat":"repeat","background-position":"center center","background-size":"auto","background-attachment":"scroll","background-type":"","background-media":"","overlay-type":"","overlay-color":"","overlay-gradient":""}},"ast-content-background-meta":{"desktop":{"background-color":"var(--ast-global-color-5)","background-image":"","background-repeat":"repeat","background-position":"center center","background-size":"auto","background-attachment":"scroll","background-type":"","background-media":"","overlay-type":"","overlay-color":"","overlay-gradient":""},"tablet":{"background-color":"var(--ast-global-color-5)","background-image":"","background-repeat":"repeat","background-position":"center center","background-size":"auto","background-attachment":"scroll","background-type":"","background-media":"","overlay-type":"","overlay-color":"","overlay-gradient":""},"mobile":{"background-color":"var(--ast-global-color-5)","background-image":"","background-repeat":"repeat","background-position":"center center","background-size":"auto","background-attachment":"scroll","background-type":"","background-media":"","overlay-type":"","overlay-color":"","overlay-gradient":""}},"footnotes":""},"categories":[1],"tags":[13424,8187,74756,74757,1020,73738],"class_list":["post-25714","post","type-post","status-publish","format-standard","hentry","category-sin-categoria","tag-carlos-reyero-hermosilla","tag-german-ramallo-asensio","tag-heras-esteban-m-elena-de-las","tag-inmaculada-julian-garcia","tag-joaquin-berchez-gomez","tag-perez-rojas-francisco-javier"],"_links":{"self":[{"href":"https:\/\/www.deberes.net\/tesis\/wp-json\/wp\/v2\/posts\/25714","targetHints":{"allow":["GET"]}}],"collection":[{"href":"https:\/\/www.deberes.net\/tesis\/wp-json\/wp\/v2\/posts"}],"about":[{"href":"https:\/\/www.deberes.net\/tesis\/wp-json\/wp\/v2\/types\/post"}],"author":[{"embeddable":true,"href":"https:\/\/www.deberes.net\/tesis\/wp-json\/wp\/v2\/users\/1"}],"replies":[{"embeddable":true,"href":"https:\/\/www.deberes.net\/tesis\/wp-json\/wp\/v2\/comments?post=25714"}],"version-history":[{"count":0,"href":"https:\/\/www.deberes.net\/tesis\/wp-json\/wp\/v2\/posts\/25714\/revisions"}],"wp:attachment":[{"href":"https:\/\/www.deberes.net\/tesis\/wp-json\/wp\/v2\/media?parent=25714"}],"wp:term":[{"taxonomy":"category","embeddable":true,"href":"https:\/\/www.deberes.net\/tesis\/wp-json\/wp\/v2\/categories?post=25714"},{"taxonomy":"post_tag","embeddable":true,"href":"https:\/\/www.deberes.net\/tesis\/wp-json\/wp\/v2\/tags?post=25714"}],"curies":[{"name":"wp","href":"https:\/\/api.w.org\/{rel}","templated":true}]}}