{"id":25719,"date":"2018-03-09T09:17:13","date_gmt":"2018-03-09T09:17:13","guid":{"rendered":"https:\/\/www.deberes.net\/tesis\/sin-categoria\/la-industria-textil-rural-en-castilla-astudillo-1750-1936\/"},"modified":"2018-03-09T09:17:13","modified_gmt":"2018-03-09T09:17:13","slug":"la-industria-textil-rural-en-castilla-astudillo-1750-1936","status":"publish","type":"post","link":"https:\/\/www.deberes.net\/tesis\/valladolid\/la-industria-textil-rural-en-castilla-astudillo-1750-1936\/","title":{"rendered":"La industria textil rural en castilla: astudillo 1750-1936"},"content":{"rendered":"<h2>Tesis doctoral de <strong> Ricardo Hern\u00e1ndez Garc\u00eda <\/strong><\/h2>\n<p>En el trabajo se analiza la evoluci\u00f3n de la industria textil lanesa castellana ubicada en las zonas rurales. El marco geogr\u00e1fico general del estadio se sit\u00faa en la comarca de la tierra de campos, si bien el an\u00e1lisis m\u00e1s exhaustivo se centra en la principal f\u00e1brica de dicha comarca, astudillo.  el an\u00e1lisis se extiende desde 1750, momento en que estas fabricas comienzan a mostrar un sistema productivo sostenido, y muestra todas las visitudes por los que pasaron estas f\u00e1bricas durante el derrumbe del antiguo r\u00e9gimen. finalmente analiza los tiroidos intentos de transformaci\u00f3n que surgi\u00f3 la f\u00e1brica de astudillo ya durante la segunda mitad del siglo xix, si bien lo \u00fanico que consigui\u00f3 la llegada de las f\u00e1bricas modernas que la r\u00e1pida desaparici\u00f3n de toda actividad t\u00e9xtil a finales del siglo xix.<\/p>\n<p>&nbsp;<\/p>\n<h3>Datos acad\u00e9micos de la tesis doctoral \u00ab<strong>La industria textil rural en castilla: astudillo 1750-1936<\/strong>\u00ab<\/h3>\n<ul>\n<li><strong>T\u00edtulo de la tesis:<\/strong>\u00a0 La industria textil rural en castilla: astudillo 1750-1936 <\/li>\n<li><strong>Autor:<\/strong>\u00a0 Ricardo Hern\u00e1ndez Garc\u00eda <\/li>\n<li><strong>Universidad:<\/strong>\u00a0 Valladolid<\/li>\n<li><strong>Fecha de lectura de la tesis:<\/strong>\u00a0 24\/09\/2003<\/li>\n<\/ul>\n<p>&nbsp;<\/p>\n<h3>Direcci\u00f3n y tribunal<\/h3>\n<ul>\n<li><strong>Director de la tesis<\/strong>\n<ul>\n<li>\u00e1ngel Garc\u00eda Sanz<\/li>\n<\/ul>\n<\/li>\n<li><strong>Tribunal<\/strong>\n<ul>\n<li>Presidente del tribunal: Antonio Parejo barranco <\/li>\n<li>Santiago Lopez garcia (vocal)<\/li>\n<li>josep Mar\u00eda Benaul berenguer (vocal)<\/li>\n<li>Javier Moreno lazaro (vocal)<\/li>\n<\/ul>\n<\/li>\n<\/ul>\n<p>&nbsp;<\/p>\n","protected":false},"excerpt":{"rendered":"<p>Tesis doctoral de Ricardo Hern\u00e1ndez Garc\u00eda En el trabajo se analiza la evoluci\u00f3n de la industria textil lanesa castellana ubicada [&hellip;]<\/p>\n","protected":false},"author":1,"featured_media":0,"comment_status":"open","ping_status":"open","sticky":false,"template":"","format":"standard","meta":{"site-sidebar-layout":"default","site-content-layout":"","ast-site-content-layout":"","site-content-style":"default","site-sidebar-style":"default","ast-global-header-display":"","ast-banner-title-visibility":"","ast-main-header-display":"","ast-hfb-above-header-display":"","ast-hfb-below-header-display":"","ast-hfb-mobile-header-display":"","site-post-title":"","ast-breadcrumbs-content":"","ast-featured-img":"","footer-sml-layout":"","theme-transparent-header-meta":"","adv-header-id-meta":"","stick-header-meta":"","header-above-stick-meta":"","header-main-stick-meta":"","header-below-stick-meta":"","astra-migrate-meta-layouts":"default","ast-page-background-enabled":"default","ast-page-background-meta":{"desktop":{"background-color":"var(--ast-global-color-4)","background-image":"","background-repeat":"repeat","background-position":"center center","background-size":"auto","background-attachment":"scroll","background-type":"","background-media":"","overlay-type":"","overlay-color":"","overlay-gradient":""},"tablet":{"background-color":"","background-image":"","background-repeat":"repeat","background-position":"center center","background-size":"auto","background-attachment":"scroll","background-type":"","background-media":"","overlay-type":"","overlay-color":"","overlay-gradient":""},"mobile":{"background-color":"","background-image":"","background-repeat":"repeat","background-position":"center center","background-size":"auto","background-attachment":"scroll","background-type":"","background-media":"","overlay-type":"","overlay-color":"","overlay-gradient":""}},"ast-content-background-meta":{"desktop":{"background-color":"var(--ast-global-color-5)","background-image":"","background-repeat":"repeat","background-position":"center center","background-size":"auto","background-attachment":"scroll","background-type":"","background-media":"","overlay-type":"","overlay-color":"","overlay-gradient":""},"tablet":{"background-color":"var(--ast-global-color-5)","background-image":"","background-repeat":"repeat","background-position":"center center","background-size":"auto","background-attachment":"scroll","background-type":"","background-media":"","overlay-type":"","overlay-color":"","overlay-gradient":""},"mobile":{"background-color":"var(--ast-global-color-5)","background-image":"","background-repeat":"repeat","background-position":"center center","background-size":"auto","background-attachment":"scroll","background-type":"","background-media":"","overlay-type":"","overlay-color":"","overlay-gradient":""}},"footnotes":""},"categories":[12451],"tags":[6099,55531,74769,74768,74766,74767],"class_list":["post-25719","post","type-post","status-publish","format-standard","hentry","category-valladolid","tag-angel-garcia-sanz","tag-antonio-parejo-barranco","tag-javier-moreno-lazaro","tag-josep-maria-benaul-berenguer","tag-ricardo-hernandez-garcia","tag-santiago-lopez-garcia"],"_links":{"self":[{"href":"https:\/\/www.deberes.net\/tesis\/wp-json\/wp\/v2\/posts\/25719","targetHints":{"allow":["GET"]}}],"collection":[{"href":"https:\/\/www.deberes.net\/tesis\/wp-json\/wp\/v2\/posts"}],"about":[{"href":"https:\/\/www.deberes.net\/tesis\/wp-json\/wp\/v2\/types\/post"}],"author":[{"embeddable":true,"href":"https:\/\/www.deberes.net\/tesis\/wp-json\/wp\/v2\/users\/1"}],"replies":[{"embeddable":true,"href":"https:\/\/www.deberes.net\/tesis\/wp-json\/wp\/v2\/comments?post=25719"}],"version-history":[{"count":0,"href":"https:\/\/www.deberes.net\/tesis\/wp-json\/wp\/v2\/posts\/25719\/revisions"}],"wp:attachment":[{"href":"https:\/\/www.deberes.net\/tesis\/wp-json\/wp\/v2\/media?parent=25719"}],"wp:term":[{"taxonomy":"category","embeddable":true,"href":"https:\/\/www.deberes.net\/tesis\/wp-json\/wp\/v2\/categories?post=25719"},{"taxonomy":"post_tag","embeddable":true,"href":"https:\/\/www.deberes.net\/tesis\/wp-json\/wp\/v2\/tags?post=25719"}],"curies":[{"name":"wp","href":"https:\/\/api.w.org\/{rel}","templated":true}]}}