{"id":25753,"date":"2018-03-09T09:17:15","date_gmt":"2018-03-09T09:17:15","guid":{"rendered":"https:\/\/www.deberes.net\/tesis\/sin-categoria\/efecto-de-la-dimension-vertical-sobre-diversos-parametros-cefalometricos-de-naturaleza-angular-y-lineal\/"},"modified":"2018-03-09T09:17:15","modified_gmt":"2018-03-09T09:17:15","slug":"efecto-de-la-dimension-vertical-sobre-diversos-parametros-cefalometricos-de-naturaleza-angular-y-lineal","status":"publish","type":"post","link":"https:\/\/www.deberes.net\/tesis\/sin-categoria\/efecto-de-la-dimension-vertical-sobre-diversos-parametros-cefalometricos-de-naturaleza-angular-y-lineal\/","title":{"rendered":"Efecto de la dimensi\u00f3n vertical sobre diversos par\u00e1metros cefalom\u00e9tricos de naturaleza angular y lineal"},"content":{"rendered":"<h2>Tesis doctoral de <strong> Mar\u00eda Victoria Fuentes Fuentes <\/strong><\/h2>\n<p>En el presente estudio se evalu\u00f3 la contribuci\u00f3n que el patr\u00f3n facial del paciente ejerce sobre los par\u00e1metros cefalom\u00e9tricos de naturaleza angular y lineal m\u00e1s frecuentemente empleados en cl\u00ednica.  para ello se utilizaron 190 telerradiograf\u00edas laterales de cr\u00e1neo procedentes de pacientes maloclusivos espa\u00f1oles con edades comprendidas entre los 11 y 14 a\u00f1os de edad.  los puntos cefalom\u00e9tricos de dichas radiograf\u00edas fueron digitalizados utilizando el programa inform\u00e1tico nemoceph para as\u00ed obtener los trazados cefalom\u00e9tricos pertenecientes a los an\u00e1lisis de steiner, ricketts, bj\u00ed\u00b6rk-jarabak, wits y mcnamara. Para evaluar la contribuci\u00f3n que el patr\u00f3n facial del pacientes (determinado mediante el \u00e1ngulo frankfurt-plano mandibular de ricketss) ejerce en cada uno de los par\u00e1metros utilizados se emple\u00f3 un an\u00e1lisis de regresi\u00f3n lineal simple.  de acuerdo a los resultados, los valores  obtenidos en los diferentes an\u00e1lisis cefalom\u00e9tricos empleados mostraron en general una notable similitud con los descritos previamente en la poblaci\u00f3n maloclusiva espa\u00f1ola para grupos etarios semejantes, mayor que la que presentaron respecto a los valores normativos originalmente propuestos.  los par\u00e1metros cefalom\u00e9tricos esquel\u00e9ticos verticales con mayor grado de predicci\u00f3n fueron de mayor a menor la suma de los \u00e1ngulos posteriores (silla, articular y gon\u00edaco), la ratio altura facial posterior\/altura facial anterior, el \u00e1ngulo sn-plano mandibular, el cono facial, la altura facial inferior y el \u00e1ngulo gon\u00edaco, todos los cuales ser\u00edan por tanto indicadores de especial utilidad en el diagn\u00f3stico del patr\u00f3n facial del paciente.  los par\u00e1metros cefalom\u00e9tricos esquel\u00e9ticos sagitales que expresaron nula (\u00e1ngulo anb, wits, base craneal anterior de bj\u00ed\u00b6rk-jarabak y longitud craneal anterior de ricketts) o muy baja determinaci\u00f3n (longitud mandibular de mcnamara) con la inclinaci\u00f3n del plano mandibular ser\u00edan par\u00e1metros de<\/p>\n<p>&nbsp;<\/p>\n<h3>Datos acad\u00e9micos de la tesis doctoral \u00ab<strong>Efecto de la dimensi\u00f3n vertical sobre diversos par\u00e1metros cefalom\u00e9tricos de naturaleza angular y lineal<\/strong>\u00ab<\/h3>\n<ul>\n<li><strong>T\u00edtulo de la tesis:<\/strong>\u00a0 Efecto de la dimensi\u00f3n vertical sobre diversos par\u00e1metros cefalom\u00e9tricos de naturaleza angular y lineal <\/li>\n<li><strong>Autor:<\/strong>\u00a0 Mar\u00eda Victoria Fuentes Fuentes <\/li>\n<li><strong>Universidad:<\/strong>\u00a0 Granada<\/li>\n<li><strong>Fecha de lectura de la tesis:<\/strong>\u00a0 25\/09\/2003<\/li>\n<\/ul>\n<p>&nbsp;<\/p>\n<h3>Direcci\u00f3n y tribunal<\/h3>\n<ul>\n<li><strong>Director de la tesis<\/strong>\n<ul>\n<li> Garc\u00eda Espona Juan  Ignacio<\/li>\n<\/ul>\n<\/li>\n<li><strong>Tribunal<\/strong>\n<ul>\n<li>Presidente del tribunal: joaqu\u00edn Travesi g\u00f3mez <\/li>\n<li>esther Nevado rodr\u00edguez (vocal)<\/li>\n<li>Mar\u00eda no Valderrama bonnet (vocal)<\/li>\n<li>Juan  Carlos Palma fernandez (vocal)<\/li>\n<\/ul>\n<\/li>\n<\/ul>\n<p>&nbsp;<\/p>\n","protected":false},"excerpt":{"rendered":"<p>Tesis doctoral de Mar\u00eda Victoria Fuentes Fuentes En el presente estudio se evalu\u00f3 la contribuci\u00f3n que el patr\u00f3n facial del [&hellip;]<\/p>\n","protected":false},"author":1,"featured_media":0,"comment_status":"open","ping_status":"open","sticky":false,"template":"","format":"standard","meta":{"site-sidebar-layout":"default","site-content-layout":"","ast-site-content-layout":"","site-content-style":"default","site-sidebar-style":"default","ast-global-header-display":"","ast-banner-title-visibility":"","ast-main-header-display":"","ast-hfb-above-header-display":"","ast-hfb-below-header-display":"","ast-hfb-mobile-header-display":"","site-post-title":"","ast-breadcrumbs-content":"","ast-featured-img":"","footer-sml-layout":"","theme-transparent-header-meta":"","adv-header-id-meta":"","stick-header-meta":"","header-above-stick-meta":"","header-main-stick-meta":"","header-below-stick-meta":"","astra-migrate-meta-layouts":"default","ast-page-background-enabled":"default","ast-page-background-meta":{"desktop":{"background-color":"var(--ast-global-color-4)","background-image":"","background-repeat":"repeat","background-position":"center center","background-size":"auto","background-attachment":"scroll","background-type":"","background-media":"","overlay-type":"","overlay-color":"","overlay-gradient":""},"tablet":{"background-color":"","background-image":"","background-repeat":"repeat","background-position":"center center","background-size":"auto","background-attachment":"scroll","background-type":"","background-media":"","overlay-type":"","overlay-color":"","overlay-gradient":""},"mobile":{"background-color":"","background-image":"","background-repeat":"repeat","background-position":"center center","background-size":"auto","background-attachment":"scroll","background-type":"","background-media":"","overlay-type":"","overlay-color":"","overlay-gradient":""}},"ast-content-background-meta":{"desktop":{"background-color":"var(--ast-global-color-5)","background-image":"","background-repeat":"repeat","background-position":"center center","background-size":"auto","background-attachment":"scroll","background-type":"","background-media":"","overlay-type":"","overlay-color":"","overlay-gradient":""},"tablet":{"background-color":"var(--ast-global-color-5)","background-image":"","background-repeat":"repeat","background-position":"center center","background-size":"auto","background-attachment":"scroll","background-type":"","background-media":"","overlay-type":"","overlay-color":"","overlay-gradient":""},"mobile":{"background-color":"var(--ast-global-color-5)","background-image":"","background-repeat":"repeat","background-position":"center center","background-size":"auto","background-attachment":"scroll","background-type":"","background-media":"","overlay-type":"","overlay-color":"","overlay-gradient":""}},"footnotes":""},"categories":[1],"tags":[74859,74858,21767,21769,3674,74857],"class_list":["post-25753","post","type-post","status-publish","format-standard","hentry","category-sin-categoria","tag-esther-nevado-rodriguez","tag-garcia-espona-juan-ignacio","tag-joaquin-travesi-gomez","tag-juan-carlos-palma-fernandez","tag-maria-no-valderrama-bonnet","tag-maria-victoria-fuentes-fuentes"],"_links":{"self":[{"href":"https:\/\/www.deberes.net\/tesis\/wp-json\/wp\/v2\/posts\/25753","targetHints":{"allow":["GET"]}}],"collection":[{"href":"https:\/\/www.deberes.net\/tesis\/wp-json\/wp\/v2\/posts"}],"about":[{"href":"https:\/\/www.deberes.net\/tesis\/wp-json\/wp\/v2\/types\/post"}],"author":[{"embeddable":true,"href":"https:\/\/www.deberes.net\/tesis\/wp-json\/wp\/v2\/users\/1"}],"replies":[{"embeddable":true,"href":"https:\/\/www.deberes.net\/tesis\/wp-json\/wp\/v2\/comments?post=25753"}],"version-history":[{"count":0,"href":"https:\/\/www.deberes.net\/tesis\/wp-json\/wp\/v2\/posts\/25753\/revisions"}],"wp:attachment":[{"href":"https:\/\/www.deberes.net\/tesis\/wp-json\/wp\/v2\/media?parent=25753"}],"wp:term":[{"taxonomy":"category","embeddable":true,"href":"https:\/\/www.deberes.net\/tesis\/wp-json\/wp\/v2\/categories?post=25753"},{"taxonomy":"post_tag","embeddable":true,"href":"https:\/\/www.deberes.net\/tesis\/wp-json\/wp\/v2\/tags?post=25753"}],"curies":[{"name":"wp","href":"https:\/\/api.w.org\/{rel}","templated":true}]}}