{"id":25788,"date":"2018-03-09T09:17:18","date_gmt":"2018-03-09T09:17:18","guid":{"rendered":"https:\/\/www.deberes.net\/tesis\/sin-categoria\/la-experiencia-subjetiva-de-sentido-y-su-relacion-con-variables-psicologicas-y-sociodemograficas\/"},"modified":"2018-03-09T09:17:18","modified_gmt":"2018-03-09T09:17:18","slug":"la-experiencia-subjetiva-de-sentido-y-su-relacion-con-variables-psicologicas-y-sociodemograficas","status":"publish","type":"post","link":"https:\/\/www.deberes.net\/tesis\/pontificia-comillas\/la-experiencia-subjetiva-de-sentido-y-su-relacion-con-variables-psicologicas-y-sociodemograficas\/","title":{"rendered":"La experiencia subjetiva de sentido y su relaci\u00f3n con variables psicologicas y sociodemogr\u00e1ficas"},"content":{"rendered":"<h2>Tesis doctoral de <strong> Rufino Jose Meana Peon <\/strong><\/h2>\n<p>Este trabajo de investigaci\u00f3n pretende profundizar en un tema que aparece constantemente en los m\u00e1s diversos an\u00e1lisis sociol\u00f3gicos d ela sociedad urbana occidental contempor\u00e1nea: la experiencia personal de que la vida posee (o no) sentido. Seg\u00fan se desprende de tales an\u00e1lisis, parece que vivimos en tiempos en los que hay una acusada dificultad para experimentar un sentido en la propia existencia. Desde este dato, nuestro objetivo es doble. Por un lado, definir la experiencia subjetiva de sentido, como experiencia antropol\u00f3gica com\u00fan y mensurable. Por otro lado, mostrar que existen algunas dimensione spsicol\u00f3gicas y sociodemogr\u00e1ficas que acompa\u00f1an muy estrechamente a la mencionada experiencia. Las variables psicol\u00f3gicas que hemos elegido son: fortaleza del yo, afrontamiento, habilidades relacionales, estabilidad emocional y algunos valores.  las variables sociodemogr\u00e1ficas son: edad, g\u00e9nero, nivel de estudios, profesi\u00f3n y estado civil. Nuestra meta es facilitar a profesionales de la psicoterapia y de la educaci\u00f3n caminos directos e indirectos -mediante el trabajo con las dimensiones mencionadas- que conduzcan a que las personas que lo necesiten mejoren su capacidad para vivir su existencia  con un sentido.<\/p>\n<p>&nbsp;<\/p>\n<h3>Datos acad\u00e9micos de la tesis doctoral \u00ab<strong>La experiencia subjetiva de sentido y su relaci\u00f3n con variables psicologicas y sociodemogr\u00e1ficas<\/strong>\u00ab<\/h3>\n<ul>\n<li><strong>T\u00edtulo de la tesis:<\/strong>\u00a0 La experiencia subjetiva de sentido y su relaci\u00f3n con variables psicologicas y sociodemogr\u00e1ficas <\/li>\n<li><strong>Autor:<\/strong>\u00a0 Rufino Jose Meana Peon <\/li>\n<li><strong>Universidad:<\/strong>\u00a0 Pontificia comillas<\/li>\n<li><strong>Fecha de lectura de la tesis:<\/strong>\u00a0 25\/09\/2003<\/li>\n<\/ul>\n<p>&nbsp;<\/p>\n<h3>Direcci\u00f3n y tribunal<\/h3>\n<ul>\n<li><strong>Director de la tesis<\/strong>\n<ul>\n<li>Pedro Morales Vallejo<\/li>\n<\/ul>\n<\/li>\n<li><strong>Tribunal<\/strong>\n<ul>\n<li>Presidente del tribunal: Jos\u00e9 Luis Pinillos d\u00edaz <\/li>\n<li>m\u00f3nica Rodriguez zafra (vocal)<\/li>\n<li>Francisco Vicente p\u00e9rez (vocal)<\/li>\n<li>Jos\u00e9 Mar\u00eda Fernandez-martos bermudez-ca\u00f1ete (vocal)<\/li>\n<\/ul>\n<\/li>\n<\/ul>\n<p>&nbsp;<\/p>\n","protected":false},"excerpt":{"rendered":"<p>Tesis doctoral de Rufino Jose Meana Peon Este trabajo de investigaci\u00f3n pretende profundizar en un tema que aparece constantemente en [&hellip;]<\/p>\n","protected":false},"author":1,"featured_media":0,"comment_status":"open","ping_status":"open","sticky":false,"template":"","format":"standard","meta":{"site-sidebar-layout":"default","site-content-layout":"","ast-site-content-layout":"","site-content-style":"default","site-sidebar-style":"default","ast-global-header-display":"","ast-banner-title-visibility":"","ast-main-header-display":"","ast-hfb-above-header-display":"","ast-hfb-below-header-display":"","ast-hfb-mobile-header-display":"","site-post-title":"","ast-breadcrumbs-content":"","ast-featured-img":"","footer-sml-layout":"","theme-transparent-header-meta":"","adv-header-id-meta":"","stick-header-meta":"","header-above-stick-meta":"","header-main-stick-meta":"","header-below-stick-meta":"","astra-migrate-meta-layouts":"default","ast-page-background-enabled":"default","ast-page-background-meta":{"desktop":{"background-color":"var(--ast-global-color-4)","background-image":"","background-repeat":"repeat","background-position":"center center","background-size":"auto","background-attachment":"scroll","background-type":"","background-media":"","overlay-type":"","overlay-color":"","overlay-gradient":""},"tablet":{"background-color":"","background-image":"","background-repeat":"repeat","background-position":"center center","background-size":"auto","background-attachment":"scroll","background-type":"","background-media":"","overlay-type":"","overlay-color":"","overlay-gradient":""},"mobile":{"background-color":"","background-image":"","background-repeat":"repeat","background-position":"center center","background-size":"auto","background-attachment":"scroll","background-type":"","background-media":"","overlay-type":"","overlay-color":"","overlay-gradient":""}},"ast-content-background-meta":{"desktop":{"background-color":"var(--ast-global-color-5)","background-image":"","background-repeat":"repeat","background-position":"center center","background-size":"auto","background-attachment":"scroll","background-type":"","background-media":"","overlay-type":"","overlay-color":"","overlay-gradient":""},"tablet":{"background-color":"var(--ast-global-color-5)","background-image":"","background-repeat":"repeat","background-position":"center center","background-size":"auto","background-attachment":"scroll","background-type":"","background-media":"","overlay-type":"","overlay-color":"","overlay-gradient":""},"mobile":{"background-color":"var(--ast-global-color-5)","background-image":"","background-repeat":"repeat","background-position":"center center","background-size":"auto","background-attachment":"scroll","background-type":"","background-media":"","overlay-type":"","overlay-color":"","overlay-gradient":""}},"footnotes":""},"categories":[18397],"tags":[74942,5135,63283,74941,18431,74940],"class_list":["post-25788","post","type-post","status-publish","format-standard","hentry","category-pontificia-comillas","tag-francisco-vicente-perez","tag-jose-luis-pinillos-diaz","tag-jose-maria-fernandez-martos-bermudez-canete","tag-monica-rodriguez-zafra","tag-pedro-morales-vallejo","tag-rufino-jose-meana-peon"],"_links":{"self":[{"href":"https:\/\/www.deberes.net\/tesis\/wp-json\/wp\/v2\/posts\/25788","targetHints":{"allow":["GET"]}}],"collection":[{"href":"https:\/\/www.deberes.net\/tesis\/wp-json\/wp\/v2\/posts"}],"about":[{"href":"https:\/\/www.deberes.net\/tesis\/wp-json\/wp\/v2\/types\/post"}],"author":[{"embeddable":true,"href":"https:\/\/www.deberes.net\/tesis\/wp-json\/wp\/v2\/users\/1"}],"replies":[{"embeddable":true,"href":"https:\/\/www.deberes.net\/tesis\/wp-json\/wp\/v2\/comments?post=25788"}],"version-history":[{"count":0,"href":"https:\/\/www.deberes.net\/tesis\/wp-json\/wp\/v2\/posts\/25788\/revisions"}],"wp:attachment":[{"href":"https:\/\/www.deberes.net\/tesis\/wp-json\/wp\/v2\/media?parent=25788"}],"wp:term":[{"taxonomy":"category","embeddable":true,"href":"https:\/\/www.deberes.net\/tesis\/wp-json\/wp\/v2\/categories?post=25788"},{"taxonomy":"post_tag","embeddable":true,"href":"https:\/\/www.deberes.net\/tesis\/wp-json\/wp\/v2\/tags?post=25788"}],"curies":[{"name":"wp","href":"https:\/\/api.w.org\/{rel}","templated":true}]}}