{"id":25834,"date":"2018-03-09T09:17:23","date_gmt":"2018-03-09T09:17:23","guid":{"rendered":"https:\/\/www.deberes.net\/tesis\/sin-categoria\/modelo-predictivo-de-intubacion-difa%c2%adcil-estudio-cefalometrico-y-radiografico\/"},"modified":"2018-03-09T09:17:23","modified_gmt":"2018-03-09T09:17:23","slug":"modelo-predictivo-de-intubacion-difa%c2%adcil-estudio-cefalometrico-y-radiografico","status":"publish","type":"post","link":"https:\/\/www.deberes.net\/tesis\/sin-categoria\/modelo-predictivo-de-intubacion-difa%c2%adcil-estudio-cefalometrico-y-radiografico\/","title":{"rendered":"Modelo predictivo de intubaci\u00f3n dif\u00edcil. estudio cefalom\u00e9trico y radiogr\u00e1fico"},"content":{"rendered":"<h2>Tesis doctoral de <strong> Pedro Julian Mayoral Sanz <\/strong><\/h2>\n<p>El manejo de la v\u00eda a\u00e9rea es una de las principales responsabilidades del anestesi\u00f3logo, ya que durante la anestesia quedan abolidos los mecanismos de compensacion respiratoria, y se produce un bloqueo de dicha v\u00eda. El anestesi\u00f3logo debe mantener permeable la v\u00eda a\u00e9rea mediante las distintas t\u00e9cnicas de intubaci\u00f3n. En ocasiones se encuentran dificultades a la hora de intubar, y esta situaci\u00f3n se denomina intubaci\u00f3n dif\u00edcil. Es frecuente, 3-37%, complicada de resolver y con graves consecuencias para el paciente, da\u00f1o cerebral o incluso la muerte. Los sistemas actuales de diagn\u00f3stico, test cl\u00ednicos y pruebas de diagn\u00f3stico por imagen, tienen hasta un 80% de fiabilidad y no predicen todos los casos.  bas\u00e1ndose en los trabajos y estudios cefalom\u00e9tricos de distintos autores, y ante la poca fiabilidad de los m\u00e9todos actuales de diagn\u00f3stico de la intubaci\u00f3n dif\u00edcil, se plantea la posibilidad de dise\u00f1ar un an\u00e1lisis cefalom\u00e9trico con medidas espec\u00edficas de la v\u00eda a\u00e9rea. Estas variables con los valores normales, tendr\u00edan la capacidad suficiente para predecir la intubaci\u00f3n dif\u00edcil.  se seleccionaron 50 pacientes a quienes se tomo radiograf\u00eda lateral de cara. Se analizo en detalle las estructuras anat\u00f3micas diferenciables en la radiograf\u00eda, se definieron y localizaron los puntos cefalom\u00e9tricos. se dise\u00f1o el an\u00e1lisis sobre las medidas de \u00e1ngulos y distancias siguiendo el trayecto de la intubaci\u00f3n con un total de 41 mediciones. Se dise\u00f1o y aplico el an\u00e1lisis estad\u00edstico conformado por cinco apartados: an\u00e1lisis descriptivo que permite analizar los resultados obtenidos; an\u00e1lisis comparativo en que se contrasta con los trabajos realizados por otros investigadores; matriz de correlaci\u00f3n que establece la correlaci\u00f3n entre las medidas ampliando la informaci\u00f3n de estas; an\u00e1lisis factorial que describe y amplia la informaci\u00f3n que dan las variables; an\u00e1lisis del error.  los resultados obtenidos confirman que<\/p>\n<p>&nbsp;<\/p>\n<h3>Datos acad\u00e9micos de la tesis doctoral \u00ab<strong>Modelo predictivo de intubaci\u00f3n dif\u00edcil. estudio cefalom\u00e9trico y radiogr\u00e1fico<\/strong>\u00ab<\/h3>\n<ul>\n<li><strong>T\u00edtulo de la tesis:<\/strong>\u00a0 Modelo predictivo de intubaci\u00f3n dif\u00edcil. estudio cefalom\u00e9trico y radiogr\u00e1fico <\/li>\n<li><strong>Autor:<\/strong>\u00a0 Pedro Julian Mayoral Sanz <\/li>\n<li><strong>Universidad:<\/strong>\u00a0 Complutense de Madrid<\/li>\n<li><strong>Fecha de lectura de la tesis:<\/strong>\u00a0 26\/09\/2003<\/li>\n<\/ul>\n<p>&nbsp;<\/p>\n<h3>Direcci\u00f3n y tribunal<\/h3>\n<ul>\n<li><strong>Director de la tesis<\/strong>\n<ul>\n<li>Carmen Gasco Garcia<\/li>\n<\/ul>\n<\/li>\n<li><strong>Tribunal<\/strong>\n<ul>\n<li>Presidente del tribunal: Francisco Lopez timoneda <\/li>\n<li>Francisco D\u00edaz gonz\u00e1lez (vocal)<\/li>\n<li>Jos\u00e9 Francisco L\u00f3pez lozano (vocal)<\/li>\n<li>raimundo Carlos garcia (vocal)<\/li>\n<\/ul>\n<\/li>\n<\/ul>\n<p>&nbsp;<\/p>\n","protected":false},"excerpt":{"rendered":"<p>Tesis doctoral de Pedro Julian Mayoral Sanz El manejo de la v\u00eda a\u00e9rea es una de las principales responsabilidades del [&hellip;]<\/p>\n","protected":false},"author":1,"featured_media":0,"comment_status":"open","ping_status":"open","sticky":false,"template":"","format":"standard","meta":{"site-sidebar-layout":"default","site-content-layout":"","ast-site-content-layout":"","site-content-style":"default","site-sidebar-style":"default","ast-global-header-display":"","ast-banner-title-visibility":"","ast-main-header-display":"","ast-hfb-above-header-display":"","ast-hfb-below-header-display":"","ast-hfb-mobile-header-display":"","site-post-title":"","ast-breadcrumbs-content":"","ast-featured-img":"","footer-sml-layout":"","theme-transparent-header-meta":"","adv-header-id-meta":"","stick-header-meta":"","header-above-stick-meta":"","header-main-stick-meta":"","header-below-stick-meta":"","astra-migrate-meta-layouts":"default","ast-page-background-enabled":"default","ast-page-background-meta":{"desktop":{"background-color":"var(--ast-global-color-4)","background-image":"","background-repeat":"repeat","background-position":"center center","background-size":"auto","background-attachment":"scroll","background-type":"","background-media":"","overlay-type":"","overlay-color":"","overlay-gradient":""},"tablet":{"background-color":"","background-image":"","background-repeat":"repeat","background-position":"center center","background-size":"auto","background-attachment":"scroll","background-type":"","background-media":"","overlay-type":"","overlay-color":"","overlay-gradient":""},"mobile":{"background-color":"","background-image":"","background-repeat":"repeat","background-position":"center center","background-size":"auto","background-attachment":"scroll","background-type":"","background-media":"","overlay-type":"","overlay-color":"","overlay-gradient":""}},"ast-content-background-meta":{"desktop":{"background-color":"var(--ast-global-color-5)","background-image":"","background-repeat":"repeat","background-position":"center center","background-size":"auto","background-attachment":"scroll","background-type":"","background-media":"","overlay-type":"","overlay-color":"","overlay-gradient":""},"tablet":{"background-color":"var(--ast-global-color-5)","background-image":"","background-repeat":"repeat","background-position":"center center","background-size":"auto","background-attachment":"scroll","background-type":"","background-media":"","overlay-type":"","overlay-color":"","overlay-gradient":""},"mobile":{"background-color":"var(--ast-global-color-5)","background-image":"","background-repeat":"repeat","background-position":"center center","background-size":"auto","background-attachment":"scroll","background-type":"","background-media":"","overlay-type":"","overlay-color":"","overlay-gradient":""}},"footnotes":""},"categories":[1],"tags":[5898,33676,5896,22934,75050,3583],"class_list":["post-25834","post","type-post","status-publish","format-standard","hentry","category-sin-categoria","tag-carmen-gasco-garcia","tag-francisco-diaz-gonzalez","tag-francisco-lopez-timoneda","tag-jose-francisco-lopez-lozano","tag-pedro-julian-mayoral-sanz","tag-raimundo-carlos-garcia"],"_links":{"self":[{"href":"https:\/\/www.deberes.net\/tesis\/wp-json\/wp\/v2\/posts\/25834","targetHints":{"allow":["GET"]}}],"collection":[{"href":"https:\/\/www.deberes.net\/tesis\/wp-json\/wp\/v2\/posts"}],"about":[{"href":"https:\/\/www.deberes.net\/tesis\/wp-json\/wp\/v2\/types\/post"}],"author":[{"embeddable":true,"href":"https:\/\/www.deberes.net\/tesis\/wp-json\/wp\/v2\/users\/1"}],"replies":[{"embeddable":true,"href":"https:\/\/www.deberes.net\/tesis\/wp-json\/wp\/v2\/comments?post=25834"}],"version-history":[{"count":0,"href":"https:\/\/www.deberes.net\/tesis\/wp-json\/wp\/v2\/posts\/25834\/revisions"}],"wp:attachment":[{"href":"https:\/\/www.deberes.net\/tesis\/wp-json\/wp\/v2\/media?parent=25834"}],"wp:term":[{"taxonomy":"category","embeddable":true,"href":"https:\/\/www.deberes.net\/tesis\/wp-json\/wp\/v2\/categories?post=25834"},{"taxonomy":"post_tag","embeddable":true,"href":"https:\/\/www.deberes.net\/tesis\/wp-json\/wp\/v2\/tags?post=25834"}],"curies":[{"name":"wp","href":"https:\/\/api.w.org\/{rel}","templated":true}]}}