{"id":25850,"date":"2018-03-09T09:17:24","date_gmt":"2018-03-09T09:17:24","guid":{"rendered":"https:\/\/www.deberes.net\/tesis\/sin-categoria\/un-reencuentro-con-la-razon-propuesta-de-un-modelo-de-arte-academico\/"},"modified":"2018-03-09T09:17:24","modified_gmt":"2018-03-09T09:17:24","slug":"un-reencuentro-con-la-razon-propuesta-de-un-modelo-de-arte-academico","status":"publish","type":"post","link":"https:\/\/www.deberes.net\/tesis\/la-laguna\/un-reencuentro-con-la-razon-propuesta-de-un-modelo-de-arte-academico\/","title":{"rendered":"Un reencuentro con la raz\u00f3n: propuesta de un modelo de arte acad\u00e9mico"},"content":{"rendered":"<h2>Tesis doctoral de <strong> Ramiro Carrillo Fern\u00e1ndez <\/strong><\/h2>\n<p>Actualizaci\u00f3n y reelaboraci\u00f3n de la idea de arte acad\u00e9mico desde la cr\u00edtica del romanticismo como paradigma fundamental para el arte de la modernidad y en especial del arte del siglo xx. Se propone entonces una idea renovada de arte acad\u00e9mico como modelo para la creaci\u00f3n art\u00edstica contempor\u00e1nea.<\/p>\n<p>&nbsp;<\/p>\n<h3>Datos acad\u00e9micos de la tesis doctoral \u00ab<strong>Un reencuentro con la raz\u00f3n: propuesta de un modelo de arte acad\u00e9mico<\/strong>\u00ab<\/h3>\n<ul>\n<li><strong>T\u00edtulo de la tesis:<\/strong>\u00a0 Un reencuentro con la raz\u00f3n: propuesta de un modelo de arte acad\u00e9mico <\/li>\n<li><strong>Autor:<\/strong>\u00a0 Ramiro Carrillo Fern\u00e1ndez <\/li>\n<li><strong>Universidad:<\/strong>\u00a0 La laguna<\/li>\n<li><strong>Fecha de lectura de la tesis:<\/strong>\u00a0 26\/09\/2003<\/li>\n<\/ul>\n<p>&nbsp;<\/p>\n<h3>Direcci\u00f3n y tribunal<\/h3>\n<ul>\n<li><strong>Director de la tesis<\/strong>\n<ul>\n<li>Ramon Salas Lamamie De Clairac<\/li>\n<\/ul>\n<\/li>\n<li><strong>Tribunal<\/strong>\n<ul>\n<li>Presidente del tribunal: Juan  jose Gomez molina <\/li>\n<li>Fernando Castro borrego (vocal)<\/li>\n<li>lino Cabezas galabert (vocal)<\/li>\n<li>angel victor Molla roman (vocal)<\/li>\n<\/ul>\n<\/li>\n<\/ul>\n<p>&nbsp;<\/p>\n","protected":false},"excerpt":{"rendered":"<p>Tesis doctoral de Ramiro Carrillo Fern\u00e1ndez Actualizaci\u00f3n y reelaboraci\u00f3n de la idea de arte acad\u00e9mico desde la cr\u00edtica del romanticismo [&hellip;]<\/p>\n","protected":false},"author":1,"featured_media":0,"comment_status":"open","ping_status":"open","sticky":false,"template":"","format":"standard","meta":{"site-sidebar-layout":"default","site-content-layout":"","ast-site-content-layout":"","site-content-style":"default","site-sidebar-style":"default","ast-global-header-display":"","ast-banner-title-visibility":"","ast-main-header-display":"","ast-hfb-above-header-display":"","ast-hfb-below-header-display":"","ast-hfb-mobile-header-display":"","site-post-title":"","ast-breadcrumbs-content":"","ast-featured-img":"","footer-sml-layout":"","theme-transparent-header-meta":"","adv-header-id-meta":"","stick-header-meta":"","header-above-stick-meta":"","header-main-stick-meta":"","header-below-stick-meta":"","astra-migrate-meta-layouts":"default","ast-page-background-enabled":"default","ast-page-background-meta":{"desktop":{"background-color":"var(--ast-global-color-4)","background-image":"","background-repeat":"repeat","background-position":"center center","background-size":"auto","background-attachment":"scroll","background-type":"","background-media":"","overlay-type":"","overlay-color":"","overlay-gradient":""},"tablet":{"background-color":"","background-image":"","background-repeat":"repeat","background-position":"center center","background-size":"auto","background-attachment":"scroll","background-type":"","background-media":"","overlay-type":"","overlay-color":"","overlay-gradient":""},"mobile":{"background-color":"","background-image":"","background-repeat":"repeat","background-position":"center center","background-size":"auto","background-attachment":"scroll","background-type":"","background-media":"","overlay-type":"","overlay-color":"","overlay-gradient":""}},"ast-content-background-meta":{"desktop":{"background-color":"var(--ast-global-color-5)","background-image":"","background-repeat":"repeat","background-position":"center center","background-size":"auto","background-attachment":"scroll","background-type":"","background-media":"","overlay-type":"","overlay-color":"","overlay-gradient":""},"tablet":{"background-color":"var(--ast-global-color-5)","background-image":"","background-repeat":"repeat","background-position":"center center","background-size":"auto","background-attachment":"scroll","background-type":"","background-media":"","overlay-type":"","overlay-color":"","overlay-gradient":""},"mobile":{"background-color":"var(--ast-global-color-5)","background-image":"","background-repeat":"repeat","background-position":"center center","background-size":"auto","background-attachment":"scroll","background-type":"","background-media":"","overlay-type":"","overlay-color":"","overlay-gradient":""}},"footnotes":""},"categories":[9915],"tags":[55364,10456,9437,75086,75085,10453],"class_list":["post-25850","post","type-post","status-publish","format-standard","hentry","category-la-laguna","tag-angel-victor-molla-roman","tag-fernando-castro-borrego","tag-juan-jose-gomez-molina","tag-lino-cabezas-galabert","tag-ramiro-carrillo-fernandez","tag-ramon-salas-lamamie-de-clairac"],"_links":{"self":[{"href":"https:\/\/www.deberes.net\/tesis\/wp-json\/wp\/v2\/posts\/25850","targetHints":{"allow":["GET"]}}],"collection":[{"href":"https:\/\/www.deberes.net\/tesis\/wp-json\/wp\/v2\/posts"}],"about":[{"href":"https:\/\/www.deberes.net\/tesis\/wp-json\/wp\/v2\/types\/post"}],"author":[{"embeddable":true,"href":"https:\/\/www.deberes.net\/tesis\/wp-json\/wp\/v2\/users\/1"}],"replies":[{"embeddable":true,"href":"https:\/\/www.deberes.net\/tesis\/wp-json\/wp\/v2\/comments?post=25850"}],"version-history":[{"count":0,"href":"https:\/\/www.deberes.net\/tesis\/wp-json\/wp\/v2\/posts\/25850\/revisions"}],"wp:attachment":[{"href":"https:\/\/www.deberes.net\/tesis\/wp-json\/wp\/v2\/media?parent=25850"}],"wp:term":[{"taxonomy":"category","embeddable":true,"href":"https:\/\/www.deberes.net\/tesis\/wp-json\/wp\/v2\/categories?post=25850"},{"taxonomy":"post_tag","embeddable":true,"href":"https:\/\/www.deberes.net\/tesis\/wp-json\/wp\/v2\/tags?post=25850"}],"curies":[{"name":"wp","href":"https:\/\/api.w.org\/{rel}","templated":true}]}}