{"id":25895,"date":"2018-03-09T09:17:28","date_gmt":"2018-03-09T09:17:28","guid":{"rendered":"https:\/\/www.deberes.net\/tesis\/sin-categoria\/formacion-psicologica-del-docente-y-practica-educativa-en-contextos-escolares\/"},"modified":"2018-03-09T09:17:28","modified_gmt":"2018-03-09T09:17:28","slug":"formacion-psicologica-del-docente-y-practica-educativa-en-contextos-escolares","status":"publish","type":"post","link":"https:\/\/www.deberes.net\/tesis\/jaen\/formacion-psicologica-del-docente-y-practica-educativa-en-contextos-escolares\/","title":{"rendered":"Formaci\u00f3n psicol\u00f3gica del docente y pr\u00e1ctica educativa en contextos escolares"},"content":{"rendered":"<h2>Tesis doctoral de <strong>  Torre Cruz Manuel Jes\u00fas De La <\/strong><\/h2>\n<p>Durante la \u00faltima d\u00e9cada, la investigaci\u00f3n psicoeducativa ha centrado su inter\u00e9s en la influencia que la disciplina de la psicolog\u00eda de la educaci\u00f3n tiene sobre el conocimiento de contenido psicol\u00f3gico y al puesta en pr\u00e1ctica de un conjunto de actuaciones de ense\u00f1anza llevada a cabo por docentes en ejercicio y aspirantes en formaci\u00f3n. Nuestros objetivos de estudio se han centrado en analizar el saber de contenido psicol\u00f3gico de ambos grupos considerados acerca de una serie de nociones y principios extra\u00eddos de las teor\u00edas conductuales y cognitivas del aprendizaje humano y la motivaci\u00f3n as\u00ed como, la frecuencia o asiduidad con la que afirman poner en pr\u00e1ctica un conjunto de actuaciones educativas. Los instrumentos elaborados han recibido la denominaci\u00f3n de \u00abcuestionario de conocimiento de contenido psicol\u00f3gico del profesor\u00bb y \u00abescala de actuaci\u00f3n docente en el aula\u00bb. Adem\u00e1s, se adapt\u00f3 al castellano la \u00abescala de eficacia docente\u00bb de guskey y passaro (1994) y la dimensi\u00f3n \u00abeficacia en la gesti\u00f3n y control\u00bb de la \u00abescala de eficacia docente\u00bb propuesta por emmer e hickman (1991). La muestra de estudio estuvo compuesta por 941 pacientes divididos en tres grupos bien delimitados: profesores en activo en los niveles de educaci\u00f3n infantil y primaria (291); aspirantes en formaci\u00f3n en esos mismos grados educativos (365) y; alumnos c.A.P. (285). Los resultados obtenidos en nuestro estudio ha puesto de manifiesto, entre otros aspectos, una superioridad en el nivel de conocimiento de esta naturaleza favorable al grupo de docentes en activo. asimismo, se ha obtenido un efecto interactivo entre el plan de estudios en el que los profesores alcanzaron su titulaci\u00f3n y el per\u00edodo de formaci\u00f3n adicional crusado en contenidos de car\u00e1cter psicol\u00f3gico.  de este modo, la mayor cantidad de ense\u00f1anzas permanentes aumentaba el nivel de conocimiento de los profesores titulados en planes de estudios m\u00e1s recientes (1971, 1991), al tiempo<\/p>\n<p>&nbsp;<\/p>\n<h3>Datos acad\u00e9micos de la tesis doctoral \u00ab<strong>Formaci\u00f3n psicol\u00f3gica del docente y pr\u00e1ctica educativa en contextos escolares<\/strong>\u00ab<\/h3>\n<ul>\n<li><strong>T\u00edtulo de la tesis:<\/strong>\u00a0 Formaci\u00f3n psicol\u00f3gica del docente y pr\u00e1ctica educativa en contextos escolares <\/li>\n<li><strong>Autor:<\/strong>\u00a0  Torre Cruz Manuel Jes\u00fas De La <\/li>\n<li><strong>Universidad:<\/strong>\u00a0 Ja\u00e9n<\/li>\n<li><strong>Fecha de lectura de la tesis:<\/strong>\u00a0 26\/09\/2003<\/li>\n<\/ul>\n<p>&nbsp;<\/p>\n<h3>Direcci\u00f3n y tribunal<\/h3>\n<ul>\n<li><strong>Director de la tesis<\/strong>\n<ul>\n<li>Pedro F\u00e9lix Casanova Arias<\/li>\n<\/ul>\n<\/li>\n<li><strong>Tribunal<\/strong>\n<ul>\n<li>Presidente del tribunal: fernando Justicia justicia <\/li>\n<li>marcelo Carmona fernandez (vocal)<\/li>\n<li>Francisco Miras mart\u00ednez (vocal)<\/li>\n<li>eduardo Justo mart\u00ednez (vocal)<\/li>\n<\/ul>\n<\/li>\n<\/ul>\n<p>&nbsp;<\/p>\n","protected":false},"excerpt":{"rendered":"<p>Tesis doctoral de Torre Cruz Manuel Jes\u00fas De La Durante la \u00faltima d\u00e9cada, la investigaci\u00f3n psicoeducativa ha centrado su inter\u00e9s [&hellip;]<\/p>\n","protected":false},"author":1,"featured_media":0,"comment_status":"open","ping_status":"open","sticky":false,"template":"","format":"standard","meta":{"site-sidebar-layout":"default","site-content-layout":"","ast-site-content-layout":"","site-content-style":"default","site-sidebar-style":"default","ast-global-header-display":"","ast-banner-title-visibility":"","ast-main-header-display":"","ast-hfb-above-header-display":"","ast-hfb-below-header-display":"","ast-hfb-mobile-header-display":"","site-post-title":"","ast-breadcrumbs-content":"","ast-featured-img":"","footer-sml-layout":"","theme-transparent-header-meta":"","adv-header-id-meta":"","stick-header-meta":"","header-above-stick-meta":"","header-main-stick-meta":"","header-below-stick-meta":"","astra-migrate-meta-layouts":"default","ast-page-background-enabled":"default","ast-page-background-meta":{"desktop":{"background-color":"var(--ast-global-color-4)","background-image":"","background-repeat":"repeat","background-position":"center center","background-size":"auto","background-attachment":"scroll","background-type":"","background-media":"","overlay-type":"","overlay-color":"","overlay-gradient":""},"tablet":{"background-color":"","background-image":"","background-repeat":"repeat","background-position":"center center","background-size":"auto","background-attachment":"scroll","background-type":"","background-media":"","overlay-type":"","overlay-color":"","overlay-gradient":""},"mobile":{"background-color":"","background-image":"","background-repeat":"repeat","background-position":"center center","background-size":"auto","background-attachment":"scroll","background-type":"","background-media":"","overlay-type":"","overlay-color":"","overlay-gradient":""}},"ast-content-background-meta":{"desktop":{"background-color":"var(--ast-global-color-5)","background-image":"","background-repeat":"repeat","background-position":"center center","background-size":"auto","background-attachment":"scroll","background-type":"","background-media":"","overlay-type":"","overlay-color":"","overlay-gradient":""},"tablet":{"background-color":"var(--ast-global-color-5)","background-image":"","background-repeat":"repeat","background-position":"center center","background-size":"auto","background-attachment":"scroll","background-type":"","background-media":"","overlay-type":"","overlay-color":"","overlay-gradient":""},"mobile":{"background-color":"var(--ast-global-color-5)","background-image":"","background-repeat":"repeat","background-position":"center center","background-size":"auto","background-attachment":"scroll","background-type":"","background-media":"","overlay-type":"","overlay-color":"","overlay-gradient":""}},"footnotes":""},"categories":[18923],"tags":[75209,4266,21713,45457,48815,75208],"class_list":["post-25895","post","type-post","status-publish","format-standard","hentry","category-jaen","tag-eduardo-justo-Martinez","tag-fernando-justicia-justicia","tag-francisco-miras-Martinez","tag-marcelo-carmona-fernandez","tag-pedro-felix-casanova-arias","tag-torre-cruz-manuel-jesus-de-la"],"_links":{"self":[{"href":"https:\/\/www.deberes.net\/tesis\/wp-json\/wp\/v2\/posts\/25895","targetHints":{"allow":["GET"]}}],"collection":[{"href":"https:\/\/www.deberes.net\/tesis\/wp-json\/wp\/v2\/posts"}],"about":[{"href":"https:\/\/www.deberes.net\/tesis\/wp-json\/wp\/v2\/types\/post"}],"author":[{"embeddable":true,"href":"https:\/\/www.deberes.net\/tesis\/wp-json\/wp\/v2\/users\/1"}],"replies":[{"embeddable":true,"href":"https:\/\/www.deberes.net\/tesis\/wp-json\/wp\/v2\/comments?post=25895"}],"version-history":[{"count":0,"href":"https:\/\/www.deberes.net\/tesis\/wp-json\/wp\/v2\/posts\/25895\/revisions"}],"wp:attachment":[{"href":"https:\/\/www.deberes.net\/tesis\/wp-json\/wp\/v2\/media?parent=25895"}],"wp:term":[{"taxonomy":"category","embeddable":true,"href":"https:\/\/www.deberes.net\/tesis\/wp-json\/wp\/v2\/categories?post=25895"},{"taxonomy":"post_tag","embeddable":true,"href":"https:\/\/www.deberes.net\/tesis\/wp-json\/wp\/v2\/tags?post=25895"}],"curies":[{"name":"wp","href":"https:\/\/api.w.org\/{rel}","templated":true}]}}